{"id":643720,"date":"2026-01-06T01:25:10","date_gmt":"2026-01-06T01:25:10","guid":{"rendered":"https:\/\/www.europesays.com\/fr\/643720\/"},"modified":"2026-01-06T01:25:10","modified_gmt":"2026-01-06T01:25:10","slug":"lg-oled-w6-le-televiseur-incroyablement-fin-sans-fil-et-sans-reflet-presente-par-lg-au-ces","status":"publish","type":"post","link":"https:\/\/www.europesays.com\/fr\/643720\/","title":{"rendered":"LG OLED W6 : le t\u00e9l\u00e9viseur incroyablement fin, sans-fil, et sans reflet pr\u00e9sent\u00e9 par LG au CES"},"content":{"rendered":"<p class=\"ed__a-p ed__bdy__l\"><img loading=\"lazy\" decoding=\"async\" src=\"data:image\/svg+xml,%3Csvg xmlns='http:\/\/www.w3.org\/2000\/svg'%3E%3C\/svg%3E\" draggable=\"false\" width=\"2334\" height=\"1554\" class=\"ed__title-xxs\" alt=\"Le nouvel Oled W6.\" style=\"background-color: #f2f2f2; aspect-ratio:2334\/1554;\"\/><\/p>\n<p class=\"ed__a-p ed__bdy__l\">Au CES 2026, LG vient d\u2019annoncer son nouveau porte-\u00e9tendard, un t\u00e9l\u00e9viseur OLED exceptionnel. Si la gamme M constituait les mod\u00e8les les plus chers chez LG, avec un design sans-fil gr\u00e2ce \u00e0 un bo\u00eetier d\u00e9port\u00e9 Zero Connect, 2026 marque un tournant puisque la s\u00e9rie M se voit remplacer par une nouvelle s\u00e9rie W. Le W6 entend proposer encore une fois une prestation tr\u00e8s haut de gamme avec un design \u201cwallpaper\u201d ultra fin (moins d\u20191 cm) et une configuration sans aucun c\u00e2bles.<\/p>\n<p>            Publicit\u00e9, votre contenu continue ci-dessous<\/p>\n<p>            Publicit\u00e9<\/p>\n<p class=\"ed__a-p ed__bdy__l\">Gr\u00e2ce \u00e0 une refonte compl\u00e8te de l\u2019architecture interne et \u00e0 une miniaturisation pouss\u00e9e des composants, le t\u00e9l\u00e9viseur affiche une \u00e9paisseur d\u2019environ 9 mm seulement. R\u00e9sultat : une dalle incroyablement fine, l\u00e9g\u00e8re et \u00e9l\u00e9gante, qui peut se mettre au mur et s\u2019int\u00e9grer plus facilement dans un salon.<\/p>\n<p class=\"ed__a-p ed__bdy__l\">Le nouveau syst\u00e8me de fixation murale a \u00e9galement \u00e9t\u00e9 revu. Il permet au t\u00e9l\u00e9viseur de coller parfaitement au mur, bord \u00e0 bord, sans espace visible, renfor\u00e7ant encore cette impression \u201cwallpaper\u201d ch\u00e8re \u00e0 LG.<\/p>\n<p class=\"ed__a-p ed__bdy__l\"><img loading=\"lazy\" decoding=\"async\" src=\"data:image\/svg+xml,%3Csvg xmlns='http:\/\/www.w3.org\/2000\/svg'%3E%3C\/svg%3E\" draggable=\"false\" width=\"2330\" height=\"1552\" class=\"ed__title-xxs\" alt=\"\" style=\"background-color: #f2f2f2; aspect-ratio:2330\/1552;\"\/><\/p>\n<p>True Wireless : plus aucun c\u00e2ble visible<\/p>\n<p class=\"ed__a-p ed__bdy__l\">Le bo\u00eetier sans-fil Zero Connect \u00e9tait d\u00e9j\u00e0 disponible sur les s\u00e9ries M des ann\u00e9es pass\u00e9es et on le retrouve ici encore une fois. Tous les branchements (HDMI, consoles, box, lecteur Blu-ray\u2026) sont donc d\u00e9port\u00e9s dans la Zero Connect Box, un bo\u00eetier externe pouvant \u00eatre plac\u00e9 jusqu\u2019\u00e0 10 m\u00e8tres du t\u00e9l\u00e9viseur. L\u2019image 4K et le son sont transmis sans fil, avec une qualit\u00e9 annonc\u00e9e comme visuellement sans perte.<\/p>\n<p>Hyper Radiant Color : l\u2019OLED plus lumineux et dans reflet<\/p>\n<p class=\"ed__a-p ed__bdy__l\">Pour accompagner ce design, LG a \u00e9galement introduit sa nouvelle Hyper Radiant Color Technology, destin\u00e9e \u00e0 am\u00e9liorer la luminosit\u00e9, les couleurs et les noirs de ses t\u00e9l\u00e9viseurs, tout en r\u00e9duisant les reflets.<\/p>\n<p>            Publicit\u00e9, votre contenu continue ci-dessous<\/p>\n<p>            Publicit\u00e9<\/p>\n<p class=\"ed__a-p ed__bdy__l\">LG annonce la dalle la moins r\u00e9fl\u00e9chissante jamais vue sur un t\u00e9l\u00e9viseur de la marque, avec une certification. De quoi profiter pleinement de noirs parfaits, m\u00eame en conditions lumineuses, une r\u00e9ponse \u00e0 Samsung et son rev\u00eatement antireflet qui peut avoir quelques probl\u00e8mes de profondeur des noirs en plein jour. Nous v\u00e9rifierons bien s\u00fbr si la gestion des reflets est en effet efficace lors de nos tests.<\/p>\n<p class=\"ed__a-p ed__bdy__l\"><img loading=\"lazy\" decoding=\"async\" src=\"data:image\/svg+xml,%3Csvg xmlns='http:\/\/www.w3.org\/2000\/svg'%3E%3C\/svg%3E\" draggable=\"false\" width=\"2328\" height=\"1554\" class=\"ed__title-xxs\" alt=\"\" style=\"background-color: #f2f2f2; aspect-ratio:2328\/1554;\"\/><\/p>\n<p>LG Gallery+ : une galerie d\u2019art fa\u00e7on The Frame<\/p>\n<p class=\"ed__a-p ed__bdy__l\">Avec LG Gallery+, le Wallpaper TV devient aussi un \u00e9l\u00e9ment de d\u00e9coration fa\u00e7on tableau puisque le service donne acc\u00e8s \u00e0 plus de 4 500 visuels (\u0153uvres artistiques, sc\u00e8nes de films, visuels gaming), mais aussi aux photos personnelles de l\u2019utilisateur et \u00e0 des images g\u00e9n\u00e9r\u00e9es par IA si l&rsquo;envie vous prenait. LG propose ainsi un \u00e9quivalent de ce qu\u2019offre Samsung sur certains t\u00e9l\u00e9viseurs dont The Frame. Tout comme chez Samsung, le service sera malheureusement payant.<\/p>\n<p>Un s\u00e9rieux argument pour les gamers<\/p>\n<p class=\"ed__a-p ed__bdy__l\">Malgr\u00e9 son positionnement ultra design, l\u2019OLED evo W6 n\u2019oublie pas les joueurs. Comme les autres mod\u00e8les OLED evo 2026, il prend en charge un rafra\u00eechissement jusqu\u2019\u00e0 4K 165 Hz, la compatibilit\u00e9 Nvidi G-Sync, AMD FreeSync Premium, ainsi qu\u2019un temps de r\u00e9ponse ultra rapide.<\/p>\n<p class=\"ed__a-p ed__bdy__l\">Un t\u00e9l\u00e9viseur all\u00e9chant sur le papier, qui sera sans doute un des meilleurs de l\u2019ann\u00e9e. Reste d\u00e9sormais \u00e0 conna\u00eetre les tailles disponibles, sa date de sortie et surtout son prix, qui devraient logiquement le r\u00e9server \u00e0 une client\u00e8le tr\u00e8s premium\u2026<\/p>\n<p>            Publicit\u00e9, votre contenu continue ci-dessous<\/p>\n<p>            Publicit\u00e9<\/p>\n<p class=\"ed__a-p ed__bdy__l\">Envie de faire encore plus d&rsquo;\u00e9conomies ? D\u00e9couvrez <a href=\"https:\/\/www.lesnumeriques.com\/codes-promo.html\" target=\"_blank\" rel=\"noopener\">nos codes promo<\/a> s\u00e9lectionn\u00e9s pour vous.<\/p>\n","protected":false},"excerpt":{"rendered":"Au CES 2026, LG vient d\u2019annoncer son nouveau porte-\u00e9tendard, un t\u00e9l\u00e9viseur OLED exceptionnel. Si la gamme M constituait&hellip;\n","protected":false},"author":2,"featured_media":643721,"comment_status":"","ping_status":"","sticky":false,"template":"","format":"standard","meta":{"footnotes":""},"categories":[7],"tags":[1011,27,43,40,41,39,42,44],"class_list":{"0":"post-643720","1":"post","2":"type-post","3":"status-publish","4":"format-standard","5":"has-post-thumbnail","7":"category-sciences-et-technologies","8":"tag-fr","9":"tag-france","10":"tag-science","11":"tag-science-and-technology","12":"tag-sciences","13":"tag-sciences-et-technologies","14":"tag-technologies","15":"tag-technology"},"share_on_mastodon":{"url":"https:\/\/pubeurope.com\/@fr\/115845550826049547","error":""},"_links":{"self":[{"href":"https:\/\/www.europesays.com\/fr\/wp-json\/wp\/v2\/posts\/643720","targetHints":{"allow":["GET"]}}],"collection":[{"href":"https:\/\/www.europesays.com\/fr\/wp-json\/wp\/v2\/posts"}],"about":[{"href":"https:\/\/www.europesays.com\/fr\/wp-json\/wp\/v2\/types\/post"}],"author":[{"embeddable":true,"href":"https:\/\/www.europesays.com\/fr\/wp-json\/wp\/v2\/users\/2"}],"replies":[{"embeddable":true,"href":"https:\/\/www.europesays.com\/fr\/wp-json\/wp\/v2\/comments?post=643720"}],"version-history":[{"count":0,"href":"https:\/\/www.europesays.com\/fr\/wp-json\/wp\/v2\/posts\/643720\/revisions"}],"wp:featuredmedia":[{"embeddable":true,"href":"https:\/\/www.europesays.com\/fr\/wp-json\/wp\/v2\/media\/643721"}],"wp:attachment":[{"href":"https:\/\/www.europesays.com\/fr\/wp-json\/wp\/v2\/media?parent=643720"}],"wp:term":[{"taxonomy":"category","embeddable":true,"href":"https:\/\/www.europesays.com\/fr\/wp-json\/wp\/v2\/categories?post=643720"},{"taxonomy":"post_tag","embeddable":true,"href":"https:\/\/www.europesays.com\/fr\/wp-json\/wp\/v2\/tags?post=643720"}],"curies":[{"name":"wp","href":"https:\/\/api.w.org\/{rel}","templated":true}]}}