{"id":643724,"date":"2026-01-06T01:27:15","date_gmt":"2026-01-06T01:27:15","guid":{"rendered":"https:\/\/www.europesays.com\/fr\/643724\/"},"modified":"2026-01-06T01:27:15","modified_gmt":"2026-01-06T01:27:15","slug":"la-suisse-gele-les-avoirs-de-maduro-apres-sa-capture-par-les-usa-05-01-2026-a-1631","status":"publish","type":"post","link":"https:\/\/www.europesays.com\/fr\/643724\/","title":{"rendered":"La Suisse g\u00e8le les avoirs de Maduro apr\u00e8s sa capture par les USA &#8211; 05\/01\/2026 \u00e0 16:31"},"content":{"rendered":"<p>        <img decoding=\"async\" src=\"https:\/\/www.europesays.com\/fr\/wp-content\/uploads\/2026\/01\/a7c36029eb47514893d0f0bb9e91ac12-760x543.jpg\" alt=\"Comparution initiale du pr\u00e9sident v\u00e9n\u00e9zu\u00e9lien Nicolas Maduro devant les autorit\u00e9s f\u00e9d\u00e9rales am\u00e9ricaines, \u00e0 Manhattan\" loading=\"eager\" fetchpriority=\"high\" width=\"760\" height=\"543\" style=\"max-width: 100%!important; height: auto;\"\/><\/p>\n<p class=\"c-image-news__legend\">Comparution initiale du pr\u00e9sident v\u00e9n\u00e9zu\u00e9lien Nicolas Maduro devant les autorit\u00e9s f\u00e9d\u00e9rales am\u00e9ricaines, \u00e0 Manhattan<\/p>\n<p>\n ZURICH, 5 janvier &#8211; La Suisse a d\u00e9cid\u00e9 lundi de bloquer avec effet imm\u00e9diat les \u00e9ventuels avoirs en Suisse de \u200dNicolas Maduro et d\u2019autres personnes qui lui sont li\u00e9es, apr\u00e8s la capture du pr\u00e9sident v\u00e9n\u00e9zu\u00e9lien par les forces sp\u00e9ciales am\u00e9ricaines dans la nuit de vendredi \u00e0 \u200csamedi et sa d\u00e9tention aux \u00c9tats-Unis.\n<\/p>\n<p>\n Le Conseil f\u00e9d\u00e9ral, organe ex\u00e9cutif de la Conf\u00e9d\u00e9ration suisse, d\u00e9clare dans un communiqu\u00e9 vouloir s\u2019assurer que d\u2019\u00e9ventuels \u200bactifs acquis de mani\u00e8re illicite ne puissent pas quitter le pays.\n<\/p>\n<p>\n La mesure, \u2060qui ne concerne aucun membre du gouvernement v\u00e9n\u00e9zu\u00e9lien en place, vient compl\u00e9ter les sanctions d\u00e9j\u00e0 en vigueur et applicables depuis \u20602018, selon le communiqu\u00e9.\n<\/p>\n<p>\n \u00ab\u00a0Si \u200ddes proc\u00e9dures judiciaires ult\u00e9rieures viennent \u00e0 r\u00e9v\u00e9ler que ces \u2060fonds sont d\u2019origine ill\u00e9gale, la Suisse veillera \u00e0 ce qu\u2019ils soient restitu\u00e9s au profit de la population v\u00e9n\u00e9zu\u00e9lienne.\u00a0\u00bb\n<\/p>\n<p>\n Nicolas Maduro, qui \u00e9tait au pouvoir au Venezuela \u200bdepuis mars 2013 \u00e0 la faveur d&rsquo;\u00e9lections entach\u00e9es de fraude, doit compara\u00eetre lundi avec son \u00e9pouse devant un juge f\u00e9d\u00e9ral \u00e0 New York. Le dirigeant \u2060est notamment accus\u00e9 de \u00ab\u00a0narcoterrorisme\u00a0\u00bb.\n<\/p>\n<p>\n La Conf\u00e9d\u00e9ration indique suivre de pr\u00e8s la situation \u00ab\u00a0instable\u00a0\u00bb \u200bau Venezuela et pr\u00e9cise que plusieurs sc\u00e9narios sont envisageables \u200bdans les jours et \u200bles semaines \u00e0 venir, tout en rappelant qu&rsquo;elle a appel\u00e9 \u00e0 la \u200bd\u00e9sescalade et au respect du droit \u2060international et de l\u2019int\u00e9grit\u00e9 territoriale.\n<\/p>\n<p>\n \u00ab\u00a0La Suisse a \u00e9galement propos\u00e9 \u00e0 plusieurs reprises ses bons offices \u00e0 toutes les parties et s\u2019est efforc\u00e9e de trouver une solution pacifique \u00e0 la situation\u00a0\u00bb, selon le communiqu\u00e9.\n<\/p>\n<p>\n La mesure a \u00e9t\u00e9 prise en application \u200cde la loi suisse sur les personnes politiquement expos\u00e9es \u00e0 l\u2019\u00e9tranger, \u00e0 titre pr\u00e9ventif, ajoute le communiqu\u00e9, qui ne pr\u00e9cise pas les montants des avoirs saisis.\n<\/p>\n<p>\n Le gouvernement suisse n&rsquo;a pas imm\u00e9diatement r\u00e9pondu \u00e0 une demande de commentaire.\n<\/p>\n<p>\n (R\u00e9dig\u00e9 par Kirsti Knolle et John Revill, avec Oliver Hirt, version fran\u00e7aise Elizaveta Zhuravleva, \u200c\u00e9dit\u00e9 par Augustin Turpin)<\/p>\n","protected":false},"excerpt":{"rendered":"Comparution initiale du pr\u00e9sident v\u00e9n\u00e9zu\u00e9lien Nicolas Maduro devant les autorit\u00e9s f\u00e9d\u00e9rales am\u00e9ricaines, \u00e0 Manhattan ZURICH, 5 janvier &#8211;&hellip;\n","protected":false},"author":2,"featured_media":643725,"comment_status":"","ping_status":"","sticky":false,"template":"","format":"standard","meta":{"footnotes":""},"categories":[5],"tags":[400,11,398,408,405,1011,27,403,14,402,399,404,12,401,406,407,28],"class_list":{"0":"post-643724","1":"post","2":"type-post","3":"status-publish","4":"format-standard","5":"has-post-thumbnail","7":"category-international","8":"tag-action-cac-40","9":"tag-actualites","10":"tag-bourse-de-paris","11":"tag-boursorama","12":"tag-cotations","13":"tag-fr","14":"tag-france","15":"tag-indices-devises","16":"tag-international","17":"tag-investir","18":"tag-investissement","19":"tag-marche-boursier","20":"tag-news","21":"tag-sicav","22":"tag-trackers","23":"tag-warrants","24":"tag-world"},"share_on_mastodon":{"url":"https:\/\/pubeurope.com\/@fr\/115845558824423407","error":""},"_links":{"self":[{"href":"https:\/\/www.europesays.com\/fr\/wp-json\/wp\/v2\/posts\/643724","targetHints":{"allow":["GET"]}}],"collection":[{"href":"https:\/\/www.europesays.com\/fr\/wp-json\/wp\/v2\/posts"}],"about":[{"href":"https:\/\/www.europesays.com\/fr\/wp-json\/wp\/v2\/types\/post"}],"author":[{"embeddable":true,"href":"https:\/\/www.europesays.com\/fr\/wp-json\/wp\/v2\/users\/2"}],"replies":[{"embeddable":true,"href":"https:\/\/www.europesays.com\/fr\/wp-json\/wp\/v2\/comments?post=643724"}],"version-history":[{"count":0,"href":"https:\/\/www.europesays.com\/fr\/wp-json\/wp\/v2\/posts\/643724\/revisions"}],"wp:featuredmedia":[{"embeddable":true,"href":"https:\/\/www.europesays.com\/fr\/wp-json\/wp\/v2\/media\/643725"}],"wp:attachment":[{"href":"https:\/\/www.europesays.com\/fr\/wp-json\/wp\/v2\/media?parent=643724"}],"wp:term":[{"taxonomy":"category","embeddable":true,"href":"https:\/\/www.europesays.com\/fr\/wp-json\/wp\/v2\/categories?post=643724"},{"taxonomy":"post_tag","embeddable":true,"href":"https:\/\/www.europesays.com\/fr\/wp-json\/wp\/v2\/tags?post=643724"}],"curies":[{"name":"wp","href":"https:\/\/api.w.org\/{rel}","templated":true}]}}