{"id":643731,"date":"2026-01-06T01:31:15","date_gmt":"2026-01-06T01:31:15","guid":{"rendered":"https:\/\/www.europesays.com\/fr\/643731\/"},"modified":"2026-01-06T01:31:15","modified_gmt":"2026-01-06T01:31:15","slug":"zuriko-davitashvili-est-convoite-en-europe","status":"publish","type":"post","link":"https:\/\/www.europesays.com\/fr\/643731\/","title":{"rendered":"Zuriko Davitashvili est convoit\u00e9 en Europe"},"content":{"rendered":"<p style=\"text-align: justify;\"><strong>LIGUE 2 2025\/2026 \u2013 Courtis\u00e9 aux quatre coins de l\u2019Europe, Zuriko Davitashvili pourrait ne pas terminer la saison \u00e0 Saint-\u00c9tienne.<\/strong><\/p>\n<p style=\"text-align: justify;\">Seulement 4\u00e8me de <strong>Ligue 2<\/strong> apr\u00e8s 18 journ\u00e9es, l\u2019<strong>AS Saint-\u00c9tienne<\/strong> s\u2019appr\u00eate \u00e0 vivre un hiver agit\u00e9. Comme ce fut d\u00e9j\u00e0 le cas lors des mercatos pr\u00e9c\u00e9dents, les propri\u00e9taires du club, Kilmer Sports, comptent bien injecter du sang neuf dans l\u2019effectif pour aller chercher en fin de saison la mont\u00e9e.<\/p>\n<p>Everton et Benfica entrent dans la danse pour Zuriko Davitashvili<\/p>\n<p style=\"text-align: justify;\">Jusque l\u00e0, les Verts ont pu compter sur une attaque efficace, la meilleure de <strong>Ligue 2<\/strong> (35 buts), afin de compenser les carences d\u2019un secteur d\u00e9fensif en grande difficult\u00e9. Et si l\u2019attaque st\u00e9phanoise se montre aussi prolifique, elle le doit en grande partie \u00e0 son meilleur joueur sur cette premi\u00e8re moiti\u00e9 de saison, <strong>Zuriko Davitashvili<\/strong>. D\u00e9j\u00e0 auteur de 9 buts et 8 passes d\u00e9cisives en Ligue 1 l\u2019ann\u00e9e derni\u00e8re, l\u2019international g\u00e9orgien cartonne en comptabilisant d\u00e9j\u00e0 <strong>8 buts en 16 apparitions<\/strong> cette saison.<\/p>\n<p style=\"text-align: justify;\">D\u00e9j\u00e0 suivi par de nombreux clubs l\u2019\u00e9t\u00e9 dernier, l\u2019ancien Bordelais est de nouveau ardemment courtis\u00e9 par de nombreux clubs aux quatre coins de l\u2019Europe. Selon Geo Team, <strong>Everton<\/strong> et <strong>Benfica<\/strong> se sont ajout\u00e9s \u00e0 des pr\u00e9tendants ronflants, rejoignant ainsi les cadors turcs du <strong>Fenerbah\u00e7e<\/strong> et du <strong>Besiktas<\/strong> dans la course. Plusieurs offres ont d\u00e9j\u00e0 \u00e9t\u00e9 soumises, notamment par Benfica (8 M\u20ac) et le Besiktas (10 puis 12 M\u20ac), mais l\u2019ASSE est rest\u00e9e ferme.<\/p>\n<blockquote class=\"twitter-tweet\">\n<p dir=\"ltr\" lang=\"en\">\ud83d\udea8 EXCL: Zuriko Davitashvili is on Benfica\u2019s and Everton\u2019s short transfer lists \ud83d\udd25<\/p>\n<p>Per my information, Benfica and Everton will try to sign Saint-\u00c9tienne\u2019s Georgian striker during the January transfer window.<\/p>\n<p>\ud83c\uddf5\ud83c\uddf9 Understand, Benfica want to complete the Georgian\u2019s transfer at\u2026 <a href=\"https:\/\/t.co\/AVkUo9jC41\">pic.twitter.com\/AVkUo9jC41<\/a><\/p>\n<p>\u2014 Geo Team (@Geo__team) <a href=\"https:\/\/twitter.com\/Geo__team\/status\/2008195310435139629?ref_src=twsrc%5Etfw\" target=\"_blank\" rel=\"noopener\">January 5, 2026<\/a><\/p>\n<\/blockquote>\n<p style=\"text-align: justify;\">Les dirigeants st\u00e9phanois sont actuellement oppos\u00e9s \u00e0 un d\u00e9part. Mais apr\u00e8s avoir d\u00e9j\u00e0 refus\u00e9 plusieurs offres l\u2019\u00e9t\u00e9 dernier, les Verts pourront-ils convaincre leur ailier de rester encore six mois en Ligue 2, alors qu\u2019il dispose de la possibilit\u00e9 de rejoindre les meilleurs championnats, et m\u00eame de disputer une coupe d\u2019Europe ? Cela promet en tout quatre longues semaines d\u2019incertitude dans le Forez\u2026<\/p>\n<p>\t\t\t\t\t\t\t\t\t\t\t\t\t<script async src=\"https:\/\/platform.twitter.com\/widgets.js\" charset=\"utf-8\"><\/script><\/p>\n","protected":false},"excerpt":{"rendered":"LIGUE 2 2025\/2026 \u2013 Courtis\u00e9 aux quatre coins de l\u2019Europe, Zuriko Davitashvili pourrait ne pas terminer la saison&hellip;\n","protected":false},"author":2,"featured_media":643732,"comment_status":"","ping_status":"","sticky":false,"template":"","format":"standard","meta":{"footnotes":""},"categories":[9653],"tags":[1111,11,2430,2113,1777,674,1011,27,446,12,25,4001,33137],"class_list":{"0":"post-643731","1":"post","2":"type-post","3":"status-publish","4":"format-standard","5":"has-post-thumbnail","7":"category-saint-etienne","8":"tag-actu","9":"tag-actualites","10":"tag-auvergne-rhone-alpes","11":"tag-breve","12":"tag-eu","13":"tag-europe","14":"tag-fr","15":"tag-france","16":"tag-ligue-2","17":"tag-news","18":"tag-republique-francaise","19":"tag-saint-etienne","20":"tag-transferts-football"},"share_on_mastodon":{"url":"https:\/\/pubeurope.com\/@fr\/115845574426660657","error":""},"_links":{"self":[{"href":"https:\/\/www.europesays.com\/fr\/wp-json\/wp\/v2\/posts\/643731","targetHints":{"allow":["GET"]}}],"collection":[{"href":"https:\/\/www.europesays.com\/fr\/wp-json\/wp\/v2\/posts"}],"about":[{"href":"https:\/\/www.europesays.com\/fr\/wp-json\/wp\/v2\/types\/post"}],"author":[{"embeddable":true,"href":"https:\/\/www.europesays.com\/fr\/wp-json\/wp\/v2\/users\/2"}],"replies":[{"embeddable":true,"href":"https:\/\/www.europesays.com\/fr\/wp-json\/wp\/v2\/comments?post=643731"}],"version-history":[{"count":0,"href":"https:\/\/www.europesays.com\/fr\/wp-json\/wp\/v2\/posts\/643731\/revisions"}],"wp:featuredmedia":[{"embeddable":true,"href":"https:\/\/www.europesays.com\/fr\/wp-json\/wp\/v2\/media\/643732"}],"wp:attachment":[{"href":"https:\/\/www.europesays.com\/fr\/wp-json\/wp\/v2\/media?parent=643731"}],"wp:term":[{"taxonomy":"category","embeddable":true,"href":"https:\/\/www.europesays.com\/fr\/wp-json\/wp\/v2\/categories?post=643731"},{"taxonomy":"post_tag","embeddable":true,"href":"https:\/\/www.europesays.com\/fr\/wp-json\/wp\/v2\/tags?post=643731"}],"curies":[{"name":"wp","href":"https:\/\/api.w.org\/{rel}","templated":true}]}}