{"id":643737,"date":"2026-01-06T01:34:22","date_gmt":"2026-01-06T01:34:22","guid":{"rendered":"https:\/\/www.europesays.com\/fr\/643737\/"},"modified":"2026-01-06T01:34:22","modified_gmt":"2026-01-06T01:34:22","slug":"deplacement-du-parking-2-roues-avenue-hoche-la-seyne-sur-mer","status":"publish","type":"post","link":"https:\/\/www.europesays.com\/fr\/643737\/","title":{"rendered":"D\u00e9placement du parking 2 roues avenue Hoche \u2013 La Seyne-sur-Mer"},"content":{"rendered":"<p>\tD\u00e9placement du parking 2 roues avenue Hoche \u2013 La Seyne-sur-Mer<\/p>\n<p>\t\t\t<a class=\"ea11y-skip-to-content-link\" href=\"#content\" tabindex=\"1\" onclick=\"onSkipLinkClick()\"><br \/>\n\t\t\t\tAller au contenu principal<\/p>\n<p>\t\t\t<\/a><\/p>\n<p>&#13;<br \/>\n&#13;<br \/>\n&#13;<br \/>\n&#13;<br \/>\n    &#13;<\/p>\n<p>&#13;<br \/>\n&#13;<br \/>\n        Notre site utilise des cookies pour r\u00e9aliser des statistiques de visites, partager des contenus sur les r\u00e9seaux sociaux et am\u00e9liorer votre exp\u00e9rience. En refusant les cookies, certains services seront amen\u00e9s \u00e0 ne pas fonctionner correctement. Nous conservons votre choix pendant 30 jours. Vous pouvez changer d&rsquo;avis en cliquant sur le bouton &lsquo;Cookies&rsquo; en bas \u00e0 gauche de chaque page de notre site.    <\/p>\n<p>&#13;<br \/>\n    &#13;<\/p>\n<p>&#13;<br \/>\n            PARAMETRAGE&#13;<br \/>\n                            TOUT REFUSER&#13;<br \/>\n                TOUT ACCEPTER&#13;\n                <\/p>\n<p>&#13;<br \/>\n&#13;<br \/>\n&#13;<br \/>\n&#13;<br \/>\n&#13;<br \/>\n            COOKIES&#13;<br \/>\n&#13;<br \/>\n&#13;<br \/>\n&#13;<br \/>\n&#13;<br \/>\n&#13;<br \/>\n&#13;<br \/>\n&#13;<br \/>\n&#13;<br \/>\n&#13;<br \/>\n&#13;<\/p>\n<p>        &#13;<br \/>\n            Param\u00e9trages de cookies&#13;<br \/>\n            X&#13;<\/p>\n<p>        &#13;<\/p>\n<p onclick=\"ac_cookie_event.change_content_modal(1);\" id=\"ac-button_information-1\" class=\"list_button_information\">Cookies fonctionnels<\/p>\n<p>&#13;<\/p>\n<p onclick=\"ac_cookie_event.change_content_modal(2);\" id=\"ac-button_information-2\" class=\"list_button_information\">Mesure d&rsquo;audience<\/p>\n<p>&#13;<\/p>\n<p onclick=\"ac_cookie_event.change_content_modal(3);\" id=\"ac-button_information-3\" class=\"list_button_information\">Contenus interactifs<\/p>\n<p>&#13;<\/p>\n<p onclick=\"ac_cookie_event.change_content_modal(4);\" id=\"ac-button_information-4\" class=\"list_button_information\">R\u00e9seaux sociaux\/Vid\u00e9os<\/p>\n<p>&#13;<\/p>\n<p onclick=\"ac_cookie_event.change_content_modal(5);\" id=\"ac-button_information-5\" class=\"list_button_information\">Autres cookies<\/p>\n<p>&#13;<\/p>\n<p>        &#13;<\/p>\n<p>&#13;<br \/>\n                    Cookies fonctionnels&#13;<br \/>\n                    Ce site utilise des cookies pour assurer son bon fonctionnement et ne peuvent pas \u00eatre d\u00e9sactiv\u00e9s de nos syst\u00e8mes. Nous ne les utilisons pas \u00e0 des fins publicitaires. Si ces cookies sont bloqu\u00e9s, certaines parties du site ne pourront pas fonctionner.                                                        <\/p>\n<p>&#13;<br \/>\n                            &#13;<br \/>\n                            &#13;<br \/>\n                            &#13;<br \/>\n                            &#13;<\/p>\n<p>    &#13;<br \/>\n    &#13;<\/p>\n<p>&#13;<br \/>\n            Accepter tous cookies&#13;<br \/>\n            Refuser tous cookies&#13;\n        <\/p>\n<p>&#13;<br \/>\n            Valider&#13;\n        <\/p>\n<p>    &#13;<br \/>\n        &#13;<\/p>\n<p>\u00a9Copyright <a href=\"https:\/\/www.hob-france.com\/\" target=\"_blank\" rel=\"noopener\">HOB France Services, Expert WordPress<\/a><\/p>\n<p>&#13;<br \/>\n        &#13;<br \/>\n&#13;<br \/>\n&#13;<br \/>\n&#13;<br \/>\n&#13;<\/p>\n<p>\ud83c\uddec\ud83c\udde7<\/p>\n","protected":false},"excerpt":{"rendered":"D\u00e9placement du parking 2 roues avenue Hoche \u2013 La Seyne-sur-Mer Aller au contenu principal &#13; &#13; &#13; &#13;&hellip;\n","protected":false},"author":2,"featured_media":643738,"comment_status":"","ping_status":"","sticky":false,"template":"","format":"standard","meta":{"footnotes":""},"categories":[9619],"tags":[1111,11,1777,674,1011,27,12,882,25,2310],"class_list":{"0":"post-643737","1":"post","2":"type-post","3":"status-publish","4":"format-standard","5":"has-post-thumbnail","7":"category-toulon","8":"tag-actu","9":"tag-actualites","10":"tag-eu","11":"tag-europe","12":"tag-fr","13":"tag-france","14":"tag-news","15":"tag-provence-alpes-cote-dazur","16":"tag-republique-francaise","17":"tag-toulon"},"share_on_mastodon":{"url":"https:\/\/pubeurope.com\/@fr\/115845586159714720","error":""},"_links":{"self":[{"href":"https:\/\/www.europesays.com\/fr\/wp-json\/wp\/v2\/posts\/643737","targetHints":{"allow":["GET"]}}],"collection":[{"href":"https:\/\/www.europesays.com\/fr\/wp-json\/wp\/v2\/posts"}],"about":[{"href":"https:\/\/www.europesays.com\/fr\/wp-json\/wp\/v2\/types\/post"}],"author":[{"embeddable":true,"href":"https:\/\/www.europesays.com\/fr\/wp-json\/wp\/v2\/users\/2"}],"replies":[{"embeddable":true,"href":"https:\/\/www.europesays.com\/fr\/wp-json\/wp\/v2\/comments?post=643737"}],"version-history":[{"count":0,"href":"https:\/\/www.europesays.com\/fr\/wp-json\/wp\/v2\/posts\/643737\/revisions"}],"wp:featuredmedia":[{"embeddable":true,"href":"https:\/\/www.europesays.com\/fr\/wp-json\/wp\/v2\/media\/643738"}],"wp:attachment":[{"href":"https:\/\/www.europesays.com\/fr\/wp-json\/wp\/v2\/media?parent=643737"}],"wp:term":[{"taxonomy":"category","embeddable":true,"href":"https:\/\/www.europesays.com\/fr\/wp-json\/wp\/v2\/categories?post=643737"},{"taxonomy":"post_tag","embeddable":true,"href":"https:\/\/www.europesays.com\/fr\/wp-json\/wp\/v2\/tags?post=643737"}],"curies":[{"name":"wp","href":"https:\/\/api.w.org\/{rel}","templated":true}]}}