{"id":643739,"date":"2026-01-06T01:35:14","date_gmt":"2026-01-06T01:35:14","guid":{"rendered":"https:\/\/www.europesays.com\/fr\/643739\/"},"modified":"2026-01-06T01:35:14","modified_gmt":"2026-01-06T01:35:14","slug":"marc-andreu-raconte-les-coulisses-de-son-retour-rate-a-toulon-javais-un-contrat-en-bonne-et-due-forme-jaurais-pu-aller-aux-prudhommes","status":"publish","type":"post","link":"https:\/\/www.europesays.com\/fr\/643739\/","title":{"rendered":"Marc Andreu raconte les coulisses de son retour rat\u00e9 \u00e0 Toulon : \u00ab J\u2019avais un contrat en bonne et due forme, j\u2019aurais pu aller aux prud\u2019hommes \u00bb"},"content":{"rendered":"<p>L\u2019ancien ailier du Rugby Club Toulonnais, Marc Andreu s\u2019est longuement confi\u00e9 dans les colonnes du journal r\u00e9gional <a href=\"https:\/\/www.nicematin.com\/sports\/mine-de-rien-j-aurais-bien-voulu-finir-au-rct-marc-andreu-revient-sur-son-lien-avec-toulon-avant-le-match-contre-la-rochelle-10663112\" target=\"_blank\" rel=\"noopener\">Var-matin<\/a> juste avant le match du RCT disput\u00e9 contre le Stade Rochelais, dimanche soir.<\/p>\n<p>Ce-dernier est notamment revenu sur la fin de sa carri\u00e8re, en 2022, alors qu\u2019il venait de terminer son contrat avec La Seyne-sur-Mer.<\/p>\n<p><strong>Il indique ne pas avoir ressenti \u00ab\u00a0la petite mort\u00a0\u00bb du sportif. Extrait:<\/strong><\/p>\n<p>\u00c9trangement, je ne l\u2019ai pas du tout v\u00e9cu. Quand j\u2019ai arr\u00eat\u00e9 ma carri\u00e8re professionnelle \u00e0 La Rochelle en 2020, en p\u00e9riode Covid, c\u2019\u00e9tait tout r\u00e9fl\u00e9chi. J\u2019aurais pu continuer, aller chercher mon dernier petit contrat dans un club de Pro D2, mais j\u2019avais assez critiqu\u00e9 les joueurs qui faisaient \u00e7a pour de l\u2019argent alors qu\u2019ils n\u2019\u00e9taient plus pr\u00eats physiquement, pour faire la m\u00eame chose. J\u2019ai pr\u00e9f\u00e9r\u00e9 passer directement sur un cap de reconversion et j\u2019ai eu une proposition dans une grosse soci\u00e9t\u00e9 industrielle varoise. C\u2019est par ce biais-l\u00e0 que j\u2019ai continu\u00e9 \u00e0 l\u2019US seynoise.<\/p>\n<p><strong>Il se dit tr\u00e8s reconnaissant du RCT mais regrette de ne pas avoir pu rejouer en Rouge et Noir avant la fin de sa carri\u00e8re. Extrait:<\/strong><\/p>\n<p>Aujourd\u2019hui, je fais partie de l\u2019amicale des anciens. Je suis toujours tr\u00e8s reconnaissant. Par contre, c\u2019est vrai qu\u2019il y a eu un temps o\u00f9 j\u2019avais encore la forme pour r\u00e9aliser de belles choses et o\u00f9 j\u2019aurais pu revenir. \u00c7a ne s\u2019est pas fait, donc je ne peux pas dire que la boucle est boucl\u00e9e avec le club de Toulon, m\u00eame si elle l\u2019est avec la ville.<\/p>\n<p>Dans la foul\u00e9e, Marc Andreu revient sur son retour rat\u00e9 \u00e0 Toulon.<\/p>\n<p>C\u2019\u00e9tait en 2018. Il affirme avoir re\u00e7u un contrat pour revenir au RCT avant que le club Varois ne change d\u2019avis.<\/p>\n<p><strong>Apr\u00e8s r\u00e9flexion, il a d\u00e9cid\u00e9 de ne pas porter plainte devant les prud\u2019hommes. Extrait:<\/strong><\/p>\n<p>J\u2019ai encore un message d\u2019une certaine personne de Toulon qui me dit \u00ab C\u2019est bon, bienvenue chez toi \u00bb. J\u2019avais un contrat en bonne et due forme. Il pouvait faire foi. J\u2019aurais pu aller aux prud\u2019hommes et demander quelque chose. Quand \u00e7a se passe, j\u2019avais la finale de Champions Cup 2018 \u00e0 pr\u00e9parer. Pour moi, c\u2019\u00e9tait r\u00e9gl\u00e9, donc apr\u00e8s la finale perdue, je redescends sur Toulon et vais \u00e0 Solli\u00e8s-Ville pour acheter une maison. <\/p>\n<p>Mais, avant, j\u2019appelle ce responsable et lui demande si on peut signer le contrat : \u00ab Non, on va attendre encore\u2026 \u00bb Peu de temps apr\u00e8s, Xavier Garbajosa\u00a0[alors coach du Stade rochelais, Ndlr]\u00a0m\u2019appelle. Lui, m\u2019a envoy\u00e9 un contrat dans les vingt minutes. C\u2019est comme \u00e7a que je m\u2019engage l\u00e0-bas.<\/p>\n<p><strong>Il avoue avoir ressenti de l\u2019amertume. Extrait:<\/strong><\/p>\n<p>Un peu, parce qu\u2019on s\u2019\u00e9tait quand m\u00eame projet\u00e9s avec ma famille. Apr\u00e8s, avec du recul, on se dit que c\u2019est le rugby professionnel. Je savais \u00e0 quoi m\u2019attendre, puisque je faisais partie de ce monde-l\u00e0. Mais, mine de rien, j\u2019aurais bien voulu finir ici.<\/p>\n<p><strong>Pour lui, jouer contre le RCT a toujours \u00e9t\u00e9 quelque chose de particulier. Extrait:<\/strong><\/p>\n<p>Tous les matchs contre Toulon \u00e9taient particuliers pour moi. Que ce soit \u00e0 domicile, ou que ce soit \u00e0 Mayol parce que j\u2019avais toute ma famille et mes amis dans les tribunes. Je pense qu\u2019inconsciemment, j\u2019essayais de faire toujours plus pour montrer que j\u2019aurais pu avoir ma place au RCT. [\u2026] Sur le terrain, je n\u2019ai jamais eu de sentiments avec Toulon. Comme avec mes amis, d\u2019ailleurs. Je faisais partie de ces personnes-l\u00e0 : hargneuses, un peu chiantes. Mais parce qu\u2019en fait, c\u2019\u00e9tait ma fa\u00e7on d\u2019\u00eatre en match. M\u00eame \u00e0 l\u2019entra\u00eenement, j\u2019avais des coll\u00e8gues qui ne pouvaient pas me voir !\u00a0(rires)<\/p>\n<p><strong>Il pr\u00e9cise se rendre \u00e0 Mayol de temps en temps. Extrait:<\/strong><\/p>\n<p>Tr\u00e8s souvent. Mais j\u2019essaye de rester plut\u00f4t discret. Quand je m\u2019y rends, c\u2019est pour voir un match de rugby, pas pour me montrer. La lumi\u00e8re, je l\u2019ai eue. Rester dans la discr\u00e9tion, \u00e7a me va tr\u00e8s bien.<\/p>\n<p><strong>Aussi, il affirme avoir toujours un pied dans le rugby mais \u00e0 titre de b\u00e9n\u00e9vole. Il ne veut plus prendre d\u2019argent au rugby. Extrait:<\/strong><\/p>\n<p>J\u2019ai entra\u00een\u00e9 les Espoirs de l\u2019US seynoise juste apr\u00e8s mon arr\u00eat, car je ne voulais pas avoir ce manque. L\u00e0, je m\u2019occupe des U14 trois fois par semaine, parce que \u00e7a me pla\u00eet et qu\u2019il y a mon fils. L\u2019ann\u00e9e derni\u00e8re, j\u2019allais aussi entra\u00eener \u00e0 l\u2019acad\u00e9mie du RCT. Mais je ne veux pas prendre d\u2019argent. Parce que je n\u2019en ai pas besoin, d\u00e9j\u00e0, et parce que je ne veux pas \u00eatre d\u00e9pendant du rugby. Beaucoup trop d\u2019anciens joueurs en ont encore besoin pour mettre du pain sur leur table. Je voulais compl\u00e8tement sortir de ce syst\u00e8me-l\u00e0 et me prouver que je pouvais \u00e0 r\u00e9ussir \u00e0 c\u00f4t\u00e9.<\/p>\n","protected":false},"excerpt":{"rendered":"L\u2019ancien ailier du Rugby Club Toulonnais, Marc Andreu s\u2019est longuement confi\u00e9 dans les colonnes du journal r\u00e9gional Var-matin&hellip;\n","protected":false},"author":2,"featured_media":643740,"comment_status":"","ping_status":"","sticky":false,"template":"","format":"standard","meta":{"footnotes":""},"categories":[9619],"tags":[1111,11,1777,674,1011,27,12,882,25,2310],"class_list":{"0":"post-643739","1":"post","2":"type-post","3":"status-publish","4":"format-standard","5":"has-post-thumbnail","7":"category-toulon","8":"tag-actu","9":"tag-actualites","10":"tag-eu","11":"tag-europe","12":"tag-fr","13":"tag-france","14":"tag-news","15":"tag-provence-alpes-cote-dazur","16":"tag-republique-francaise","17":"tag-toulon"},"share_on_mastodon":{"url":"https:\/\/pubeurope.com\/@fr\/115845590067657013","error":""},"_links":{"self":[{"href":"https:\/\/www.europesays.com\/fr\/wp-json\/wp\/v2\/posts\/643739","targetHints":{"allow":["GET"]}}],"collection":[{"href":"https:\/\/www.europesays.com\/fr\/wp-json\/wp\/v2\/posts"}],"about":[{"href":"https:\/\/www.europesays.com\/fr\/wp-json\/wp\/v2\/types\/post"}],"author":[{"embeddable":true,"href":"https:\/\/www.europesays.com\/fr\/wp-json\/wp\/v2\/users\/2"}],"replies":[{"embeddable":true,"href":"https:\/\/www.europesays.com\/fr\/wp-json\/wp\/v2\/comments?post=643739"}],"version-history":[{"count":0,"href":"https:\/\/www.europesays.com\/fr\/wp-json\/wp\/v2\/posts\/643739\/revisions"}],"wp:featuredmedia":[{"embeddable":true,"href":"https:\/\/www.europesays.com\/fr\/wp-json\/wp\/v2\/media\/643740"}],"wp:attachment":[{"href":"https:\/\/www.europesays.com\/fr\/wp-json\/wp\/v2\/media?parent=643739"}],"wp:term":[{"taxonomy":"category","embeddable":true,"href":"https:\/\/www.europesays.com\/fr\/wp-json\/wp\/v2\/categories?post=643739"},{"taxonomy":"post_tag","embeddable":true,"href":"https:\/\/www.europesays.com\/fr\/wp-json\/wp\/v2\/tags?post=643739"}],"curies":[{"name":"wp","href":"https:\/\/api.w.org\/{rel}","templated":true}]}}