{"id":643745,"date":"2026-01-06T01:39:47","date_gmt":"2026-01-06T01:39:47","guid":{"rendered":"https:\/\/www.europesays.com\/fr\/643745\/"},"modified":"2026-01-06T01:39:47","modified_gmt":"2026-01-06T01:39:47","slug":"neige-en-seine-maritime-transports-circulation-revivez-la-journee-de-ce-lundi-hivernal","status":"publish","type":"post","link":"https:\/\/www.europesays.com\/fr\/643745\/","title":{"rendered":"Neige en Seine-Maritime. Transports, circulation&#8230; revivez la journ\u00e9e de ce lundi hivernal"},"content":{"rendered":"<p>                    Par<br \/>\n        <strong><br \/>\n            <a href=\"https:\/\/actu.fr\/auteur\/vanessa-leroy\" title=\"Consulter tous les articles de Vanessa Leroy\" target=\"_blank\" rel=\"noopener\">Vanessa Leroy<\/a><br \/>\n                    <\/strong><\/p>\n<p>        Publi\u00e9 le<\/p>\n<p>            5 janv. 2026 \u00e0 7h36<br \/>\n        ; mis \u00e0 jour le 5 janv. 2026 \u00e0 20h45    <\/p>\n<p>Transports scolaires suspendus, restriction de circulation pour les poids lourds de plus de 7,5 tonnes\u2026 Lundi 5 janvier 2026, <strong>la neige \u00e9tait bien l\u00e0<\/strong>\u00a0en <a href=\"https:\/\/actu.fr\/76actu\/\" target=\"_blank\" rel=\"noopener\">Seine-Maritime<\/a>, d\u00e9partement plac\u00e9 en <a href=\"https:\/\/actu.fr\/normandie\/rouen_76540\/de-la-neige-cette-semaine-a-rouen-et-au-havre-voici-les-previsions-meteos_63648067.html\" target=\"_blank\" rel=\"noopener\">vigilance orange neige-verglas<\/a> jusqu\u2019au mardi 6 janvier 2026, 9 heures.<\/p>\n<p class=\" wall-content\">Revivez la journ\u00e9e de ce lundi hivernal.\u00a0<\/p>\n<p>L&rsquo;essentiel<\/p>\n<ul>\n<li>Des routes sont totalement ferm\u00e9es du c\u00f4t\u00e9 de Gonfreville L&rsquo;Orcher<\/li>\n<li>La circulation des bus est tr\u00e8s perturb\u00e9e au Havre et \u00e0 Rouen. <\/li>\n<li>La vigilance orange neige-verglas est activ\u00e9e dans toute la Seine-Maritime jusqu&rsquo;au mardi 6 janvier, 9 heures.<\/li>\n<\/ul>\n<p>20 heures : la collecte des d\u00e9chets perturb\u00e9e dans la M\u00e9tropole de Rouen\u00a0<\/p>\n<p class=\" wall-content\">Dans l\u2019agglo de Rouen, les d\u00e9chetteries resteront ferm\u00e9es ce mardi 6 janvier pour des raisons de s\u00e9curit\u00e9. \u00ab\u00a0<strong>L\u2019\u00e9vacuation des bennes n\u2019est pas possible<\/strong> en raison des conditions m\u00e9t\u00e9orologiques\u00a0\u00bb, explique la M\u00e9tropole.\u00a0<\/p>\n<p class=\" wall-content\">Par ailleurs, concernant la collecte des d\u00e9chets, la collectivit\u00e9 informe : \u00ab\u00a0Certaines collectes de d\u00e9chets ont \u00e9t\u00e9 perturb\u00e9es, les habitants ayant d\u00e9j\u00e0 sortis leurs d\u00e9chets aujourd\u2019hui doivent les laisser dehors. <strong>Il est demand\u00e9 de ne pas sortir ses d\u00e9chets ce mardi 6<\/strong> et, sous r\u00e9serve des conditions m\u00e9t\u00e9orologiques, la collecte devrait reprendre ce mercredi 7.\u00a0\u00bb<\/p>\n<p>19h30 : vigilance si vous prenez le train<\/p>\n<p class=\" wall-content\">En fin de journ\u00e9e, SNCF Nomad train informe : M\u00e9t\u00e9o France place l\u2019ensemble de la Normandie en vigilance orange neige\u2011verglas jusqu\u2019au mardi 6 janvier inclus. Ces conditions m\u00e9t\u00e9orologiques <strong>perturbent le trafic des trains Nomad sur les lignes normandes.<\/strong> (\u2026) Nous vous invitons \u00e0 limiter ou reporter vos d\u00e9placements dans la mesure du possible.\u00a0\u00bb<\/p>\n<p>Vid\u00e9os : en ce moment sur Actu<\/p>\n<p class=\" wall-content\">\n<p>19h00 : la circulation a repris sur l\u2019A28<\/p>\n<p class=\" wall-content\">\u00c0 17h30, la circulation est de nouveau fluide sur l\u2019A28 dans le sens Abbeville-Rouen, informe la pr\u00e9fecture de la Seine-Maritime. Les poids lourds qui bloquaient les voies ont \u00e9t\u00e9 pris en charge par des soci\u00e9t\u00e9s de d\u00e9pannage et les<br \/>chauss\u00e9es ont \u00e9t\u00e9 trait\u00e9es. <strong>Ainsi, les voitures ont pu reprendre la route en milieu d\u2019apr\u00e8s-midi.\u00a0\u00bb<\/strong><\/p>\n<blockquote class=\"ac-article-quote wall-content\">\n<p>Quelques dizaines de poids lourds sont toujours \u00e0 l&rsquo;arr\u00eat sur une voie de l\u2019A28 et de l&rsquo;A29, juste apr\u00e8s la gare de p\u00e9age de Cott\u00e9vrard, dans les sens Abbeville-Rouen. Les collectivit\u00e9s et les forces de secours vont \u00e9tablir un contact, dans les heures \u00e0 venir, avec les chauffeurs immobilis\u00e9s afin d\u2019\u00e9valuer leurs \u00e9ventuels besoins de ravitaillement. <\/p>\n<p>    <strong>La pr\u00e9fecture de la Seine-Maritime<\/strong>\n            <\/p><\/blockquote>\n<p>Votre r\u00e9gion, votre actu !<\/p>\n<p>Recevez chaque jour les infos qui comptent pour vous.<\/p>\n<p>\t<a href=\"https:\/\/actu.fr\/newsletter\" class=\"ac-btn ac-btn--corner ac-btn--medium ac-btn--blue800\" target=\"_blank\" rel=\"noopener\">S&rsquo;incrire<\/a><br \/>\n18h30 : la situation sur le r\u00e9seau LiA au Havre<\/p>\n<p class=\" wall-content\">Au Havre en fin de journ\u00e9e, le r\u00e9seau de transports LiA informe : \u00ab\u00a0Apr\u00e8s reconnaissances des voiries prioritaires pour la ville cet apr\u00e8s midi, il a \u00e9t\u00e9 confirm\u00e9 que les lignes bus C1\/C2 et C3 pouvaient reprendre l\u2019exploitation sur une amplitude courte de fin d\u2019apr\u00e8s-midi (de 17h \u00e0 21h30).\u00a0\u00bb<\/p>\n<p class=\" wall-content\">Par ailleurs, du verglas est attendu en Seine-Maritime au cours de la nuit de lundi \u00e0 mardi. En cons\u00e9quence, il est pr\u00e9vu :\u00a0<br \/>\u2022 Une reconnaissance sera effectu\u00e9e entre 3h30 et 4h30 avant de faire sortir les agents des d\u00e9p\u00f4ts.<br \/>\u2022 Les lignes de tramway A et B et le funiculaire circulent normalement.<br \/>\u2022 Lignes et services interrompus :\u00a0\u00a0LiA de Nuit (dans la nuit du lundi 5 au mardi 6 janvier), les services de transport \u00e0 la demande FiLBus et MobiFiL sont suspendus jusqu\u2019\u00e0 10h et les lignes de bus compl\u00e9mentaires : 60, 70, 71 et 91<\/p>\n<p>18 heures : d\u00e9neigement des rues au Havre, comment \u00e7a se passe ?<\/p>\n<p class=\" wall-content\">Il a beaucoup neig\u00e9 ce lundi 5 janvier 2026 au Havre rendant les routes difficiles d\u2019acc\u00e8s. Comment se passe le d\u00e9neigement dans la cit\u00e9 Oc\u00e9ane ? <a href=\"https:\/\/actu.fr\/normandie\/le-havre_76351\/deneigement-des-rues-au-havre-comment-ca-se-passe-et-quelles-sont-les-obligations-de-la-ville_63650430.html\" target=\"_blank\" rel=\"noopener\">On fait le point dans cet article<\/a>.\u00a0<\/p>\n<p>16 heures : la vigilance orange neige-verglas maintenue en Seine-Maritime<\/p>\n<p class=\" wall-content\">Dans son bulletin publi\u00e9 lundi \u00e0 16 heures, <a href=\"https:\/\/actu.fr\/tag\/meteo-france\" target=\"_blank\" rel=\"noopener\">M\u00e9t\u00e9o France<\/a> maintient la vigilance orange pour le neige et le verglas en Seine-Maritime jusqu\u2019\u00e0 mardi matin \u00e0 9 heures.\u00a0<\/p>\n<p class=\" wall-content\">\n<p>15h30 : des poids lourds bloqu\u00e9s sur l\u2019A28<\/p>\n<p class=\" wall-content\">\u00c0 propos de la situation sur l\u2019autoroute A28, la pr\u00e9fecture de la Seine-Maritime donne ces informations lundi apr\u00e8s-midi : \u00ab\u00a0En d\u00e9but d\u2019apr\u00e8s-midi,<strong> l\u2019autoroute A28 enregistrait de grosses difficult\u00e9s de circulation<\/strong>, dans le sens Abbeville-Rouen, du fait de poids lourds bloqu\u00e9s en travers des voies et emp\u00eachant le flux des v\u00e9hicules l\u00e9gers, \u00e0 l\u2019arr\u00eat derri\u00e8re eux.\u00a0\u00bb<\/p>\n<p class=\" wall-content\">En cons\u00e9quence, \u00ab\u00a0des d\u00e9panneurs poids lourds sont actuellement mobilis\u00e9s pour retirer des voies les v\u00e9hicules qui obstruent la circulation et les saleuses interviennent pour traiter les rev\u00eatements\u00a0\u00bb, pr\u00e9cisent les services de l\u2019\u00c9tat.<\/p>\n<blockquote class=\"ac-article-quote wall-content\">\n<p>La fin de l&rsquo;\u00e9pisode neigeux est annonc\u00e9e pour ce jour 16h. Elle sera suivie d&rsquo;une baisse des<br \/>\ntemp\u00e9ratures autour de -4\u00b0C et donc d&rsquo;un ph\u00e9nom\u00e8ne de gel et verglas \u00e0 cause duquel les<br \/>\nconditions de circulation demeureront difficiles.<\/p>\n<p>    <strong>La pr\u00e9fecture de la Seine-Maritime<\/strong>\n            <\/p><\/blockquote>\n<p class=\" wall-content\">C\u2019est pourquoi la suspension des transports scolaires est maintenue pour la journ\u00e9e de mardi, tout comme l\u2019interdiction de circulation des poids lourds de plus de 7,5 tonnes sur l\u2019ensemble des axes routiers de la Seine-Maritime.<\/p>\n<p>15h00 : les bus de la R\u00e9gion \u00e0 l\u2019arr\u00eat mardi<\/p>\n<p class=\" wall-content\">\u00ab\u00a0En raison de l\u2019alerte orange lanc\u00e9e par M\u00e9t\u00e9o-France pour risque de neige et verglas, la R\u00e9gion Normandie suspend l\u2019ensemble des lignes du r\u00e9seau NOMAD CAR<strong> (scolaires et commerciales)<\/strong> pour la journ\u00e9e du mardi 6 janvier 2026 dans les cinq d\u00e9partements normands : Calvados, Manche, Orne, Eure et Seine-Maritime\u00a0\u00bb, annonce la collectivit\u00e9 lundi apr\u00e8s-midi.\u00a0<\/p>\n<p class=\" wall-content\">\n<p>14h45 : les saleuses en tourn\u00e9e dans les rues de Rouen tout l\u2019apr\u00e8s-midi<\/p>\n<p class=\" wall-content\">En d\u00e9but d\u2019apr\u00e8s-midi, la Ville de Rouen a fait un point sur les op\u00e9rations de d\u00e9neigement en cours : \u00ab\u00a0Les interventions sur la voirie sont organis\u00e9es de mani\u00e8re prioritaire sur les axes structurants, <strong>les entr\u00e9es et les sorties de ville, ainsi que les acc\u00e8s aux h\u00f4pitaux et aux centres de secours<\/strong>. Les voies secondaires et autres secteurs sont trait\u00e9s dans un second temps, en fonction de l\u2019\u00e9volution des conditions m\u00e9t\u00e9orologiques et de l\u2019\u00e9tat des chauss\u00e9es.\u00a0\u00bb<\/p>\n<blockquote class=\"ac-article-quote wall-content\">\n<p>En anticipation, les \u00e9quipes de la ville ont sal\u00e9 de 20h hier soir jusqu\u2019\u00e0 5h30 ce matin ce qui a permis le traitement des voies principales pour le pic de circulation de ce matin.\u00a0\u00c0\u00a012h, les saleuses de la ville assurent une tourn\u00e9e jusqu\u2019en fin d\u2019apr\u00e8s-midi. \u00c0 partir de 19h, les \u00e9quipes d\u2019astreinte prendront le relais avec 8 v\u00e9hicules dont 4 saleuses, jusqu\u2019\u00e0 6h du matin demain, avant reprise du service des \u00e9quipes de jour.<\/p>\n<p>    <strong>La Ville de Rouen<\/strong>\n            <\/p><\/blockquote>\n<p class=\" wall-content\">Par ailleurs, la Ville rappelle : \u00ab\u00a0Le d\u00e9neigement des trottoirs situ\u00e9s devant les habitations<strong> est de la responsabilit\u00e9 des riverains<\/strong>. En cas de neige ou de verglas, du sable peut \u00eatre utilis\u00e9. Des sacs ou bacs de sables sont mis \u00e0 la disposition des riverains dans les rues.\u00a0\u00bb<\/p>\n<p class=\" wall-content\">Leur localisation est <a href=\"https:\/\/rouen.fr\/role-riverains\" target=\"_blank\" rel=\"noopener\">consultable sur le site de la ville<\/a>.<\/p>\n<p>14h30\u2009: des routes ferm\u00e9es du c\u00f4t\u00e9 de Gonfreville L\u2019Orcher<\/p>\n<p class=\" wall-content\">La municipalit\u00e9 de Gonfreville L\u2019Orcher indique en ce d\u00e9but d\u2019apr\u00e8s-midi que les c\u00f4tes de Gournay et de l\u2019Estuaire sont ferm\u00e9es \u00e0 la circulation en raison des conditions m\u00e9t\u00e9orologiques.<\/p>\n<p class=\" wall-content\">Selon nos informations, des automobilistes sont rest\u00e9s bloqu\u00e9s sur ces axes ce matin et certains ont abandonn\u00e9 leurs voitures pour terminer \u00e0 pied.<\/p>\n<p>14\u00a0heures\u2009: L\u2019acc\u00e8s au GHH tr\u00e8s difficile<\/p>\n<p class=\" wall-content\">Dans un post Facebook, le <a href=\"https:\/\/actu.fr\/tag\/groupe-hospitalier-du-havre\" target=\"_blank\" rel=\"noopener\">Groupe hospitalier du\u00a0Havre<\/a> pr\u00e9cise que les conditions d\u2019acc\u00e8s \u00e0 Jacques-Monod sont tr\u00e8s difficiles. \u00ab\u2009Les v\u00e9hicules de transport urgent ainsi que les v\u00e9hicules d\u2019assistance sont prioritaires\u2009\u00bb, pr\u00e9cise le groupe.<\/p>\n<p>    <a href=\"https:\/\/www.facebook.com\/plugins\/post.php?href=https%3A%2F%2Fwww.facebook.com%2Fpermalink.php%3Fstory_fbid%3Dpfbid02TCb3d1DNgh4GX1HzypAjJuaogmV1DXQK4oMkNtVanPuKF4pMTRxLjMSRSkcNfJbTl%26id%3D100063636669027&amp;show_text=true&amp;width=350\" title=\"Ouvrie le lien\" target=\"_blank\" rel=\"noopener\">Cliquez ici pour visualiser le contenu<\/a><\/p>\n<p>13\u00a0heures\u2009: 10 \u00e0 15 centim\u00e8tres de neige, des accidents, des chutes\u2026<\/p>\n<p class=\" wall-content\">\u00ab\u2009Les hauteurs de neige estim\u00e9es sont \u00e0 cette heure assez h\u00e9t\u00e9rog\u00e8nes. Elles pourraient atteindre entre 10 et 15 centim\u00e8tres selon les secteurs du d\u00e9partement. Des temp\u00e9ratures n\u00e9gatives sont annonc\u00e9es en journ\u00e9e, descendant jusqu\u2019\u00e0 \u2013 4 \u00e0 \u2013 8 \u00b0 (sur le Pays de Bray) au cours de la nuit\u2009\u00bb, indique la pr\u00e9fecture de la Seine-Maritime.<\/p>\n<p class=\" wall-content\">\u00c0 11\u00a0heures, l\u2019activit\u00e9 des sapeurs-pompiers en lien avec l\u2019\u00e9pisode m\u00e9t\u00e9orologique demeurait mod\u00e9r\u00e9e. Depuis 7h40, <strong>neuf accidents de la circulation et une dizaine de chutes de personnes sur la voie publique<\/strong>, essentiellement dans le secteur de l\u2019agglom\u00e9ration rouennaise, \u00e9taient recens\u00e9s.<\/p>\n<p class=\" wall-content\">Compte tenu des conditions de circulation ce lundi matin et des pr\u00e9visions pour demain, le pr\u00e9fet maintient la <strong>suspension des transports scolaires<\/strong> pour la journ\u00e9e de mardi. Sauf information contraire des \u00e9tablissements, les \u00e9l\u00e8ves seront bien accueillis dans les \u00e9coles, coll\u00e8ges et lyc\u00e9es.<\/p>\n<p>12h15\u2009: l\u2019entr\u00e9e de l\u2019h\u00f4pital Monod bloqu\u00e9e<\/p>\n<p class=\" wall-content\">L\u2019entr\u00e9e de l\u2019h\u00f4pital Jacques-Monod, \u00e0 Montivilliers, pr\u00e8s du\u00a0Havre est bloqu\u00e9e, indique Infos Trafic le\u00a0Havre sur sa page Facebook. Un accident a eu lieu. Des bouchons se sont form\u00e9s en amont.<\/p>\n<p>    <a href=\"https:\/\/www.facebook.com\/plugins\/post.php?href=https%3A%2F%2Fwww.facebook.com%2FInfosTraficLeHavre%2Fposts%2Fpfbid02Dvz4S3EgJodqRwpPvboV3yibWKxfTyLpbcztboWqhWgYVLYi6rYovn6P8iqaq5C5l&amp;show_text=true&amp;width=350\" title=\"Ouvrie le lien\" target=\"_blank\" rel=\"noopener\">Cliquez ici pour visualiser le contenu<\/a><\/p>\n<p>12\u00a0heures\u2009: la collecte des d\u00e9chets interrompue au\u00a0Havre<\/p>\n<p class=\" wall-content\">La collecte des d\u00e9chets a \u00e9t\u00e9 <strong>interrompue au\u00a0Havre<\/strong> et dans toutes les communes de la communaut\u00e9 urbaine Le\u00a0Havre Seine M\u00e9tropole depuis 9\u00a0heures ce lundi matin, ainsi que dans certaines communes de la CU. Dans le cadre de l\u2019interruption des tourn\u00e9es de collecte, il est demand\u00e9 aux habitants de <strong>ne pas sortir les poubelles<\/strong> jusqu\u2019\u00e0 nouvel ordre afin d\u2019\u00e9viter toute g\u00eane sur l\u2019espace public.<\/p>\n<p>11h45\u2009: de nombreuses lignes de bus \u00e0 l\u2019arr\u00eat \u00e0 Rouen<\/p>\n<p class=\" wall-content\">Un beau manteau blanc de neige s\u2019est d\u00e9pos\u00e9 sur Rouen \u00e9galement, amenant aussi son lot de gal\u00e8res. Ainsi, le r\u00e9seau de transports en commun Astuce est fortement perturb\u00e9. On fait le point sur les bus qui circulent ou pas <a href=\"https:\/\/actu.fr\/normandie\/rouen_76540\/neige-a-rouen-de-nombreuses-lignes-de-bus-ne-circulent-plus-on-fait-le-point_63650140.html\" target=\"_blank\" rel=\"noopener\">dans notre article<\/a>.<\/p>\n<p>11h30\u2009: accidents, chutes\u2026 de nombreuses interventions des pompiers<\/p>\n<p class=\" wall-content\">Alors que la neige continue de tomber en Seine-Maritime, les pompiers ont de nombreuses interventions \u00e0 g\u00e9rer depuis ce lundi matin. \u00ab<strong>\u2009Plusieurs accidents sont recens\u00e9s<\/strong>, depuis la lev\u00e9e du jour, sur l\u2019ensemble du d\u00e9partement\u2009\u00bb, indique le Service d\u00e9partemental d\u2019incendie et de secours, qui pr\u00e9cise qu\u2019il n\u2019y a \u00ab\u2009pas de bless\u00e9s graves \u00e0 d\u00e9plorer\u2009\u00bb.<\/p>\n<p class=\" wall-content\">Les sapeurs-pompiers sont \u00e9galement intervenus \u00e0 plusieurs reprises pour \u00ab\u2009des <strong>chutes sur voies publiques<\/strong> sans blessures graves pour les victimes\u2009\u00bb.<\/p>\n<p>11h15\u2009: la circulation des poids lourds interdite dans toute la Seine-Maritime<\/p>\n<p class=\" wall-content\">\u00ab\u2009Face \u00e0 l\u2019intensification des chutes de neige, l\u2019<strong>interdiction de circulation des v\u00e9hicules de +\u00a07,5 tonnes<\/strong> est \u00e9tendue \u00e0 tous les axes de la Seine-Maritime\u2009\u00bb, indique la <a href=\"https:\/\/x.com\/Prefet76\/status\/2008112730889490767\">pr\u00e9fecture de la Seine-Maritime<\/a>. \u00ab\u2009Les v\u00e9hicules sur la route doivent regagner les aires de stationnement les plus proches.\u2009\u00bb Et ce, <strong>jusqu\u2019\u00e0 nouvel ordre<\/strong>.<\/p>\n<p>11\u00a0heures\u2009: des ralentissements apr\u00e8s un accident sur la Sud III<\/p>\n<p class=\" wall-content\">Sur Bison Fut\u00e9, un accident de la circulation a \u00e9t\u00e9 signal\u00e9 vers 10h30 sur la Sud III au niveau du Grand-Quevilly. Des ralentissements sont observ\u00e9s dans le secteur. Serge Gaillard, responsable communication de la Direction Interd\u00e9partementale des Routes Nord-Ouest (Dirno), confirme qu\u2019il s\u2019agit d\u2019un accident mat\u00e9riel sans gravit\u00e9.<\/p>\n<p class=\" wall-content\">Sur l\u2019\u00e9tat de la circulation \u00e0 Rouen et au\u00a0Havre, on constate par ailleurs \u00ab\u2009des ralentissements partout sur les routes\u2009\u00bb. Les axes RN28, A28, N27, A150 et A131 ont \u00e9t\u00e9 class\u00e9s en vigilance C2 par la Dirno, ce qui correspond \u00e0 un niveau de vigilance de niveau 2 sur 4 et des conditions de circulation difficiles.<\/p>\n<p class=\" wall-content\">\u00ab\u2009Tous nos camions nos sortis pour d\u00e9neiger. Nous invitons les personnes \u00e0 \u00e9viter au maximum les d\u00e9placements\u2009\u00bb, souligne Serge Gaillard.<\/p>\n<p>10h30\u2009: la manifestation des agriculteurs est report\u00e9e<\/p>\n<p class=\" wall-content\">Initialement pr\u00e9vue \u00e0 12\u00a0heures, la <a href=\"https:\/\/actu.fr\/normandie\/le-havre_76351\/les-agriculteurs-vont-manifester-ce-lundi-sur-le-pont-de-normandie-attention-a-la-circulation_63647533.html\" target=\"_blank\" rel=\"noopener\">manifestation des agriculteurs<\/a> contre l\u2019accord du Mercosur est report\u00e9e au samedi 10\u00a0janvier 2026.<\/p>\n<p>10h20\u2009: l\u2019A28 bloqu\u00e9e dans les deux sens<\/p>\n<p class=\" wall-content\">La gendarmerie de la Seine-Maritime indique sur son compte Facebook que l\u2019A28 est bloqu\u00e9e dans les deux sens. Par ailleurs, la circulation est lente sur l\u2019A150, l\u00a0\u00bbA151 et l\u2019A29. Les forces de l\u2019ordre conseillent d\u2019 \u00ab\u00a0\u00e9viter de sortir\u00a0\u00bb.<\/p>\n<p>    <a href=\"https:\/\/www.facebook.com\/plugins\/post.php?href=https%3A%2F%2Fwww.facebook.com%2FGendarmeriedeseinemaritime%2Fposts%2Fpfbid02qyhhQgF3B4J3fsCDvooWz3XL1eNRzjw1wCrBXwmDBgRnNMoLWiCHVrjBV8b5mB6dl&amp;show_text=true&amp;width=350\" title=\"Ouvrie le lien\" target=\"_blank\" rel=\"noopener\">Cliquez ici pour visualiser le contenu<\/a><\/p>\n<p>10\u00a0heures\u2009: l\u2019A29 ferm\u00e9e \u00e0 hauteur de Rogerville<\/p>\n<p class=\" wall-content\">L\u2019A29 ferm\u00e9e \u00e0 tous les v\u00e9hicules \u00e0 hauteur de la commune Rogerville jusqu\u2019\u00e0 12\u00a0heures pour le moment, dans le sens ouest-est (Caen vers Saint-Quentin).<\/p>\n<p>9h25\u2009: les bus ne circulent plus au\u00a0Havre<\/p>\n<p class=\" wall-content\">Sur sa page Facebook, LiA indique que <strong>la circulation des bus est interrompue<\/strong> dans l\u2019agglom\u00e9ration du\u00a0Havre depuis 9h25 \u00ab\u2009pour des raisons de s\u00e9curit\u00e9\u2009\u00bb. Le tram, lui, fonctionne normalement pour le moment.<\/p>\n<p>    <a href=\"https:\/\/www.facebook.com\/plugins\/post.php?href=https%3A%2F%2Fwww.facebook.com%2FLIA.transport.agglomeration.LeHavre%2Fposts%2Fpfbid0MhFwmdGXZoqjXTLmwSXw8SccQQP7jWB9sa3fzoVfDzi5XBGN2xTnEqdYjd4UXQpul&amp;show_text=true&amp;width=350\" title=\"Ouvrie le lien\" target=\"_blank\" rel=\"noopener\">Cliquez ici pour visualiser le contenu<\/a><\/p>\n<p>\u00c7a glisse sur les routes<br \/>\n    <img decoding=\"async\" loading=\"lazy\" src=\"https:\/\/static.actu.fr\/uploads\/2026\/01\/neige-janvier-960x640.jpg\" alt=\"La neige est arriv\u00e9e en Seine-Maritime en ce matin du lundi 5 janvier 2026.\" width=\"960\" height=\"640\"\/><br \/>\n    Quelques centim\u00e8tres de neige sont tomb\u00e9s \u00e0 Bosc-B\u00e9ranger. (\u00a9Photos transmises)<\/p>\n<p class=\" wall-content\">Si au\u00a0Havre et \u00e0 Rouen, elle se fait encore attendre, la neige tombe \u00e0 Montivilliers, Longueville-sur-Scie, Caudebec-en-Caux, Bolbec, La Remu\u00e9e, Bourdainville, Doudeville, Bosc-B\u00e9renger\u2026 o\u00f9 des internautes constatent<strong> jusqu\u2019\u00e0 10 centim\u00e8tres <\/strong>ce matin.<\/p>\n<p>La neige en Seine-Maritime en photos<br \/>\n    <img decoding=\"async\" loading=\"lazy\" src=\"https:\/\/static.actu.fr\/uploads\/2026\/01\/neige-aumale-960x640.jpg\" alt=\"La neige est arriv\u00e9e en Seine-Maritime en ce matin du lundi 5 janvier 2026 comme ici \u00e0 Aumale.\" width=\"960\" height=\"640\"\/><br \/>\n    La neige est arriv\u00e9e en Seine-Maritime en ce matin du lundi 5\u00a0janvier 2026 comme ici \u00e0 Aumale. (\u00a9Photo transmise)<\/p>\n<p class=\" wall-content\">Quoi qu\u2019il arrive, <strong>la prudence est de mise<\/strong> sur les routes et autoroutes A 13 et A 28 et A 29 o\u00f9 cela risque de glisser. Un accident de la circulation s\u2019est produit sur la D982 \u00e0 hauteur de la commune de La Cerlangue, peu avant 6\u00a0heures. Un homme de 32\u00a0ans, bless\u00e9 l\u00e9g\u00e8rement, a \u00e9t\u00e9 transport\u00e9 \u00e0 l\u2019h\u00f4pital.<\/p>\n<p class=\" wall-content\">Depuis, plusieurs accidents heureusement sans gravit\u00e9 se sont produits dans l\u2019agglom\u00e9ration du\u00a0Havre ou encore sur l\u2019A29.<\/p>\n<p>Suivez l\u2019actualit\u00e9 de Rouen <a href=\"https:\/\/www.whatsapp.com\/channel\/0029VaKfnf99hXF2ddApFB1D\" target=\"_blank\" rel=\"noopener\">sur notre cha\u00eene WhatsApp<\/a> et <a href=\"https:\/\/www.tiktok.com\/@76actu.fr?lang=fr\" target=\"_blank\" rel=\"noopener\">sur notre compte TikTok<\/a>Suivez l\u2019actualit\u00e9 du\u00a0Havre <a href=\"https:\/\/www.whatsapp.com\/channel\/0029VaFqJYE8aKvLBwVrEe0o\" target=\"_blank\" rel=\"noopener\">sur notre cha\u00eene WhatsApp<\/a> et <a href=\"https:\/\/www.tiktok.com\/@76actu.fr?lang=fr\" target=\"_blank\" rel=\"noopener\">sur notre compte TikTok<\/a><\/p>\n<p class=\" wall-content\">Personnalisez votre actualit\u00e9 en ajoutant vos villes et m\u00e9dias en favori avec <a href=\"https:\/\/moncompte.actu.fr\" title=\"D\u00e9couvez Mon Actu\" rel=\"nofollow noopener\" data-trk=\"{&quot;cta&quot;:{&quot;action&quot;:&quot;https:\\\/\\\/moncompte.actu.fr&quot;,&quot;category&quot;:&quot;mon compte&quot;,&quot;from&quot;:&quot;article footer&quot;,&quot;name&quot;:&quot;Mon actu&quot;,&quot;type&quot;:&quot;cta&quot;}}\" target=\"_blank\">Mon Actu<\/a>.<\/p>\n<p>                    <script async src=\"\/\/www.tiktok.com\/embed.js\"><\/script><\/p>\n","protected":false},"excerpt":{"rendered":"Par Vanessa Leroy Publi\u00e9 le 5 janv. 2026 \u00e0 7h36 ; mis \u00e0 jour le 5 janv. 2026&hellip;\n","protected":false},"author":2,"featured_media":643746,"comment_status":"","ping_status":"","sticky":false,"template":"","format":"standard","meta":{"footnotes":""},"categories":[9587],"tags":[1111,11,12725,1777,674,1011,27,2487,2357,10584,12,5161,25,9590],"class_list":{"0":"post-643745","1":"post","2":"type-post","3":"status-publish","4":"format-standard","5":"has-post-thumbnail","7":"category-rouen","8":"tag-actu","9":"tag-actualites","10":"tag-autoroute-13-a13","11":"tag-eu","12":"tag-europe","13":"tag-fr","14":"tag-france","15":"tag-meteo","16":"tag-meteo-france","17":"tag-neige","18":"tag-news","19":"tag-normandie","20":"tag-republique-francaise","21":"tag-rouen"},"share_on_mastodon":{"url":"https:\/\/pubeurope.com\/@fr\/115845609894183894","error":""},"_links":{"self":[{"href":"https:\/\/www.europesays.com\/fr\/wp-json\/wp\/v2\/posts\/643745","targetHints":{"allow":["GET"]}}],"collection":[{"href":"https:\/\/www.europesays.com\/fr\/wp-json\/wp\/v2\/posts"}],"about":[{"href":"https:\/\/www.europesays.com\/fr\/wp-json\/wp\/v2\/types\/post"}],"author":[{"embeddable":true,"href":"https:\/\/www.europesays.com\/fr\/wp-json\/wp\/v2\/users\/2"}],"replies":[{"embeddable":true,"href":"https:\/\/www.europesays.com\/fr\/wp-json\/wp\/v2\/comments?post=643745"}],"version-history":[{"count":0,"href":"https:\/\/www.europesays.com\/fr\/wp-json\/wp\/v2\/posts\/643745\/revisions"}],"wp:featuredmedia":[{"embeddable":true,"href":"https:\/\/www.europesays.com\/fr\/wp-json\/wp\/v2\/media\/643746"}],"wp:attachment":[{"href":"https:\/\/www.europesays.com\/fr\/wp-json\/wp\/v2\/media?parent=643745"}],"wp:term":[{"taxonomy":"category","embeddable":true,"href":"https:\/\/www.europesays.com\/fr\/wp-json\/wp\/v2\/categories?post=643745"},{"taxonomy":"post_tag","embeddable":true,"href":"https:\/\/www.europesays.com\/fr\/wp-json\/wp\/v2\/tags?post=643745"}],"curies":[{"name":"wp","href":"https:\/\/api.w.org\/{rel}","templated":true}]}}