{"id":643747,"date":"2026-01-06T01:40:12","date_gmt":"2026-01-06T01:40:12","guid":{"rendered":"https:\/\/www.europesays.com\/fr\/643747\/"},"modified":"2026-01-06T01:40:12","modified_gmt":"2026-01-06T01:40:12","slug":"techfest-2026-iventure-connecter-start-up-et-investisseurs","status":"publish","type":"post","link":"https:\/\/www.europesays.com\/fr\/643747\/","title":{"rendered":"tech&#038;fest 2026. iVenture\u00a0: connecter start-up et investisseurs"},"content":{"rendered":"<p><a href=\"https:\/\/www.grenoblealpesmetropole.fr\/1023-forum-iventure.htm\" target=\"_blank\" rel=\"noopener\">L\u2019\u00e9dition 2026 du iVenture<\/a>\u00a0marque un tournant avec une ouverture internationale in\u00e9dite. Le Comit\u00e9 de s\u00e9lection r\u00e9unit 50 investisseurs, dont 36 % d\u2019internationaux, repr\u00e9sentant 13 nationalit\u00e9s et 7 milliards d\u2019euros d\u2019actifs sous gestion \u2013 un niveau record pour l\u2019\u00e9v\u00e9nement. Le iVenture se connecte \u00e9galement au High Level Forum\u00a0: r\u00e9seau mondial de 45 \u00e9cosyst\u00e8mes d\u2019innovation, organis\u00e9 pour la premi\u00e8re fois en partie dans le cadre de tech&amp;fest, ouvrant l\u2019\u00e9v\u00e9nement aux start-up et investisseurs de ces \u00e9cosyst\u00e8mes.<\/p>\n<p>Cette dynamique d\u2019ouverture est renforc\u00e9e par un bootcamp du projet europ\u00e9en Interreg Skale2CT, favorisant les \u00e9changes entre les start-up de Grenoble Alpes, Porto (Portugal) et San Sebastian (Espagne). Autres nouveaut\u00e9s majeures : l\u2019arriv\u00e9e des \u201cuse cases\u201d, t\u00e9moignages crois\u00e9s d\u2019investisseurs et de start-up financ\u00e9es sur leur parcours de lev\u00e9e de fonds, ainsi qu\u2019une conf\u00e9rence d\u00e9di\u00e9e aux grandes tendances de l\u2019investissement par les investisseurs du iVenture. Les \u201creverse pitches\u201d (des pr\u00e9sentations par les investisseurs de leurs fonds et le type de projets qu\u2019ils recherchent) introduits en 2025, sont \u00e9galement reconduits.<\/p>\n<p><strong>IA &amp; infra : b\u00e2tir les fondations du num\u00e9rique de demain<\/strong><\/p>\n<p>L\u2019intelligence artificielle (IA) et les infrastructures num\u00e9riques constituent un levier strat\u00e9gique pour la comp\u00e9titivit\u00e9 et la souverainet\u00e9 technologique. Grenoble Alpes s\u2019appuie sur un \u00e9cosyst\u00e8me de recherche et d\u2019ing\u00e9nierie de premier plan : 1 500 professeurs et doctorants form\u00e9s chaque ann\u00e9e sur l\u2019IA, 120 chercheurs d\u00e9di\u00e9s \u00e0 l\u2019IA au sein de Naver Labs Europe, l\u2019un des plus grands centres de recherche priv\u00e9e fran\u00e7ais sur le sujet&#8230; Dans cette cat\u00e9gorie, MountAIn, Smart Role et Aiperia illustrent des usages concrets, de la r\u00e9silience des infrastructures \u00e0 la formation augment\u00e9e par l\u2019IA, en passant par l\u2019optimisation industrielle.<\/p>\n<p><strong>Tech industrielle : l\u2019ADN productif de Grenoble<\/strong><\/p>\n<p>La s\u00e9lection 2026 refl\u00e8te la dynamique industrielle du territoire : 41 % des start-up locales \u00e9voluent dans l\u2019industrie\u00a0; 3 000 emplois ont \u00e9t\u00e9 g\u00e9n\u00e9r\u00e9s par les start-up industrielles fin 2024\u00a0; Grenoble Alpes est la 1re m\u00e9tropole fran\u00e7aise en taux d\u2019emplois industriels (21,5 %, soit pr\u00e8s de 30 000 emplois)&#8230;<\/p>\n<p>Nanoz, Wise Integration, SteerLight et Krystalix participent \u00e0 ce dynamisme et ont \u00e9t\u00e9 retenues, aux c\u00f4t\u00e9s de trois start-up embl\u00e9matiques du territoire, comme alumini iVenture : Quobly (laur\u00e9at iVenture 2024), Aniah (laur\u00e9at iVenture 2025) et DiamFab.<\/p>\n<p><strong>Health tech : l\u2019innovation au service d\u2019une m\u00e9decine personnalis\u00e9e<\/strong><\/p>\n<p>Avec pr\u00e8s d\u2019une centaine de start-up en sant\u00e9, 42 000 emplois concern\u00e9s par la fili\u00e8re et plus de 520 millions d\u2019euros lev\u00e9s depuis 2017, Grenoble Alpes est un hub majeur des healthtechs et des medtechs en France. Un \u00e9cosyst\u00e8me propice \u00e0 l\u2019\u00e9mergence de solutions de rupture pour une m\u00e9decine plus pr\u00e9dictive, personnalis\u00e9e et accessible, incarn\u00e9 au iVenture par Twinsight, Kolibri, Olgram, VG2D Pharma et CardiaMetrics.<\/p>\n<p><strong>\u00c9nergie &amp; environnement : innover pour la transition<\/strong><\/p>\n<p>Berceau de l\u2019hydro\u00e9lectricit\u00e9 d\u00e8s 1870 et Capitale verte europ\u00e9enne 2022, Grenoble Alpes concentre 17 000 emplois dans l\u2019\u00e9nergie, soit la plus forte densit\u00e9 nationale. Un territoire pionnier de la transition \u00e9nerg\u00e9tique, o\u00f9 la fili\u00e8re \u00e9nergie-environnement repr\u00e9sente 24 % des start-up et scale-up (jeune pousse ayant r\u00e9ussi \u00e0 cro\u00eetre) de moins de 15 ans. BeFC, Distran et Altrans Energies seront aux c\u00f4t\u00e9s de l\u2019Alumni iVenture Stellaria pour repr\u00e9senter les solutions \u00e9nerg\u00e9tiques et environnementales de demain.<\/p>\n<p>Les 19 start-up s\u00e9lectionn\u00e9es pr\u00e9senteront leurs projets devant une soixantaine d\u2019investisseurs nationaux et internationaux pour concourir aux prix iVenture, Early stage et Early growth. Une r\u00e9compense sera \u00e9galement d\u00e9cern\u00e9e au use case investisseur\/start-up le plus convaincant.<\/p>\n","protected":false},"excerpt":{"rendered":"L\u2019\u00e9dition 2026 du iVenture\u00a0marque un tournant avec une ouverture internationale in\u00e9dite. Le Comit\u00e9 de s\u00e9lection r\u00e9unit 50 investisseurs,&hellip;\n","protected":false},"author":2,"featured_media":643748,"comment_status":"","ping_status":"","sticky":false,"template":"","format":"standard","meta":{"footnotes":""},"categories":[9566],"tags":[1111,11,7884,2430,7885,9810,1777,674,1011,27,2731,12,25,20932],"class_list":{"0":"post-643747","1":"post","2":"type-post","3":"status-publish","4":"format-standard","5":"has-post-thumbnail","7":"category-grenoble","8":"tag-actu","9":"tag-actualites","10":"tag-articles-partenaires","11":"tag-auvergne-rhone-alpes","12":"tag-brand-content","13":"tag-direct-entreprises","14":"tag-eu","15":"tag-europe","16":"tag-fr","17":"tag-france","18":"tag-grenoble","19":"tag-news","20":"tag-republique-francaise","21":"tag-tech-and-fest"},"share_on_mastodon":{"url":"https:\/\/pubeurope.com\/@fr\/115845609998821491","error":""},"_links":{"self":[{"href":"https:\/\/www.europesays.com\/fr\/wp-json\/wp\/v2\/posts\/643747","targetHints":{"allow":["GET"]}}],"collection":[{"href":"https:\/\/www.europesays.com\/fr\/wp-json\/wp\/v2\/posts"}],"about":[{"href":"https:\/\/www.europesays.com\/fr\/wp-json\/wp\/v2\/types\/post"}],"author":[{"embeddable":true,"href":"https:\/\/www.europesays.com\/fr\/wp-json\/wp\/v2\/users\/2"}],"replies":[{"embeddable":true,"href":"https:\/\/www.europesays.com\/fr\/wp-json\/wp\/v2\/comments?post=643747"}],"version-history":[{"count":0,"href":"https:\/\/www.europesays.com\/fr\/wp-json\/wp\/v2\/posts\/643747\/revisions"}],"wp:featuredmedia":[{"embeddable":true,"href":"https:\/\/www.europesays.com\/fr\/wp-json\/wp\/v2\/media\/643748"}],"wp:attachment":[{"href":"https:\/\/www.europesays.com\/fr\/wp-json\/wp\/v2\/media?parent=643747"}],"wp:term":[{"taxonomy":"category","embeddable":true,"href":"https:\/\/www.europesays.com\/fr\/wp-json\/wp\/v2\/categories?post=643747"},{"taxonomy":"post_tag","embeddable":true,"href":"https:\/\/www.europesays.com\/fr\/wp-json\/wp\/v2\/tags?post=643747"}],"curies":[{"name":"wp","href":"https:\/\/api.w.org\/{rel}","templated":true}]}}