{"id":643751,"date":"2026-01-06T01:43:13","date_gmt":"2026-01-06T01:43:13","guid":{"rendered":"https:\/\/www.europesays.com\/fr\/643751\/"},"modified":"2026-01-06T01:43:13","modified_gmt":"2026-01-06T01:43:13","slug":"ce-que-lon-sait-de-lincendie-du-centre-commercial-de-la-bellangerais","status":"publish","type":"post","link":"https:\/\/www.europesays.com\/fr\/643751\/","title":{"rendered":"ce que l&rsquo;on sait de l&rsquo;incendie du centre commercial de la Bellangerais"},"content":{"rendered":"<p>                    Par<br \/>\n        <strong><br \/>\n            <a href=\"https:\/\/actu.fr\/auteur\/laurene-fertin\" title=\"Consulter tous les articles de Laur\u00e8ne Fertin\" target=\"_blank\" rel=\"noopener\">Laur\u00e8ne Fertin<\/a><br \/>\n                    <\/strong><\/p>\n<p>        Publi\u00e9 le<\/p>\n<p>            5 janv. 2026 \u00e0 19h36        <\/p>\n<p><a href=\"https:\/\/actu.fr\/bretagne\/rennes_35238\/neige-a-rennes-circulation-bus-metro-previsions-meteo-suivez-la-situation-en-direct_63652791.html\" target=\"_blank\" rel=\"noopener\"><strong>La neige<\/strong> a mis<strong> en difficult\u00e9<\/strong> les sapeurs-pompiers de Rennes<\/a>, ce lundi 5\u00a0janvier 2026.<a href=\"https:\/\/actu.fr\/bretagne\/rennes_35238\/rennes-un-gros-incendie-se-declare-dans-le-centre-commercial-de-la-bellangerais-les-pompiers-sur-place_63654195.html\" target=\"_blank\" rel=\"noopener\"> Six cellules du <strong>centre commercial de la Bellangerais<\/strong> ont en effet pris feu.<\/a> L\u2019incendie s\u2019est d\u00e9clar\u00e9 \u00e0 <strong>17h30.<\/strong><\/p>\n<p>Une propagation par les combles<\/p>\n<p class=\" wall-content\">\u00ab\u2009Le feu concernait <strong>une premi\u00e8re cellule<\/strong> et, \u00e0 notre arriv\u00e9e, \u00e9tait d\u00e9j\u00e0 bien actif\u2009\u00bb, indique St\u00e9phane Picaut, le commandant des op\u00e9rations.<\/p>\n<p class=\" wall-content\">L\u2019incendie s\u2019est effectivement<strong> propag\u00e9 dans les combles non am\u00e9nag\u00e9s<\/strong> de cellules commerciales attenantes. Au total, <strong>six cellules sur huit ont \u00e9t\u00e9 impact\u00e9es<\/strong> pour ce grand ensemble commercial de<strong> 600 m\u00b2.<\/strong><\/p>\n<p>\u00ab\u2009Tout \u00e9tait embras\u00e9\u2009\u00bb<\/p>\n<p class=\" wall-content\">\u00ab\u2009Notre travail consistait \u00e0 \u00e9teindre le sinistre de la premi\u00e8re cellule commerciale mais \u00e9galement \u00e0 r\u00e9aliser un d\u00e9garnissage pour \u00e9viter toute autre propagation\u2009\u00bb, poursuit le commandant des op\u00e9rations.<\/p>\n<p class=\" wall-content\">Si la piste de la boucherie a \u00e9t\u00e9 avanc\u00e9e par les t\u00e9moins rencontr\u00e9s sur place, comme \u00e9tant le lieu \u00e0 l\u2019origine du d\u00e9part de feu, St\u00e9phane Picaut pr\u00e9f\u00e8re rester <strong>prudent.<\/strong><\/p>\n<blockquote class=\"ac-article-quote wall-content\">\n<p>Nous n&rsquo;avons pas pu distinguer l&rsquo;origine du sinistre car \u00e0 l&rsquo;arriv\u00e9e des \u00e9quipes, tout \u00e9tait embras\u00e9.<\/p>\n<p>    <strong>St\u00e9phane Picaut<\/strong><br \/>\n        Commandant des op\u00e9rations    <\/p><\/blockquote>\n<p class=\" wall-content\">\n<p>Votre r\u00e9gion, votre actu !<\/p>\n<p>Recevez chaque jour les infos qui comptent pour vous.<\/p>\n<p>\t<a href=\"https:\/\/actu.fr\/newsletter\" class=\"ac-btn ac-btn--corner ac-btn--medium ac-btn--blue800\" target=\"_blank\" rel=\"noopener\">S&rsquo;incrire<\/a><br \/>\nPas de victimes<\/p>\n<p class=\" wall-content\">Aux alentours de 19h,<strong> \u00ab\u2009le feu a \u00e9t\u00e9 contenu<\/strong> dans son volume initial, il n\u2019y a plus de propagation\u2009\u00bb, assure le commandant St\u00e9phane Picaut \u2013 et cela m\u00eame si la m\u00e9t\u00e9o a rallong\u00e9 le d\u00e9lai d\u2019intervention en raison des axes routiers enti\u00e8rement congestionn\u00e9s.<\/p>\n<p class=\" wall-content\">Fort heureusement, la plupart des cellules commerciales \u00e9taient <strong>vides.<\/strong> Il n\u2019y a ainsi<strong> pas de victimes \u00e0 d\u00e9plorer.<\/strong><\/p>\n<blockquote class=\"ac-article-quote wall-content\">\n<p>Les reconnaissances se poursuivent malgr\u00e9 tout dans les combles afin de s&rsquo;assurer que des gaz ou fum\u00e9es ne se propagent dans des biais que nous n&rsquo;avons pas \u00e9t\u00e9 en mesure de voir.<\/p>\n<p>    <strong>St\u00e9phane Picaut<\/strong><br \/>\n        Commandant des op\u00e9rations    <\/p><\/blockquote>\n<p class=\" wall-content\">Au total, <strong>une vingtaine d\u2019engins<\/strong> et<strong> une cinquantaine de sapeurs-pompiers<\/strong> ont \u00e9t\u00e9 engag\u00e9s.<\/p>\n<p class=\" wall-content\">Personnalisez votre actualit\u00e9 en ajoutant vos villes et m\u00e9dias en favori avec <a href=\"https:\/\/moncompte.actu.fr\" title=\"D\u00e9couvez Mon Actu\" rel=\"nofollow noopener\" data-trk=\"{&quot;cta&quot;:{&quot;action&quot;:&quot;https:\\\/\\\/moncompte.actu.fr&quot;,&quot;category&quot;:&quot;mon compte&quot;,&quot;from&quot;:&quot;article footer&quot;,&quot;name&quot;:&quot;Mon actu&quot;,&quot;type&quot;:&quot;cta&quot;}}\" target=\"_blank\">Mon Actu<\/a>.<\/p>\n","protected":false},"excerpt":{"rendered":"Par Laur\u00e8ne Fertin Publi\u00e9 le 5 janv. 2026 \u00e0 19h36 La neige a mis en difficult\u00e9 les sapeurs-pompiers&hellip;\n","protected":false},"author":2,"featured_media":643752,"comment_status":"","ping_status":"","sticky":false,"template":"","format":"standard","meta":{"footnotes":""},"categories":[2821],"tags":[1111,11,829,1777,674,118,1011,27,1310,12,1311,584,25],"class_list":{"0":"post-643751","1":"post","2":"type-post","3":"status-publish","4":"format-standard","5":"has-post-thumbnail","7":"category-rennes","8":"tag-actu","9":"tag-actualites","10":"tag-bretagne","11":"tag-eu","12":"tag-europe","13":"tag-faits-divers","14":"tag-fr","15":"tag-france","16":"tag-incendie","17":"tag-news","18":"tag-pompiers","19":"tag-rennes","20":"tag-republique-francaise"},"share_on_mastodon":{"url":"https:\/\/pubeurope.com\/@fr\/115845621708051404","error":""},"_links":{"self":[{"href":"https:\/\/www.europesays.com\/fr\/wp-json\/wp\/v2\/posts\/643751","targetHints":{"allow":["GET"]}}],"collection":[{"href":"https:\/\/www.europesays.com\/fr\/wp-json\/wp\/v2\/posts"}],"about":[{"href":"https:\/\/www.europesays.com\/fr\/wp-json\/wp\/v2\/types\/post"}],"author":[{"embeddable":true,"href":"https:\/\/www.europesays.com\/fr\/wp-json\/wp\/v2\/users\/2"}],"replies":[{"embeddable":true,"href":"https:\/\/www.europesays.com\/fr\/wp-json\/wp\/v2\/comments?post=643751"}],"version-history":[{"count":0,"href":"https:\/\/www.europesays.com\/fr\/wp-json\/wp\/v2\/posts\/643751\/revisions"}],"wp:featuredmedia":[{"embeddable":true,"href":"https:\/\/www.europesays.com\/fr\/wp-json\/wp\/v2\/media\/643752"}],"wp:attachment":[{"href":"https:\/\/www.europesays.com\/fr\/wp-json\/wp\/v2\/media?parent=643751"}],"wp:term":[{"taxonomy":"category","embeddable":true,"href":"https:\/\/www.europesays.com\/fr\/wp-json\/wp\/v2\/categories?post=643751"},{"taxonomy":"post_tag","embeddable":true,"href":"https:\/\/www.europesays.com\/fr\/wp-json\/wp\/v2\/tags?post=643751"}],"curies":[{"name":"wp","href":"https:\/\/api.w.org\/{rel}","templated":true}]}}