{"id":643755,"date":"2026-01-06T01:45:27","date_gmt":"2026-01-06T01:45:27","guid":{"rendered":"https:\/\/www.europesays.com\/fr\/643755\/"},"modified":"2026-01-06T01:45:27","modified_gmt":"2026-01-06T01:45:27","slug":"ligue-1-liam-rosenior-au-racing-club-de-strasbourg-denouement-attendu-ce-mardi","status":"publish","type":"post","link":"https:\/\/www.europesays.com\/fr\/643755\/","title":{"rendered":"Ligue 1. Liam Rosenior au Racing Club de Strasbourg, d\u00e9nouement attendu ce mardi"},"content":{"rendered":"<p>Ils n\u2019\u00e9taient pas nombreux ce lundi sur le coup de midi trente \u00e0 braver le froid pour assister \u00e0 l\u2019entra\u00eenement des Racingmen,  alors que c\u2019\u00e9tait tr\u00e8s certainement la premi\u00e8re s\u00e9ance de l\u2019apr\u00e8s <a href=\"https:\/\/www.dna.fr\/p\/liam-rosenior\" target=\"_blank\" rel=\"noopener\">Liam Rosenior<\/a>.<\/p>\n<p>Le technicien anglais, encore sur le banc samedi \u00e0 Nice pour le dernier match du cycle aller du championnat, <a href=\"https:\/\/www.dna.fr\/sport\/2026\/01\/04\/il-quitte-les-bleus-du-racing-pour-les-blues-de-chelsea-c-etait-soir-d-au-revoir-pour-liam-rosenior\" target=\"_blank\" rel=\"noopener\">est parti dimanche pour Londres<\/a> et, cette fois, ce n\u2019\u00e9tait pas pour voir sa famille, comme cela a pu lui arriver par le pass\u00e9.<\/p>\n<p class=\"chiffre\">6<\/p>\n<p>Depuis son retour en tant qu\u2019entra\u00eeneur adjoint du Racing, \u00e0 l\u2019or\u00e9e de la saison 2020\/21, Jean-Marc Kuentz (photo Jean-Marc Loos) a vu passer six coaches sur le banc. Liam Rosenior, arriv\u00e9 en juillet\u00a02024 et en partance pour Chelsea, est celui avec qui il a le plus de matches en commun sur les bords du Krimmeri (63), devant Julien St\u00e9phan (58,&#8230;<\/p>\n","protected":false},"excerpt":{"rendered":"Ils n\u2019\u00e9taient pas nombreux ce lundi sur le coup de midi trente \u00e0 braver le froid pour assister&hellip;\n","protected":false},"author":2,"featured_media":643756,"comment_status":"","ping_status":"","sticky":false,"template":"","format":"standard","meta":{"footnotes":""},"categories":[2820],"tags":[328,1111,11,2880,1777,674,107,63,1011,27,775,12,41281,25,517,640,2879],"class_list":{"0":"post-643755","1":"post","2":"type-post","3":"status-publish","4":"format-standard","5":"has-post-thumbnail","7":"category-strasbourg","8":"tag-a-la-une","9":"tag-actu","10":"tag-actualites","11":"tag-edition-strasbourg","12":"tag-eu","13":"tag-europe","14":"tag-fil-info","15":"tag-football","16":"tag-fr","17":"tag-france","18":"tag-grand-est","19":"tag-news","20":"tag-racing-club-strasbourg-masculin","21":"tag-republique-francaise","22":"tag-sport","23":"tag-strasbourg","24":"tag-strasbourg-ville"},"share_on_mastodon":{"url":"https:\/\/pubeurope.com\/@fr\/115845629432817039","error":""},"_links":{"self":[{"href":"https:\/\/www.europesays.com\/fr\/wp-json\/wp\/v2\/posts\/643755","targetHints":{"allow":["GET"]}}],"collection":[{"href":"https:\/\/www.europesays.com\/fr\/wp-json\/wp\/v2\/posts"}],"about":[{"href":"https:\/\/www.europesays.com\/fr\/wp-json\/wp\/v2\/types\/post"}],"author":[{"embeddable":true,"href":"https:\/\/www.europesays.com\/fr\/wp-json\/wp\/v2\/users\/2"}],"replies":[{"embeddable":true,"href":"https:\/\/www.europesays.com\/fr\/wp-json\/wp\/v2\/comments?post=643755"}],"version-history":[{"count":0,"href":"https:\/\/www.europesays.com\/fr\/wp-json\/wp\/v2\/posts\/643755\/revisions"}],"wp:featuredmedia":[{"embeddable":true,"href":"https:\/\/www.europesays.com\/fr\/wp-json\/wp\/v2\/media\/643756"}],"wp:attachment":[{"href":"https:\/\/www.europesays.com\/fr\/wp-json\/wp\/v2\/media?parent=643755"}],"wp:term":[{"taxonomy":"category","embeddable":true,"href":"https:\/\/www.europesays.com\/fr\/wp-json\/wp\/v2\/categories?post=643755"},{"taxonomy":"post_tag","embeddable":true,"href":"https:\/\/www.europesays.com\/fr\/wp-json\/wp\/v2\/tags?post=643755"}],"curies":[{"name":"wp","href":"https:\/\/api.w.org\/{rel}","templated":true}]}}