{"id":643761,"date":"2026-01-06T01:49:14","date_gmt":"2026-01-06T01:49:14","guid":{"rendered":"https:\/\/www.europesays.com\/fr\/643761\/"},"modified":"2026-01-06T01:49:14","modified_gmt":"2026-01-06T01:49:14","slug":"il-est-surcote-christophe-dugarry-dezingue-roberto-de-zerbi-apres-om-nantes","status":"publish","type":"post","link":"https:\/\/www.europesays.com\/fr\/643761\/","title":{"rendered":"\u00ab\u00a0Il est surcot\u00e9\u00a0\u00bb, Christophe Dugarry d\u00e9zingue Roberto De Zerbi apr\u00e8s OM \u2013 Nantes"},"content":{"rendered":"<p>La critique s\u2019est accentu\u00e9e lorsque Christophe Dugarry a \u00e9voqu\u00e9 la gestion des changements en cours de match par Roberto De Zerbi. \u00ab Les changements tu ne comprends rien, je ne sais pas ce qu&rsquo;il fait ce monsieur. Et l\u00e0 il t&rsquo;explique qu&rsquo;il doit devenir psychologue. Arr\u00eate la psychologie, mec ! Tu as sept adjoints, fais entraineur, on ne te demande que \u00e7a \u00bb, a-t-il lanc\u00e9, toujours en r\u00e9f\u00e9rence \u00e0 la conf\u00e9rence de presse de Roberto De Zerbi. Pour Christophe Dugarry, cette posture traduit une confusion croissante chez l\u2019entra\u00eeneur italien.<\/p>\n<p>Plus globalement, Christophe Dugarry estime que Roberto De Zerbi a atteint ses limites \u00e0 Marseille. \u00ab On lui a donn\u00e9 la possibilit\u00e9, et j&rsquo;y ai cru aussi, de devenir un plus grand entraineur. Mais il y a un plafond de verre. \u00c7a fait 18 mois qu&rsquo;il est l\u00e0, \u00e7a ne progresse pas \u00bb, a-t-il analys\u00e9. Avant d\u2019ass\u00e9ner une conclusion cinglante : \u00ab Il est surcot\u00e9, il n&rsquo;a toujours entra\u00een\u00e9 que des \u00e9quipes moyennes. Et il est en train de montrer mois apr\u00e8s mois que c&rsquo;est un entra\u00eeneur moyen \u00bb. Une remise en cause frontale du statut de Roberto De Zerbi, pourtant pr\u00e9sent\u00e9 comme un technicien moderne et innovant.<\/p>\n<p>Malgr\u00e9 ce constat s\u00e9v\u00e8re, Christophe Dugarry reconna\u00eet que Roberto De Zerbi b\u00e9n\u00e9ficie encore d\u2019une marge de man\u0153uvre sportive. \u00ab De Zerbi a une chance extraordinaire, 5 d\u00e9faites 2 nuls, il est encore dans la course, il peut encore tout se passer. Il est encore en course en Ligue des champions, allez-y ! Mais je suis toujours autant inquiet concernant cet entra\u00eeneur \u00bb, a conclu Christophe Dugarry, appelant implicitement l\u2019OM \u00e0 envisager un autre profil : \u00ab Il faut un mec qui sent le football, un tacticien, qui a des changements en cours de jeu judicieux, un mec inspir\u00e9 \u00bb.<\/p>\n","protected":false},"excerpt":{"rendered":"La critique s\u2019est accentu\u00e9e lorsque Christophe Dugarry a \u00e9voqu\u00e9 la gestion des changements en cours de match par&hellip;\n","protected":false},"author":2,"featured_media":643762,"comment_status":"","ping_status":"","sticky":false,"template":"","format":"standard","meta":{"footnotes":""},"categories":[2818],"tags":[1111,11,51102,1777,674,1011,27,66,884,766,12,91,74967,2636,7329,25,74966,74968],"class_list":{"0":"post-643761","1":"post","2":"type-post","3":"status-publish","4":"format-standard","5":"has-post-thumbnail","7":"category-nantes","8":"tag-actu","9":"tag-actualites","10":"tag-c-dugarry","11":"tag-eu","12":"tag-europe","13":"tag-fr","14":"tag-france","15":"tag-ligue-1","16":"tag-marseille","17":"tag-nantes","18":"tag-news","19":"tag-paris-saint-germain","20":"tag-paris-saint-germain-vs-marseille","21":"tag-pays-de-la-loire","22":"tag-r-de-zerbi","23":"tag-republique-francaise","24":"tag-super-coupe","25":"tag-super-cup"},"share_on_mastodon":{"url":"https:\/\/pubeurope.com\/@fr\/115845645139729043","error":""},"_links":{"self":[{"href":"https:\/\/www.europesays.com\/fr\/wp-json\/wp\/v2\/posts\/643761","targetHints":{"allow":["GET"]}}],"collection":[{"href":"https:\/\/www.europesays.com\/fr\/wp-json\/wp\/v2\/posts"}],"about":[{"href":"https:\/\/www.europesays.com\/fr\/wp-json\/wp\/v2\/types\/post"}],"author":[{"embeddable":true,"href":"https:\/\/www.europesays.com\/fr\/wp-json\/wp\/v2\/users\/2"}],"replies":[{"embeddable":true,"href":"https:\/\/www.europesays.com\/fr\/wp-json\/wp\/v2\/comments?post=643761"}],"version-history":[{"count":0,"href":"https:\/\/www.europesays.com\/fr\/wp-json\/wp\/v2\/posts\/643761\/revisions"}],"wp:featuredmedia":[{"embeddable":true,"href":"https:\/\/www.europesays.com\/fr\/wp-json\/wp\/v2\/media\/643762"}],"wp:attachment":[{"href":"https:\/\/www.europesays.com\/fr\/wp-json\/wp\/v2\/media?parent=643761"}],"wp:term":[{"taxonomy":"category","embeddable":true,"href":"https:\/\/www.europesays.com\/fr\/wp-json\/wp\/v2\/categories?post=643761"},{"taxonomy":"post_tag","embeddable":true,"href":"https:\/\/www.europesays.com\/fr\/wp-json\/wp\/v2\/tags?post=643761"}],"curies":[{"name":"wp","href":"https:\/\/api.w.org\/{rel}","templated":true}]}}