{"id":643767,"date":"2026-01-06T01:52:11","date_gmt":"2026-01-06T01:52:11","guid":{"rendered":"https:\/\/www.europesays.com\/fr\/643767\/"},"modified":"2026-01-06T01:52:11","modified_gmt":"2026-01-06T01:52:11","slug":"a-toulouse-une-nouvelle-alliance-pour-integrer-lia-en-toute-serenite","status":"publish","type":"post","link":"https:\/\/www.europesays.com\/fr\/643767\/","title":{"rendered":"A Toulouse, une nouvelle alliance pour int\u00e9grer l\u2019IA en toute s\u00e9r\u00e9nit\u00e9"},"content":{"rendered":"<p>L\u2019Acad\u00e9mie Cyber Occitanie, fond\u00e9e par Jean Nicolas Piotroswki et Nathalie Raynaud, et NoCode IA, cr\u00e9\u00e9 par  Charles Meurin, viennent d\u2019annoncer un partenariat visant \u00e0 structurer une offre compl\u00e8te de formation et d\u2019accompagnement autour de l\u2019intelligence artificielle, du no-code et de la cybers\u00e9curit\u00e9. \u00ab\u00a0Ce sont les entreprises elles-m\u00eames qui sont \u00e0 l\u2019origine de ce partenariat\u00a0\u00bb, explique Nathalie Raynaud. \u00ab\u00a0L\u2019IA impacte aujourd\u2019hui toutes leurs fonctions, de la R&amp;D \u00e0 la production. Et tout l\u2019enjeu est de pouvoir l\u2019int\u00e9grer en toute s\u00e9r\u00e9nit\u00e9, en comprenant ses atouts, ses cons\u00e9quences et ses limites, notamment en mati\u00e8re de protection des donn\u00e9es.\u00a0\u00bb<\/p>\n<p>Implant\u00e9 dans la Data Valley, \u00e0 Toulouse, ce nouveau campus s\u2019adressera prioritairement aux dirigeants et cadres dirigeants, \u00e0 travers des prestations de conseil strat\u00e9gique et des formations d\u00e9di\u00e9es, ainsi qu\u2019aux salari\u00e9s via des ateliers pratiques et des parcours associant no-code, IA g\u00e9n\u00e9rative et s\u00e9curit\u00e9 num\u00e9rique. L\u2019objectif\u00a0: informer, accompagner la prise de d\u00e9cision et surtout d\u00e9mystifier l\u2019IA et le no-code pour permettre aux entreprises une appropriation progressive et s\u00e9curis\u00e9e.<\/p>\n<p>\u00c0 moyen terme, l\u2019ambition montera d\u2019un cran. \u00ab\u00a0Nous d\u00e9poserons en 2026 une demande de titre RNCP afin de former des jeunes et des adultes\u00a0\u00bb, pr\u00e9cise Nathalie Raynaud. Une formation de niveau Master 2 qui visera \u00e0 pr\u00e9parer des profils capables d\u2019intervenir en conseil et en strat\u00e9gie IA &amp; Cyber, r\u00e9pondant ainsi aux besoins croissants des entreprises du territoire.<\/p>\n<p>En croisant comp\u00e9tences techniques, vision strat\u00e9gique et exigences de cybers\u00e9curit\u00e9, ce partenariat entend \u00ab\u00a0d\u00e9velopper une nouvelle g\u00e9n\u00e9ration de solutions num\u00e9riques souveraines et former les professionnels capables de les concevoir, les exploiter et les s\u00e9curiser\u00a0\u00bb.<br class=\"autobr\"\/><br \/>\nIngrid Lemelle<\/p>\n<p>Photo DR.<\/p>\n","protected":false},"excerpt":{"rendered":"L\u2019Acad\u00e9mie Cyber Occitanie, fond\u00e9e par Jean Nicolas Piotroswki et Nathalie Raynaud, et NoCode IA, cr\u00e9\u00e9 par Charles Meurin,&hellip;\n","protected":false},"author":2,"featured_media":643768,"comment_status":"","ping_status":"","sticky":false,"template":"","format":"standard","meta":{"footnotes":""},"categories":[2816],"tags":[75015,1111,11,1075,1777,674,1119,1011,27,223,12,75016,2680,25,2312],"class_list":{"0":"post-643767","1":"post","2":"type-post","3":"status-publish","4":"format-standard","5":"has-post-thumbnail","7":"category-toulouse","8":"tag-academie-cyber-occitanie","9":"tag-actu","10":"tag-actualites","11":"tag-cybersecurite","12":"tag-eu","13":"tag-europe","14":"tag-formation","15":"tag-fr","16":"tag-france","17":"tag-intelligence-artificielle","18":"tag-news","19":"tag-nocode-ia","20":"tag-occitanie","21":"tag-republique-francaise","22":"tag-toulouse"},"share_on_mastodon":{"url":"https:\/\/pubeurope.com\/@fr\/115845656955891391","error":""},"_links":{"self":[{"href":"https:\/\/www.europesays.com\/fr\/wp-json\/wp\/v2\/posts\/643767","targetHints":{"allow":["GET"]}}],"collection":[{"href":"https:\/\/www.europesays.com\/fr\/wp-json\/wp\/v2\/posts"}],"about":[{"href":"https:\/\/www.europesays.com\/fr\/wp-json\/wp\/v2\/types\/post"}],"author":[{"embeddable":true,"href":"https:\/\/www.europesays.com\/fr\/wp-json\/wp\/v2\/users\/2"}],"replies":[{"embeddable":true,"href":"https:\/\/www.europesays.com\/fr\/wp-json\/wp\/v2\/comments?post=643767"}],"version-history":[{"count":0,"href":"https:\/\/www.europesays.com\/fr\/wp-json\/wp\/v2\/posts\/643767\/revisions"}],"wp:featuredmedia":[{"embeddable":true,"href":"https:\/\/www.europesays.com\/fr\/wp-json\/wp\/v2\/media\/643768"}],"wp:attachment":[{"href":"https:\/\/www.europesays.com\/fr\/wp-json\/wp\/v2\/media?parent=643767"}],"wp:term":[{"taxonomy":"category","embeddable":true,"href":"https:\/\/www.europesays.com\/fr\/wp-json\/wp\/v2\/categories?post=643767"},{"taxonomy":"post_tag","embeddable":true,"href":"https:\/\/www.europesays.com\/fr\/wp-json\/wp\/v2\/tags?post=643767"}],"curies":[{"name":"wp","href":"https:\/\/api.w.org\/{rel}","templated":true}]}}