{"id":643784,"date":"2026-01-06T02:02:11","date_gmt":"2026-01-06T02:02:11","guid":{"rendered":"https:\/\/www.europesays.com\/fr\/643784\/"},"modified":"2026-01-06T02:02:11","modified_gmt":"2026-01-06T02:02:11","slug":"nadir-hifi-bientot-en-nba","status":"publish","type":"post","link":"https:\/\/www.europesays.com\/fr\/643784\/","title":{"rendered":"Nadir Hifi bient\u00f4t en NBA ?"},"content":{"rendered":"<p><strong>Dans une interview \u00e0 Kombini, la<br \/>\nstar du Paris Basketball Nadir Hifi (23 ans) a confi\u00e9 que son<br \/>\nprochain objectif \u00e9tait de rejoindre la NBA.<\/strong><\/p>\n<p>Le 22 juin 2023, pendant que Victor Wembanyama \u00e9tait appel\u00e9 en<br \/>\nn\u00b01 par Adam Silver lors de la draft NBA, suivi par ses<br \/>\ncompatriotes Bilal Coulibaly, Rayan Rupert et Sidy Cissoko, Nadir<br \/>\nHifi n\u2019\u00e9tait draft\u00e9 par aucune franchise. Le meneur alors sur le<br \/>\npoint de f\u00eater ses 21 ans sortait pourtant d\u2019une \u00e9norme saison avec<br \/>\nLe Portel (16,8pts de moyenne) et venait d\u2019\u00eatre recrut\u00e9 par le<br \/>\nParis Basketball pour trois ans, le club de la capitale se disant<br \/>\n\u00ab\u00a0pr\u00eat \u00e0 tout mettre en \u0153uvre pour lui permettre<br \/>\nd\u2019atteindre son objectif de NBA\u00ab\u00a0. Deux ans et demi plus<br \/>\ntard, Nadir Hifi porte toujours le maillot parisien, o\u00f9 il a v\u00e9cu<br \/>\nune saison 2024-25 de r\u00eave avec un titre de champion de France \u00e0 la<br \/>\ncl\u00e9, mais n\u2019a toujours pas jou\u00e9 la moindre minute en NBA.<\/p>\n<p>Nadir Hifi: \u00ab\u00a0Je deviens de<br \/>\nplus en plus pr\u00eat\u00a0\u00bb<\/p>\n<p>C\u2019est d\u00e9sormais son but, comme il l\u2019affirme en ce d\u00e9but d\u2019ann\u00e9e<br \/>\ndans une vid\u00e9o de Kombini. \u00ab\u00a0Aujourd\u2019hui, mon objectif est<br \/>\nclairement la NBA. Je pense que je deviens de plus en plus pr\u00eat, en<br \/>\nregardant la NBA. Comment j\u2019\u00e9volue aussi, sur mon jeu et ma<br \/>\nmaturit\u00e9\u00a0\u00bb, explique le natif de Strasbourg, qui a pour<br \/>\nmod\u00e8le Kobe Bryant (\u00ab\u00a0pour sa mentalit\u00e9, son \u00e9tique de<br \/>\ntravail\u00a0\u00bb) et LeBron James (\u00ab\u00a0sa fa\u00e7on de g\u00e8re<br \/>\nson hygi\u00e8ne de vie, l\u2019investissement qu\u2019il met sur son<br \/>\ncorps\u00a0\u00bb), et qui cite Steve Curry, Michael Jordan et<br \/>\nShaquille O\u2019Neal pour compl\u00e9ter son cinq majeur de r\u00eave.<\/p>\n<p>Une occasion manqu\u00e9e \u00e0 l\u2019\u00e9t\u00e9<br \/>\n2024<\/p>\n<p>A l\u2019\u00e9t\u00e9 2024, Nadir Hifi avait eu l\u2019occasion de disputer la<br \/>\nSummer League de Las Vegas avec Minnesota. Il avait brill\u00e9 (14,5<br \/>\npoints de moyenne en 14 minutes) mais avait d\u00fb rentrer en France<br \/>\nsuite \u00e0 un probl\u00e8me familial. Il n\u2019a pas eu d\u2019autres chances<br \/>\ndepuis, et assurait en septembre 2024 aupr\u00e8s de First Team<br \/>\nque son principal handicap r\u00e9sidait dans\u2026 la longueur de ses bras !<br \/>\n\u00ab\u00a0Ce qui me manque pour la NBA, c\u2019est ma taille, mon<br \/>\nenvergure. \u00c0 Minnesota, ils ont mesur\u00e9 deux fois mon envergure<br \/>\nparce qu\u2019ils \u00e9taient choqu\u00e9s. J\u2019ai des petits bras quoi\u2026 Avec un<br \/>\ntemps d\u2019adaptation de un ou deux ans pour me pr\u00e9parer et me former<br \/>\n\u00e0 la NBA, avec mon talent et m\u00eame si ma taille sera un petit<br \/>\nprobl\u00e8me, je pense que je peux montrer des choses. \u00bb Ses bras<br \/>\nn\u2019ont pas pouss\u00e9 pendant les derniers mois, mais Nadir Hifi est<br \/>\ndevenu un joueur confirm\u00e9 d\u2019Euroligue, qui tourne \u00e0 20 points de<br \/>\nmoyenne en 18 matchs cette saison. Suffisant pour convaincre une<br \/>\nfranchise NBA de le recruter ?<\/p>\n","protected":false},"excerpt":{"rendered":"Dans une interview \u00e0 Kombini, la star du Paris Basketball Nadir Hifi (23 ans) a confi\u00e9 que son&hellip;\n","protected":false},"author":2,"featured_media":487796,"comment_status":"","ping_status":"","sticky":false,"template":"","format":"standard","meta":{"footnotes":""},"categories":[1888],"tags":[1111,1928,11,1927,1777,674,1011,27,64757,31220,2182,12,1926,626,1925,25,57681],"class_list":{"0":"post-643784","1":"post","2":"type-post","3":"status-publish","4":"format-standard","5":"has-post-thumbnail","7":"category-paris","8":"tag-actu","9":"tag-actu-paris","10":"tag-actualites","11":"tag-actualites-paris","12":"tag-eu","13":"tag-europe","14":"tag-fr","15":"tag-france","16":"tag-hifi","17":"tag-minnesota","18":"tag-nba","19":"tag-news","20":"tag-news-paris","21":"tag-paris","22":"tag-paris-news","23":"tag-republique-francaise","24":"tag-sport365-fr"},"share_on_mastodon":{"url":"https:\/\/pubeurope.com\/@fr\/115845696388934932","error":""},"_links":{"self":[{"href":"https:\/\/www.europesays.com\/fr\/wp-json\/wp\/v2\/posts\/643784","targetHints":{"allow":["GET"]}}],"collection":[{"href":"https:\/\/www.europesays.com\/fr\/wp-json\/wp\/v2\/posts"}],"about":[{"href":"https:\/\/www.europesays.com\/fr\/wp-json\/wp\/v2\/types\/post"}],"author":[{"embeddable":true,"href":"https:\/\/www.europesays.com\/fr\/wp-json\/wp\/v2\/users\/2"}],"replies":[{"embeddable":true,"href":"https:\/\/www.europesays.com\/fr\/wp-json\/wp\/v2\/comments?post=643784"}],"version-history":[{"count":0,"href":"https:\/\/www.europesays.com\/fr\/wp-json\/wp\/v2\/posts\/643784\/revisions"}],"wp:featuredmedia":[{"embeddable":true,"href":"https:\/\/www.europesays.com\/fr\/wp-json\/wp\/v2\/media\/487796"}],"wp:attachment":[{"href":"https:\/\/www.europesays.com\/fr\/wp-json\/wp\/v2\/media?parent=643784"}],"wp:term":[{"taxonomy":"category","embeddable":true,"href":"https:\/\/www.europesays.com\/fr\/wp-json\/wp\/v2\/categories?post=643784"},{"taxonomy":"post_tag","embeddable":true,"href":"https:\/\/www.europesays.com\/fr\/wp-json\/wp\/v2\/tags?post=643784"}],"curies":[{"name":"wp","href":"https:\/\/api.w.org\/{rel}","templated":true}]}}