{"id":643792,"date":"2026-01-06T02:07:12","date_gmt":"2026-01-06T02:07:12","guid":{"rendered":"https:\/\/www.europesays.com\/fr\/643792\/"},"modified":"2026-01-06T02:07:12","modified_gmt":"2026-01-06T02:07:12","slug":"lancienne-vice-premiere-ministre-du-canada-chrystia-freeland-nommee-conseillere-economique-en-ukraine-par-zelensky","status":"publish","type":"post","link":"https:\/\/www.europesays.com\/fr\/643792\/","title":{"rendered":"L&rsquo;ancienne vice-premi\u00e8re ministre du Canada Chrystia Freeland nomm\u00e9e conseill\u00e8re \u00e9conomique en Ukraine par Zelensky"},"content":{"rendered":"<p>\n    D\u2019origine ukrainienne, Chrystia Freeland \u00e9tait depuis le mois de septembre repr\u00e9sentante sp\u00e9ciale du Canada pour la reconstruction de l\u2019Ukraine.<\/p>\n<p class=\"fig-paragraph\">La Canadienne\u00a0<a href=\"http:\/\/www.lefigaro.fr\/international\/negociatrice-redoutable-contre-star-de-la-finance-ces-deux-amis-en-lice-pour-succeder-a-justin-trudeau-20250227\" target=\"_blank\" data-fig-type=\"Article\" rel=\"noopener\" data-gtm-custom-categorie=\"navigation\" data-gtm-custom-action=\"crossclick\" data-gtm-custom-label=\"Contextuel\" data-gtm-event=\"customEventSPE\" data-fig-domain=\"LEFIGARO\">Chrystia Freeland<\/a>, ancienne vice-premi\u00e8re ministre et ex- ministre des Finances et des Affaires \u00e9trang\u00e8res, a annonc\u00e9 lundi d\u00e9missionner de ses mandats dans son pays apr\u00e8s sa nomination comme conseill\u00e8re au d\u00e9veloppement \u00e9conomique par le pr\u00e9sident ukrainien Volodymyr Zelensky.<\/p>\n<p class=\"fig-paragraph\">D&rsquo;origine ukrainienne, Chrystia Freeland \u00e9tait depuis le mois de septembre repr\u00e9sentante sp\u00e9ciale du Canada pour la reconstruction de l&rsquo;Ukraine apr\u00e8s avoir occup\u00e9 plusieurs portefeuilles minist\u00e9riels ces derni\u00e8res ann\u00e9es. Elle \u00e9tait \u00e9galement d\u00e9put\u00e9e pour le parti lib\u00e9ral (centre-gauche). \u00abL&rsquo;Ukraine est au c\u0153ur du combat mondial pour la d\u00e9mocratie et je suis heureuse de pouvoir y contribuer b\u00e9n\u00e9volement en tant que conseill\u00e8re \u00e9conomique aupr\u00e8s du pr\u00e9sident Zelensky\u00bb, a-t-elle \u00e9crit sur X.<\/p>\n<p>                                            <a class=\"fig-a11y-skip\" href=\"#fig-a11y-skip-main-inarticle\" data-module=\"a11y-skip\" data-context=\"was @visible\"><br \/>\n    Passer la publicit\u00e9<br \/>\n<\/a>            <\/p>\n<p class=\"fig-paragraph\">\u00abEn acceptant ce r\u00f4le non r\u00e9mun\u00e9r\u00e9, je quitterai mon poste de repr\u00e9sentante sp\u00e9ciale du Premier ministre Mark Carney pour la reconstruction de l&rsquo;Ukraine. Dans les prochaines semaines, je quitterai \u00e9galement mon si\u00e8ge au Parlement\u00bb, a-t-elle ajout\u00e9.<\/p>\n<p>                                            Garde rapproch\u00e9e de Justin Trudeau<\/p>\n<p class=\"fig-paragraph\">Il y a un an, Chrystia Freeland s&rsquo;\u00e9tait port\u00e9e candidate pour remplacer Justin Trudeau \u00e0 la t\u00eate du Parti lib\u00e9ral et comme premier ministre, mais elle avait \u00e9t\u00e9 largement battue par Mark Carney lors d&rsquo;un scrutin. Elle avait finalement accept\u00e9 de rejoindre le gouvernement de ce dernier. \u00abChrystia poss\u00e8de une grande expertise et une vaste exp\u00e9rience dans l&rsquo;attraction d&rsquo;investissements et la mise en \u0153uvre de transformations \u00e9conomiques\u00bb, a \u00e9crit le pr\u00e9sident ukrainien en annon\u00e7ant sa nomination lundi. \u00abEn ce moment, l&rsquo;Ukraine doit renforcer sa r\u00e9silience interne tant pour la reprise du pays si la diplomatie produit des r\u00e9sultats aussi rapidement que possible, que pour renforcer notre d\u00e9fense si, en raison des retards de nos partenaires, il faut plus de temps pour mettre fin \u00e0 cette guerre\u00bb, a-t-il ajout\u00e9 sur X.<\/p>\n<p class=\"fig-paragraph\">Longtemps parmi la garde rapproch\u00e9e de Justin Trudeau et m\u00eame un temps pressentie pour lui succ\u00e9der, Chrystia Freeland a pr\u00e9cipit\u00e9 la chute de ce dernier il y a un an en avec une d\u00e9mission fracassante du gouvernement.<\/p>\n<p class=\"fig-paragraph\">Cette ancienne journaliste et polyglotte de 57 ans (qui parle couramment ukrainien, anglais, fran\u00e7ais, italien et russe), a \u00e9t\u00e9 ministre du Commerce international mais aussi des Affaires \u00e9trang\u00e8res avant de devenir vice-premi\u00e8re ministre et la premi\u00e8re femme \u00e0 occuper la fonction de ministre des Finances. Lors du premier mandat du pr\u00e9sident Donald Trump, elle a notamment men\u00e9 les n\u00e9gociations commerciales pour la signature de l&rsquo;Accord de libre-\u00e9change qui lie \u00c9tats-Unis, Mexique et Canada (AEUMC).<\/p>\n","protected":false},"excerpt":{"rendered":"D\u2019origine ukrainienne, Chrystia Freeland \u00e9tait depuis le mois de septembre repr\u00e9sentante sp\u00e9ciale du Canada pour la reconstruction de&hellip;\n","protected":false},"author":2,"featured_media":643793,"comment_status":"","ping_status":"","sticky":false,"template":"","format":"standard","meta":{"footnotes":""},"categories":[1590],"tags":[11,574,1777,674,131,12,220],"class_list":{"0":"post-643792","1":"post","2":"type-post","3":"status-publish","4":"format-standard","5":"has-post-thumbnail","7":"category-ukraine","8":"tag-actualites","9":"tag-canada","10":"tag-eu","11":"tag-europe","12":"tag-guerre-en-ukraine","13":"tag-news","14":"tag-ukraine"},"share_on_mastodon":{"url":"https:\/\/pubeurope.com\/@fr\/115845716025331312","error":""},"_links":{"self":[{"href":"https:\/\/www.europesays.com\/fr\/wp-json\/wp\/v2\/posts\/643792","targetHints":{"allow":["GET"]}}],"collection":[{"href":"https:\/\/www.europesays.com\/fr\/wp-json\/wp\/v2\/posts"}],"about":[{"href":"https:\/\/www.europesays.com\/fr\/wp-json\/wp\/v2\/types\/post"}],"author":[{"embeddable":true,"href":"https:\/\/www.europesays.com\/fr\/wp-json\/wp\/v2\/users\/2"}],"replies":[{"embeddable":true,"href":"https:\/\/www.europesays.com\/fr\/wp-json\/wp\/v2\/comments?post=643792"}],"version-history":[{"count":0,"href":"https:\/\/www.europesays.com\/fr\/wp-json\/wp\/v2\/posts\/643792\/revisions"}],"wp:featuredmedia":[{"embeddable":true,"href":"https:\/\/www.europesays.com\/fr\/wp-json\/wp\/v2\/media\/643793"}],"wp:attachment":[{"href":"https:\/\/www.europesays.com\/fr\/wp-json\/wp\/v2\/media?parent=643792"}],"wp:term":[{"taxonomy":"category","embeddable":true,"href":"https:\/\/www.europesays.com\/fr\/wp-json\/wp\/v2\/categories?post=643792"},{"taxonomy":"post_tag","embeddable":true,"href":"https:\/\/www.europesays.com\/fr\/wp-json\/wp\/v2\/tags?post=643792"}],"curies":[{"name":"wp","href":"https:\/\/api.w.org\/{rel}","templated":true}]}}