{"id":643801,"date":"2026-01-06T02:12:16","date_gmt":"2026-01-06T02:12:16","guid":{"rendered":"https:\/\/www.europesays.com\/fr\/643801\/"},"modified":"2026-01-06T02:12:16","modified_gmt":"2026-01-06T02:12:16","slug":"jai-eu-tres-peur-jai-cru-la-perdre-lea-haddad-star-academy-revient-sur-la-naissance-prematuree-de-sa-fille-et-devoile-son-prenom","status":"publish","type":"post","link":"https:\/\/www.europesays.com\/fr\/643801\/","title":{"rendered":"\u00ab\u00a0J&rsquo;ai eu tr\u00e8s peur, j&rsquo;ai cru la perdre\u00a0\u00bb : L\u00e9a Haddad (Star Academy) revient sur la naissance pr\u00e9matur\u00e9e de sa fille et d\u00e9voile son pr\u00e9nom"},"content":{"rendered":"<p>Le retour de la Star Academy sur TF1 permet chaque ann\u00e9e \u00e0 <a href=\"https:\/\/www.programme-tv.net\/biographie\/10136-aliagas-nikos\/\" data-link-people=\"f7aba040-9169-4e30-aac3-6e2ca1bb8457\" target=\"_blank\" rel=\"noopener\">Nikos Aliagas<\/a> de prendre des nouvelles d&rsquo;anciens \u00e9l\u00e8ves. Samedi 3 janvier, l&rsquo;animateur historique du t\u00e9l\u00e9-crochet a eu le bonheur de pr\u00e9senter le 200e prime de l&rsquo;\u00e9mission lanc\u00e9e en 2001. \u00c0 cette occasion, plusieurs candidats ont fait le d\u00e9placement dont<a href=\"https:\/\/www.programme-tv.net\/news\/tv\/395214-beaucoup-de-frustration-jean-luc-guizonne-star-academy-revient-sur-son-duo-legendaire-avec-stevie-wonder\/\" data-api-deeplink=\"teleloisirs:\/\/news\/395214\" target=\"_blank\" rel=\"noopener\"> la promotion 2005 &#8211; qui f\u00eate ses 20 ans<\/a> &#8211; ou encore les promo 2001, 2002, 2003, 2006 et 2022. Cette derni\u00e8re \u00e9tait repr\u00e9sent\u00e9e par <a href=\"https:\/\/www.programme-tv.net\/news\/tv\/393503-anisha-star-academy-repond-aux-critiques-sur-sa-saison-par-rapport-a-celles-de-pierre-garnier-et-marine-le-public-a-pu-davantage-s-attacher\/\" data-api-deeplink=\"teleloisirs:\/\/news\/393503\" target=\"_blank\" rel=\"noopener\">Anisha Jo, la grande gagnante de cette \u00e9dition<\/a>, et L\u00e9a Haddad. La finaliste n&rsquo;\u00e9tait pas revenue sur le plateau du studio 217 depuis trois ans, elle qui se faisait discr\u00e8te \u00e0 la suite d&rsquo;<a href=\"https:\/\/www.programme-tv.net\/news\/people\/381654-elle-a-ete-mal-interpretee-lea-haddad-star-academy-revient-sur-sa-mesentente-avec-vitaa-qui-lui-a-porte-prejudice\/\" data-api-deeplink=\"teleloisirs:\/\/news\/381654\" target=\"_blank\" rel=\"noopener\">un clash avec Vitaa<\/a>. Mais la jeune femme de 27 ans n&rsquo;a jamais arr\u00eat\u00e9 la musique ! Apr\u00e8s avoir sorti un troisi\u00e8me single au printemps, la chanteuse a annonc\u00e9 \u00eatre <a href=\"https:\/\/www.programme-tv.net\/news\/people\/394986-lea-haddad-star-academy-attend-son-premier-enfant-je-suis-profondement-reconnaissante-pour-ce-cadeau\/\" data-api-deeplink=\"teleloisirs:\/\/news\/394986\" target=\"_blank\" rel=\"noopener\">enceinte<\/a> il y a quelques jours.<\/p>\n<p>Apparue sans son ventre rond lors de son duo en live avec <a href=\"https:\/\/www.programme-tv.net\/news\/tv\/395237-si-je-lenleve-lea-star-academy-explique-pourquoi-elle-chante-avec-son-piercing-a-la-langue\/\" data-api-deeplink=\"teleloisirs:\/\/news\/395237\" target=\"_blank\" rel=\"noopener\">son homonyme<\/a> le week-end pass\u00e9, <a href=\"https:\/\/www.programme-tv.net\/news\/tv\/395222-lea-haddad-a-accouche-l-ex-eleve-de-la-star-academy-annonce-que-son-bebe-est-ne-prematurement-en-plein-prime-sur-tf1\/\" data-api-deeplink=\"teleloisirs:\/\/news\/395222\" target=\"_blank\" rel=\"noopener\">L\u00e9a a r\u00e9v\u00e9l\u00e9 en plein prime avoir accouch\u00e9 pr\u00e9matur\u00e9ment<\/a>. 48h plus tard, l&rsquo;ex-acad\u00e9micienne est sortie du silence au vu de la vague d&rsquo;amour qu&rsquo;elle a re\u00e7u : \u00ab\u00a0Merci pour tous vos messages, ils m\u2019ont profond\u00e9ment touch\u00e9e.<b> Il y a quelques jours, j\u2019ai accouch\u00e9<\/b>, a pr\u00e9cis\u00e9 celle qui a surpris les t\u00e9l\u00e9spectateurs. <b>Ma petite Orlie Haya est arriv\u00e9e plus t\u00f4t que pr\u00e9vu. <\/b>Dieu merci, elle va bien. Apr\u00e8s plusieurs \u00e9preuves, j\u2019ai choisi de garder cette grossesse discr\u00e8te\u00a0\u00bb. Des d\u00e9clarations qui viennent donc mettre fin \u00e0 toutes les rumeurs et qui s&rsquo;accompagnent de plus personnelles explications. \u00ab\u00a0C\u2019\u00e9tait ma quatri\u00e8me grossesse, et j\u2019ai arr\u00eat\u00e9 d\u2019esp\u00e9rer. Je me suis battue pour chacune d\u2019elles, et cette fois, ma lumi\u00e8re a gagn\u00e9\u00a0\u00bb, exulte celle qui avait abord\u00e9<a href=\"https:\/\/www.programme-tv.net\/news\/people\/355800-je-l-ai-tres-mal-vecu-emue-lea-haddad-star-academy-revele-avoir-fait-une-fausse-couche-a-trois-mois-de-grossesse\/\" data-api-deeplink=\"teleloisirs:\/\/news\/355800\" target=\"_blank\" rel=\"noopener\"> ses soucis de fertilit\u00e9 <\/a>avec le vid\u00e9aste Sam Zirah. Et d&rsquo;indiquer au sujet du pr\u00e9nom de sa fille : \u00ab\u00a0J\u2019ai une pens\u00e9e immense pour toutes les femmes engag\u00e9es dans un parcours de PMA, pour celles qui attendent, qui tombent, qui se rel\u00e8vent et continuent malgr\u00e9 la douleur. Votre force est immense. <b>Orlie Haya signifie ma lumi\u00e8re, ma vie<\/b>. Et aujourd\u2019hui, elle est exactement \u00e7a. <b>Elle est n\u00e9e pr\u00e9matur\u00e9ment, j\u2019ai eu tr\u00e8s peur, j\u2019ai cru la perdre. <\/b>Mais une \u00e9quipe m\u00e9dicale incroyable m\u2019a soutenue quand je n\u2019en avais plus la force\u00a0\u00bb. Un t\u00e9moignage qui a \u00e9mu les internautes qui sont d\u00e9j\u00e0, au moment o\u00f9 ses lignes sont \u00e9crites, plus de 30 000 \u00e0 avoir lik\u00e9 la publication post\u00e9e il y a deux heures.<\/p>\n<p>            L\u00e9a Haddad (Star Academy) r\u00e9pond aux critiques sur sa pr\u00e9sence sur le prime de la 200e quelques jours apr\u00e8s son accouchement<\/p>\n<p>L\u00e9a Haddad a \u00e9galement tenu \u00e0 r\u00e9pondre aux quelques d\u00e9tracteurs qui ont critiqu\u00e9 sa venue \u00e0 la Star Academy alors qu&rsquo;elle vient d&rsquo;accoucher. \u00ab\u00a0Je le dis clairement,<b> <\/b>on peut \u00eatre femme, maman, et continuer \u00e0 faire de la musique, \u00e0 cr\u00e9er, \u00e0 vivre ses passions. \u00catre m\u00e8re ne veut pas dire s\u2019effacer. Aujourd\u2019hui, je suis simplement reconnaissante\u00a0\u00bb, note la fille qui a re\u00e7u le soutien de Marl\u00e8ne Schaff, <a href=\"https:\/\/www.programme-tv.net\/biographie\/193957-bernardoni-lucie\/\" data-link-people=\"13ff2c54-0956-4b20-a8ab-38b8298f8a49\" target=\"_blank\" rel=\"noopener\">Lucie Bernardoni<\/a>, <a href=\"https:\/\/www.programme-tv.net\/biographie\/360597-marshall-yanis\/\" data-link-people=\"3976cfd0-a897-4741-9d6b-7cc5ab731aaf\" target=\"_blank\" rel=\"noopener\">Yanis Marshall<\/a>, Louis Albi, <a href=\"https:\/\/www.programme-tv.net\/news\/people\/374723-jai-tente-le-pire-chris-star-academy-revele-avoir-fait-une-tentative-de-suicide-et-devoile-le-trouble-dont-il-souffre\/\" data-api-deeplink=\"teleloisirs:\/\/news\/374723\" target=\"_blank\" rel=\"noopener\">Chris<\/a>, <a href=\"https:\/\/www.programme-tv.net\/news\/musique\/355005-elle-ne-pouvait-pas-taper-plus-haut-tiana-star-academy-sort-une-chanson-avec-une-enorme-star-internationale-les-internautes-choques\/\" data-api-deeplink=\"teleloisirs:\/\/news\/355005\" target=\"_blank\" rel=\"noopener\">Tiana<\/a>, <a href=\"https:\/\/www.programme-tv.net\/news\/tv\/351512-je-n-etais-au-courant-de-rien-carla-star-academy-retablit-la-verite-sur-son-pretendu-lien-de-parente-avec-raphaelle-ricci\/\" data-api-deeplink=\"teleloisirs:\/\/news\/351512\" target=\"_blank\" rel=\"noopener\">Carla<\/a>, <a href=\"https:\/\/www.programme-tv.net\/news\/tv\/364161-c-est-anxiogene-clara-star-academy-pousse-un-coup-de-gueule-face-aux-critiques-sur-les-eleves-de-la-nouvelle-promotion\/\" data-api-deeplink=\"teleloisirs:\/\/news\/364161\" target=\"_blank\" rel=\"noopener\">Clara<\/a> ou encore <a href=\"https:\/\/www.programme-tv.net\/news\/tv\/366469-j-ai-entendu-tout-le-monde-julie-star-academy-revele-cet-evenement-important-qui-a-bouleverse-son-aventure\/\" data-api-deeplink=\"teleloisirs:\/\/news\/366469\" target=\"_blank\" rel=\"noopener\">Julie<\/a>.<\/p>\n<blockquote class=\"instagram-media\" data-instgrm-captioned=\"\" data-instgrm-permalink=\"https:\/\/www.instagram.com\/p\/DTI5QQIggiG\/?utm_source=ig_embed&amp;utm_campaign=loading\" data-instgrm-version=\"14\" style=\" background:#FFF; border:0; border-radius:3px; box-shadow:0 0 1px 0 rgba(0,0,0,0.5),0 1px 10px 0 rgba(0,0,0,0.15); margin: 1px; max-width:658px; min-width:326px; padding:0; width:99.375%; width:-webkit-calc(100% - 2px); width:calc(100% - 2px);\"\/>\n<p>    <script async src=\"\/\/www.instagram.com\/embed.js\"><\/script><\/p>\n","protected":false},"excerpt":{"rendered":"Le retour de la Star Academy sur TF1 permet chaque ann\u00e9e \u00e0 Nikos Aliagas de prendre des nouvelles&hellip;\n","protected":false},"author":2,"featured_media":643802,"comment_status":"","ping_status":"","sticky":false,"template":"","format":"standard","meta":{"footnotes":""},"categories":[1586],"tags":[11,244,1777,674,1779,1011,27,196,64696,64698,64694,64695,65109,12,25,5095,64699,64697,67813,68033,2175,1778,364],"class_list":{"0":"post-643801","1":"post","2":"type-post","3":"status-publish","4":"format-standard","5":"has-post-thumbnail","7":"category-europe","8":"tag-actualites","9":"tag-commentaire","10":"tag-eu","11":"tag-europe","12":"tag-european-union","13":"tag-fr","14":"tag-france","15":"tag-grossesse","16":"tag-la-quotidienne-25112022-173000-tf1","17":"tag-la-quotidienne-su00e9rie-52118294","18":"tag-la-quotidienne-1100832954","19":"tag-la-quotidienne-1100860641","20":"tag-lu00e9a-star-academy-2022","21":"tag-news","22":"tag-republique-francaise","23":"tag-star-academy","24":"tag-star-academy-le-prime-9790195","25":"tag-star-academy-1100807804","26":"tag-star-academy-1101059444","27":"tag-star-academy-1101324617","28":"tag-tl-story","29":"tag-ue","30":"tag-union-europeenne"},"share_on_mastodon":{"url":"","error":"Validation failed: Text character limit of 500 exceeded"},"_links":{"self":[{"href":"https:\/\/www.europesays.com\/fr\/wp-json\/wp\/v2\/posts\/643801","targetHints":{"allow":["GET"]}}],"collection":[{"href":"https:\/\/www.europesays.com\/fr\/wp-json\/wp\/v2\/posts"}],"about":[{"href":"https:\/\/www.europesays.com\/fr\/wp-json\/wp\/v2\/types\/post"}],"author":[{"embeddable":true,"href":"https:\/\/www.europesays.com\/fr\/wp-json\/wp\/v2\/users\/2"}],"replies":[{"embeddable":true,"href":"https:\/\/www.europesays.com\/fr\/wp-json\/wp\/v2\/comments?post=643801"}],"version-history":[{"count":0,"href":"https:\/\/www.europesays.com\/fr\/wp-json\/wp\/v2\/posts\/643801\/revisions"}],"wp:featuredmedia":[{"embeddable":true,"href":"https:\/\/www.europesays.com\/fr\/wp-json\/wp\/v2\/media\/643802"}],"wp:attachment":[{"href":"https:\/\/www.europesays.com\/fr\/wp-json\/wp\/v2\/media?parent=643801"}],"wp:term":[{"taxonomy":"category","embeddable":true,"href":"https:\/\/www.europesays.com\/fr\/wp-json\/wp\/v2\/categories?post=643801"},{"taxonomy":"post_tag","embeddable":true,"href":"https:\/\/www.europesays.com\/fr\/wp-json\/wp\/v2\/tags?post=643801"}],"curies":[{"name":"wp","href":"https:\/\/api.w.org\/{rel}","templated":true}]}}