{"id":643803,"date":"2026-01-06T02:13:10","date_gmt":"2026-01-06T02:13:10","guid":{"rendered":"https:\/\/www.europesays.com\/fr\/643803\/"},"modified":"2026-01-06T02:13:10","modified_gmt":"2026-01-06T02:13:10","slug":"le-theatre-public-un-plan-social-silencieux-episode-1-4-du-podcast-la-culture-sous-pression","status":"publish","type":"post","link":"https:\/\/www.europesays.com\/fr\/643803\/","title":{"rendered":"Le th\u00e9\u00e2tre public, un plan social silencieux : \u00e9pisode 1\/4 du podcast La culture sous pression"},"content":{"rendered":"<p class=\"PopSlotParagraph qg-tx2 qg-xtra-lh svelte-1r0pyek\">Pas d\u2019op\u00e9rations-escargots, pas de pneus qui br\u00fblent, ni de fumier r\u00e9pandu sur les pr\u00e9fectures. Pourtant, soumis \u00e0 des baisses budg\u00e9taires importantes, le milieu de la culture traverse une crise in\u00e9dite qui s\u2019apparente \u00e0 un plan social silencieux. Mais par son importance grandissante dans la politique culturelle fran\u00e7aise depuis la deuxi\u00e8me moiti\u00e9 du XXe si\u00e8cle, c\u2019est le th\u00e9\u00e2tre public qui se retrouve particuli\u00e8rement vuln\u00e9rable \u00e0 ces coupes.<\/p>\n<p class=\"PopSlotParagraph qg-tx2 qg-xtra-lh svelte-1r0pyek\">Rattrap\u00e9e par des situations budg\u00e9taires contraintes, certaines collectivit\u00e9s territoriales requestionnent leur soutien au spectacle vivant. Entre 2024 et 2025, 50% des r\u00e9gions, d\u00e9partements, communes et m\u00e9tropoles ont diminu\u00e9 leur budget consacr\u00e9 \u00e0 la culture et quelque soit le bord politique. La r\u00e9gion Pays de la Loire, avec une baisse spectaculaire de 62% des aides de fonctionnement, en est l\u2019exemple le plus drastique et m\u00e9diatique. Une saign\u00e9e destructrice pour un secteur d\u00e9j\u00e0 tr\u00e8s fragilis\u00e9 par le Covid et l\u2019inflation des mati\u00e8res premi\u00e8res. La chor\u00e9graphe et metteuse en sc\u00e8ne Phia M\u00e9nard dont la compagnie est bas\u00e9e \u00e0 Nantes raconte comment sa compagnie a \u00e9t\u00e9 contrainte de r\u00e9duire ses embauches de techniciens intermittents et de licencier quelqu\u2019un de l\u2019\u00e9quipe.<\/p>\n<p class=\"PopSlotParagraph qg-tx2 qg-xtra-lh svelte-1r0pyek\">A Lyon, Joris Mathieu insiste sur la brutalit\u00e9 de ces m\u00e9thodes qui sont annonc\u00e9es sans concertation et \u00e0 tr\u00e8s courte \u00e9ch\u00e9ance\u00a0: \u201con apprend en cours d&rsquo;ann\u00e9e qu&rsquo;une subvention qu&rsquo;on avait habituellement chaque ann\u00e9e depuis plus de dix ans n&rsquo;est non seulement pas reconduite, mais totalement supprim\u00e9e. Vous imaginez l&rsquo;impact que \u00e7a a sur un exercice qui est d\u00e9j\u00e0 en cours et qui est d\u00e9j\u00e0 projet\u00e9 dans son activit\u00e9? \u00c7a veut dire qu&rsquo;on on a engag\u00e9 175\u202f000 \u20ac de trop dans notre activit\u00e9. Donc, la premi\u00e8re cons\u00e9quence pour moi, en tant que dirigeant de structure \u00e0 l&rsquo;\u00e9poque, c&rsquo;\u00e9tait de conduire la structure \u00e0 un d\u00e9ficit.\u201d<\/p>\n<p class=\"PopSlotParagraph qg-tx2 qg-xtra-lh svelte-1r0pyek\">Ces coupes budg\u00e9taires prises brutalement font reposer la responsabilit\u00e9 sur les \u00e9quipes des th\u00e9\u00e2tres, comme celle du th\u00e9\u00e2tre des \u00celets \u00e0 Montlu\u00e7on dont Carole Thibault, la directrice souligne \u201cl\u2019engagement chevill\u00e9 au corps\u201d pour \u201cne pas abandonner\u201d : \u201cLes gens bossent de plus en plus, prennent sur eux, parce qu&rsquo;ils ne veulent pas abandonner. Ce n&rsquo;est pas possible d&rsquo;abandonner. Et donc \u00e7a, \u00e7a arrange bien les politiques, qui se disent qu&rsquo;ils continuent \u00e0 faire donc tout va bien. Mais comment ne pas continuer \u00e0 faire?\u201d.<\/p>\n<p class=\"PopSlotParagraph qg-tx2 qg-xtra-lh svelte-1r0pyek\">A Paris, Saint-Etienne, Montlu\u00e7on, Bobigny ou Nantes, les m\u00eames inqui\u00e9tudes et les m\u00eames d\u00e9fis pour pr\u00e9server un th\u00e9\u00e2tre de service public.<\/p>\n<p class=\"PopSlotParagraph qg-tx2 qg-xtra-lh svelte-1r0pyek\">Un documentaire de <strong>Bruno Benquey<\/strong>, r\u00e9alis\u00e9 par <strong>Agn\u00e8s Cathou<\/strong>.<\/p>\n<p class=\"PopSlotParagraph qg-tx2 qg-xtra-lh svelte-1r0pyek\"><strong>Avec\u00a0:<\/strong><\/p>\n<p class=\"PopSlotParagraph qg-tx2 qg-xtra-lh svelte-1r0pyek\">Carole Thibault, actrice et metteuse en sc\u00e8ne<\/p>\n<p class=\"PopSlotParagraph qg-tx2 qg-xtra-lh svelte-1r0pyek\">Phia M\u00e9nard, chor\u00e9graphe et metteuse en sc\u00e8ne<\/p>\n<p class=\"PopSlotParagraph qg-tx2 qg-xtra-lh svelte-1r0pyek\">Joris Mathieu, metteur en sc\u00e8ne<\/p>\n<p class=\"PopSlotParagraph qg-tx2 qg-xtra-lh svelte-1r0pyek\">Eric Ruf, metteur en sc\u00e8ne,<\/p>\n<p class=\"PopSlotParagraph qg-tx2 qg-xtra-lh svelte-1r0pyek\">Beno\u00eet Lambert, metteur en sc\u00e8ne,<\/p>\n<p class=\"PopSlotParagraph qg-tx2 qg-xtra-lh svelte-1r0pyek\">Hortense Archambault, directrice de la MC93,<\/p>\n<p class=\"PopSlotParagraph qg-tx2 qg-xtra-lh svelte-1r0pyek\">Guy Saez, politologue<\/p>\n<p class=\"PopSlotParagraph qg-tx2 qg-xtra-lh svelte-1r0pyek\">Vincent Guillon, politologue,<\/p>\n<p class=\"PopSlotParagraph qg-tx2 qg-xtra-lh svelte-1r0pyek\">Emmanuel N\u00e9grier, politologue<\/p>\n","protected":false},"excerpt":{"rendered":"Pas d\u2019op\u00e9rations-escargots, pas de pneus qui br\u00fblent, ni de fumier r\u00e9pandu sur les pr\u00e9fectures. Pourtant, soumis \u00e0 des&hellip;\n","protected":false},"author":2,"featured_media":643804,"comment_status":"","ping_status":"","sticky":false,"template":"","format":"standard","meta":{"footnotes":""},"categories":[2],"tags":[11,1011,27,12,25],"class_list":{"0":"post-643803","1":"post","2":"type-post","3":"status-publish","4":"format-standard","5":"has-post-thumbnail","7":"category-actualites","8":"tag-actualites","9":"tag-fr","10":"tag-france","11":"tag-news","12":"tag-republique-francaise"},"share_on_mastodon":{"url":"https:\/\/pubeurope.com\/@fr\/115845740126198922","error":""},"_links":{"self":[{"href":"https:\/\/www.europesays.com\/fr\/wp-json\/wp\/v2\/posts\/643803","targetHints":{"allow":["GET"]}}],"collection":[{"href":"https:\/\/www.europesays.com\/fr\/wp-json\/wp\/v2\/posts"}],"about":[{"href":"https:\/\/www.europesays.com\/fr\/wp-json\/wp\/v2\/types\/post"}],"author":[{"embeddable":true,"href":"https:\/\/www.europesays.com\/fr\/wp-json\/wp\/v2\/users\/2"}],"replies":[{"embeddable":true,"href":"https:\/\/www.europesays.com\/fr\/wp-json\/wp\/v2\/comments?post=643803"}],"version-history":[{"count":0,"href":"https:\/\/www.europesays.com\/fr\/wp-json\/wp\/v2\/posts\/643803\/revisions"}],"wp:featuredmedia":[{"embeddable":true,"href":"https:\/\/www.europesays.com\/fr\/wp-json\/wp\/v2\/media\/643804"}],"wp:attachment":[{"href":"https:\/\/www.europesays.com\/fr\/wp-json\/wp\/v2\/media?parent=643803"}],"wp:term":[{"taxonomy":"category","embeddable":true,"href":"https:\/\/www.europesays.com\/fr\/wp-json\/wp\/v2\/categories?post=643803"},{"taxonomy":"post_tag","embeddable":true,"href":"https:\/\/www.europesays.com\/fr\/wp-json\/wp\/v2\/tags?post=643803"}],"curies":[{"name":"wp","href":"https:\/\/api.w.org\/{rel}","templated":true}]}}