{"id":643807,"date":"2026-01-06T02:15:14","date_gmt":"2026-01-06T02:15:14","guid":{"rendered":"https:\/\/www.europesays.com\/fr\/643807\/"},"modified":"2026-01-06T02:15:14","modified_gmt":"2026-01-06T02:15:14","slug":"les-plus-belles-images-de-paris-et-de-la-france-sous-la-neige","status":"publish","type":"post","link":"https:\/\/www.europesays.com\/fr\/643807\/","title":{"rendered":"Les plus belles images de Paris et de la France sous la neige"},"content":{"rendered":"<p>Apr\u00e8s quelques flocons fugaces le 25\u00a0d\u00e9cembre pour entretenir la magie de No\u00ebl, la neige est <a href=\"https:\/\/www.20minutes.fr\/societe\/4194426-20260105-direct-neige-verglas-gros-flocons-bretagne-normandie-26-departements-vigilance-orange\" class=\"c-link c-link--is-underlined\" target=\"_blank\" rel=\"noopener\">tomb\u00e9e pour de bon ce lundi 5\u00a0janvier<\/a> 2026. D\u2019abord de mani\u00e8re franche sur la Normandie et l<a href=\"https:\/\/www.20minutes.fr\/dossier\/bretagne\" class=\"c-link c-link--is-underlined\" target=\"_blank\" rel=\"noopener\">a Bretagne<\/a>, puis sur la r\u00e9gion parisienne \u00e0 la mi-journ\u00e9e. L\u2019\u00e9pisode neigeux s\u2019est prolong\u00e9 en fin d\u2019apr\u00e8s-midi sur les <a href=\"https:\/\/www.20minutes.fr\/dossier\/pays_de_la_loire\" class=\"c-link c-link--is-underlined\" target=\"_blank\" rel=\"noopener\">Pays-de-la-Loire<\/a>, notamment Nantes, et jusqu&rsquo;en Charente-Maritime (Nouvelle Aquitaine). Au total, 26 d\u00e9partements du nord-ouest de la France ont \u00e9t\u00e9 plac\u00e9s en vigilance orange neige-verglas, soit le niveau 3 sur 4, selon M\u00e9t\u00e9o-France.<\/p>\n<p>Parmi eux, plusieurs secteurs peu habitu\u00e9s \u00e0 recevoir de la neige, ce qui a suscit\u00e9 \u00e9merveillement et excitation chez les petits et m\u00eame les plus grands. C\u00f4t\u00e9 transports, la pagaille \u00e9tait in\u00e9vitablement au rendez-vous, de nombreux d\u00e9partements ayant, par exemple, suspendu les transports scolaires. Dans la capitale, plus aucun bus ne circulait dans l\u2019apr\u00e8s-midi et les traditionnels embouteillages de fin de journ\u00e9e en r\u00e9gion parisienne, \u00e0 l\u2019heure de la sortie de bureau, ont atteint un niveau record\u00a0: 1.020 km.<\/p>\n","protected":false},"excerpt":{"rendered":"Apr\u00e8s quelques flocons fugaces le 25\u00a0d\u00e9cembre pour entretenir la magie de No\u00ebl, la neige est tomb\u00e9e pour de&hellip;\n","protected":false},"author":2,"featured_media":643808,"comment_status":"","ping_status":"","sticky":false,"template":"","format":"standard","meta":{"footnotes":""},"categories":[4],"tags":[47,11,1438,829,1011,27,662,848,3047,13291,766,10584,12,626,2636,584,25],"class_list":{"0":"post-643807","1":"post","2":"type-post","3":"status-publish","4":"format-standard","5":"has-post-thumbnail","7":"category-france","8":"tag-actualite","9":"tag-actualites","10":"tag-angers","11":"tag-bretagne","12":"tag-fr","13":"tag-france","14":"tag-ile-de-france","15":"tag-ille-et-vilaine","16":"tag-loire-atlantique","17":"tag-maine-et-loire","18":"tag-nantes","19":"tag-neige","20":"tag-news","21":"tag-paris","22":"tag-pays-de-la-loire","23":"tag-rennes","24":"tag-republique-francaise"},"share_on_mastodon":{"url":"https:\/\/pubeurope.com\/@fr\/115845749837519690","error":""},"_links":{"self":[{"href":"https:\/\/www.europesays.com\/fr\/wp-json\/wp\/v2\/posts\/643807","targetHints":{"allow":["GET"]}}],"collection":[{"href":"https:\/\/www.europesays.com\/fr\/wp-json\/wp\/v2\/posts"}],"about":[{"href":"https:\/\/www.europesays.com\/fr\/wp-json\/wp\/v2\/types\/post"}],"author":[{"embeddable":true,"href":"https:\/\/www.europesays.com\/fr\/wp-json\/wp\/v2\/users\/2"}],"replies":[{"embeddable":true,"href":"https:\/\/www.europesays.com\/fr\/wp-json\/wp\/v2\/comments?post=643807"}],"version-history":[{"count":0,"href":"https:\/\/www.europesays.com\/fr\/wp-json\/wp\/v2\/posts\/643807\/revisions"}],"wp:featuredmedia":[{"embeddable":true,"href":"https:\/\/www.europesays.com\/fr\/wp-json\/wp\/v2\/media\/643808"}],"wp:attachment":[{"href":"https:\/\/www.europesays.com\/fr\/wp-json\/wp\/v2\/media?parent=643807"}],"wp:term":[{"taxonomy":"category","embeddable":true,"href":"https:\/\/www.europesays.com\/fr\/wp-json\/wp\/v2\/categories?post=643807"},{"taxonomy":"post_tag","embeddable":true,"href":"https:\/\/www.europesays.com\/fr\/wp-json\/wp\/v2\/tags?post=643807"}],"curies":[{"name":"wp","href":"https:\/\/api.w.org\/{rel}","templated":true}]}}