{"id":643809,"date":"2026-01-06T02:17:10","date_gmt":"2026-01-06T02:17:10","guid":{"rendered":"https:\/\/www.europesays.com\/fr\/643809\/"},"modified":"2026-01-06T02:17:10","modified_gmt":"2026-01-06T02:17:10","slug":"la-fin-dune-ere-au-cvb52","status":"publish","type":"post","link":"https:\/\/www.europesays.com\/fr\/643809\/","title":{"rendered":"La fin d&rsquo;une \u00e8re au CVB52"},"content":{"rendered":"<p><strong>Le club de Chaumont a annonc\u00e9 le<br \/>\nd\u00e9part de son coach historique, Silvano Prandi, d&rsquo;un commun accord<br \/>\nen raison de mauvais r\u00e9sultats.<\/strong><\/p>\n<p>Une grande page de l\u2019histoire du CBV52 se tourne ce lundi. Le<br \/>\nclub de Chaumont a en effet annonc\u00e9 le d\u00e9part de son entra\u00eeneur<br \/>\nSilvano Prandi, arriv\u00e9 en Haute-Marne en 2015. Le coach italien de<br \/>\n78 ans paie les mauvais r\u00e9sultats de son \u00e9quipe, actuellement<br \/>\navant-derni\u00e8re de Marmara SpikeLigue, avec seulement trois<br \/>\nvictoires en quatorze matchs.<\/p>\n<p>Il ne s\u2019agit toutefois pas d\u2019un licenciement, puis le club<br \/>\nannonce dans son communiqu\u00e9 qu\u2019il s\u2019agit d\u2019un d\u00e9part d\u2019un commun<br \/>\naccord : \u00ab\u00a0Au vu de la situation sportive actuelle, le<br \/>\nCVB52 et Silvano Prandi ont d\u00e9cid\u00e9, d\u2019un commun accord, de mettre<br \/>\nun terme \u00e0 leur collaboration. Le club remercie son entra\u00eeneur pour<br \/>\nson engagement et son travail depuis son arriv\u00e9e \u00e0<br \/>\nChaumont\u00a0\u00bb.<\/p>\n<p>Prandi a enrichi le palmar\u00e8s de<br \/>\nChaumont<\/p>\n<p>Le coach pi\u00e9montais, ancien joueur de Coni et de Turin, \u00e9tait<br \/>\narriv\u00e9 en 2015 \u00e0 Chaumont, apr\u00e8s avoir d\u00e9j\u00e0 entra\u00een\u00e9 douze \u00e9quipes,<br \/>\ndont la s\u00e9lection italienne m\u00e9daill\u00e9e de bronze aux Jeux Olympiques<br \/>\nde Los Angeles en 1984 et l\u2019\u00e9quipe de Bulgarie m\u00e9daill\u00e9e de bronze<br \/>\n\u00e0 l\u2019Euro 2009. Sous ses ordres, le CBV52 a d\u00e9croch\u00e9 son premier<br \/>\ntitre de champion de France, en 2017 et sa premi\u00e8re Coupe de<br \/>\nFrance, en 2022, et a \u00e9galement disput\u00e9 quatre autres finales de<br \/>\nchampionnat et deux autres finale de coupe, ainsi qu\u2019une finale de<br \/>\nChallenge Cup en 2017.<\/p>\n<p>Un match d\u00e8s mardi en Challenge<br \/>\nCup<\/p>\n<p>Mais cette saison, rien ne va pour le club haut-marnais,<br \/>\ndemi-finaliste en titre, et qui a notamment perdu ses cinq premiers<br \/>\nmatchs de Marmara SpikeLigue. \u00ab Dans mon histoire, je n\u2019ai<br \/>\njamais eu un d\u00e9but de championnat comme celui-l\u00e0. On a chang\u00e9 dix<br \/>\njoueurs cette saison, peut-\u00eatre que la construction de l\u2019\u00e9quipe a<br \/>\n\u00e9t\u00e9 plus difficile que ce que l\u2019on avait pens\u00e9. (\u2026) Pour am\u00e9liorer<br \/>\nles choses, il faut bien conna\u00eetre les joueurs et les dispositions<br \/>\ntechniques. Qui mieux que le coach ? Ce n\u2019est pas facile \u00e0<br \/>\nam\u00e9liorer tout de suite, mais je sais comment g\u00e9rer la<br \/>\nsituation\u00a0\u00bb, confiait Prandi \u00e0 L\u2019\u00e9quipe<br \/>\nmi-novembre. Mais il n\u2019a pas trouv\u00e9 les solutions, et le banc du<br \/>\nCBV52 est d\u00e9sormais libre. Le nom de son rempla\u00e7ant n\u2019a pas \u00e9t\u00e9<br \/>\nannonc\u00e9. Chaumont recevra les Grecs de Foinikas Syroy en 16es de<br \/>\nfinale retour de Challenge Cup mardi (d\u00e9faite 3-2 en Gr\u00e8ce \u00e0<br \/>\nl\u2019aller).<\/p>\n","protected":false},"excerpt":{"rendered":"Le club de Chaumont a annonc\u00e9 le d\u00e9part de son coach historique, Silvano Prandi, d&rsquo;un commun accord en&hellip;\n","protected":false},"author":2,"featured_media":643810,"comment_status":"","ping_status":"","sticky":false,"template":"","format":"standard","meta":{"footnotes":""},"categories":[1417],"tags":[62810,1011,27,75020,57681,60,1470,1469],"class_list":{"0":"post-643809","1":"post","2":"type-post","3":"status-publish","4":"format-standard","5":"has-post-thumbnail","7":"category-volley","8":"tag-chaumont","9":"tag-fr","10":"tag-france","11":"tag-prandi","12":"tag-sport365-fr","13":"tag-sports","14":"tag-volley","15":"tag-volleyball"},"share_on_mastodon":{"url":"","error":""},"_links":{"self":[{"href":"https:\/\/www.europesays.com\/fr\/wp-json\/wp\/v2\/posts\/643809","targetHints":{"allow":["GET"]}}],"collection":[{"href":"https:\/\/www.europesays.com\/fr\/wp-json\/wp\/v2\/posts"}],"about":[{"href":"https:\/\/www.europesays.com\/fr\/wp-json\/wp\/v2\/types\/post"}],"author":[{"embeddable":true,"href":"https:\/\/www.europesays.com\/fr\/wp-json\/wp\/v2\/users\/2"}],"replies":[{"embeddable":true,"href":"https:\/\/www.europesays.com\/fr\/wp-json\/wp\/v2\/comments?post=643809"}],"version-history":[{"count":0,"href":"https:\/\/www.europesays.com\/fr\/wp-json\/wp\/v2\/posts\/643809\/revisions"}],"wp:featuredmedia":[{"embeddable":true,"href":"https:\/\/www.europesays.com\/fr\/wp-json\/wp\/v2\/media\/643810"}],"wp:attachment":[{"href":"https:\/\/www.europesays.com\/fr\/wp-json\/wp\/v2\/media?parent=643809"}],"wp:term":[{"taxonomy":"category","embeddable":true,"href":"https:\/\/www.europesays.com\/fr\/wp-json\/wp\/v2\/categories?post=643809"},{"taxonomy":"post_tag","embeddable":true,"href":"https:\/\/www.europesays.com\/fr\/wp-json\/wp\/v2\/tags?post=643809"}],"curies":[{"name":"wp","href":"https:\/\/api.w.org\/{rel}","templated":true}]}}