{"id":643817,"date":"2026-01-06T02:24:13","date_gmt":"2026-01-06T02:24:13","guid":{"rendered":"https:\/\/www.europesays.com\/fr\/643817\/"},"modified":"2026-01-06T02:24:13","modified_gmt":"2026-01-06T02:24:13","slug":"lom-recoit-une-mauvaise-nouvelle-au-mercato","status":"publish","type":"post","link":"https:\/\/www.europesays.com\/fr\/643817\/","title":{"rendered":"L&rsquo;OM re\u00e7oit une mauvaise nouvelle au mercato"},"content":{"rendered":"<p><b>L\u2019OM ne sera pas oppos\u00e9 \u00e0 l\u2019id\u00e9e de r\u00e9cup\u00e9rer quelques millions d\u2019euros cet hiver sur le march\u00e9 des transferts. Mais le club phoc\u00e9en a d\u00e9j\u00e0 re\u00e7u une mauvaise nouvelle dans un dossier pourtant tr\u00e8s attendu.<\/b><\/p>\n<p>Il y a quelques mois, l\u2019<a href=\"https:\/\/www.foot01.com\/marseille\/om-lequipe-critique-larbitrage-tres-gentil-pour-marseille\" target=\"_self\" rel=\"noopener\">OM<\/a> avait recrut\u00e9 Isma\u00ebl Kon\u00e9 en provenance de Watford. Toutefois, malgr\u00e9 les attentes plac\u00e9es en lui, le milieu de terrain ne s\u2019est jamais r\u00e9ellement adapt\u00e9 \u00e0 l\u2019\u00e9quipe phoc\u00e9enne. La saison pass\u00e9e, il a notamment \u00e9t\u00e9 pr\u00eat\u00e9 au Stade Rennais, o\u00f9 il a eu l\u2019occasion de se montrer. Mais il n\u2019a pas b\u00e9n\u00e9fici\u00e9 d\u2019une nouvelle chance sous les ordres de Roberto De Zerbi.<\/p>\n<p>L\u2019\u00e9t\u00e9 dernier, Kon\u00e9 a pris la direction de Sassuolo. Et le moins que l\u2019on puisse dire, c\u2019est que l\u2019international canadien fait l\u2019unanimit\u00e9 en Italie, au point d\u2019attirer l\u2019int\u00e9r\u00eat de plusieurs clubs transalpins, comme la Juventus ou la Roma. Toutefois, Kon\u00e9 souhaite poursuivre l\u2019aventure avec Sassuolo.<\/p>\n<p>Kon\u00e9 va rester \u00e0 Sassuolo, pour le moment\u00a0<\/p>\n<p>Dans le cadre de l\u2019op\u00e9ration Kon\u00e9 \u00e0 Sassuolo, l\u2019OM doit percevoir 12,5 millions d\u2019euros si le club italien parvient \u00e0 se maintenir en Serie A. Sauf immense retournement de situation, cela devrait \u00eatre le cas, ce qui constituerait une bonne nouvelle pour les finances marseillaises.<\/p>\n<p>Toutefois, Marseille aurait pu se r\u00e9jouir plus t\u00f4t, d\u00e8s cet hiver, si un transfert vers un autre club italien avait \u00e9t\u00e9 accept\u00e9 par Isma\u00ebl Kon\u00e9, permettant ainsi le versement imm\u00e9diat de cette somme. Mais selon les informations de\u00a0GFFN, l\u2019international canadien souhaite rester \u00e0 Sassuolo jusqu\u2019\u00e0 la fin de la saison, afin de se pr\u00e9parer au mieux pour la Coupe du monde 2026, qui se disputera en Am\u00e9rique du Nord.<\/p>\n<p>\u00c0 noter que l\u2019OM esp\u00e8re conclure d\u2019autres ventes cet hiver sur le march\u00e9 des transferts. Neal Maupay, Darryl Bakola ou encore Robinio Vaz pourraient ainsi quitter le navire phoc\u00e9en. Des d\u00e9parts qui permettraient \u00e0 la direction marseillaise de r\u00e9investir une partie des sommes r\u00e9cup\u00e9r\u00e9es dans l\u2019arriv\u00e9e de joueurs capables d\u2019apporter une r\u00e9elle plus-value \u00e0 l\u2019effectif de Roberto De Zerbi.<\/p>\n","protected":false},"excerpt":{"rendered":"L\u2019OM ne sera pas oppos\u00e9 \u00e0 l\u2019id\u00e9e de r\u00e9cup\u00e9rer quelques millions d\u2019euros cet hiver sur le march\u00e9 des&hellip;\n","protected":false},"author":2,"featured_media":643818,"comment_status":"","ping_status":"","sticky":false,"template":"","format":"standard","meta":{"footnotes":""},"categories":[1410],"tags":[63,1011,27,1434,149,60],"class_list":{"0":"post-643817","1":"post","2":"type-post","3":"status-publish","4":"format-standard","5":"has-post-thumbnail","7":"category-football","8":"tag-football","9":"tag-fr","10":"tag-france","11":"tag-mercato","12":"tag-om","13":"tag-sports"},"share_on_mastodon":{"url":"https:\/\/pubeurope.com\/@fr\/115845782864134713","error":""},"_links":{"self":[{"href":"https:\/\/www.europesays.com\/fr\/wp-json\/wp\/v2\/posts\/643817","targetHints":{"allow":["GET"]}}],"collection":[{"href":"https:\/\/www.europesays.com\/fr\/wp-json\/wp\/v2\/posts"}],"about":[{"href":"https:\/\/www.europesays.com\/fr\/wp-json\/wp\/v2\/types\/post"}],"author":[{"embeddable":true,"href":"https:\/\/www.europesays.com\/fr\/wp-json\/wp\/v2\/users\/2"}],"replies":[{"embeddable":true,"href":"https:\/\/www.europesays.com\/fr\/wp-json\/wp\/v2\/comments?post=643817"}],"version-history":[{"count":0,"href":"https:\/\/www.europesays.com\/fr\/wp-json\/wp\/v2\/posts\/643817\/revisions"}],"wp:featuredmedia":[{"embeddable":true,"href":"https:\/\/www.europesays.com\/fr\/wp-json\/wp\/v2\/media\/643818"}],"wp:attachment":[{"href":"https:\/\/www.europesays.com\/fr\/wp-json\/wp\/v2\/media?parent=643817"}],"wp:term":[{"taxonomy":"category","embeddable":true,"href":"https:\/\/www.europesays.com\/fr\/wp-json\/wp\/v2\/categories?post=643817"},{"taxonomy":"post_tag","embeddable":true,"href":"https:\/\/www.europesays.com\/fr\/wp-json\/wp\/v2\/tags?post=643817"}],"curies":[{"name":"wp","href":"https:\/\/api.w.org\/{rel}","templated":true}]}}