{"id":643819,"date":"2026-01-06T02:25:15","date_gmt":"2026-01-06T02:25:15","guid":{"rendered":"https:\/\/www.europesays.com\/fr\/643819\/"},"modified":"2026-01-06T02:25:15","modified_gmt":"2026-01-06T02:25:15","slug":"matthieu-delormeau-dement-fermement-les-rumeurs-de-couple-avec-benoit-dubois-arretez-de-penser-que-je-suis-son-mec","status":"publish","type":"post","link":"https:\/\/www.europesays.com\/fr\/643819\/","title":{"rendered":"Matthieu Delormeau d\u00e9ment fermement les rumeurs de couple avec Beno\u00eet Dubois : \u00ab\u00a0Arr\u00eatez de penser que je suis son mec\u00a0\u00bb"},"content":{"rendered":"<p>Au cours du num\u00e9ro de Tout beau tout neuf diffus\u00e9 ce lundi 5 janvier sur W9, Matthieu Delormeau a tenu \u00e0 faire une petite mise au point sur la nature de sa relation avec Beno\u00eet Dubois.<\/p>\n<p>Quinze ans les s\u00e9parent, mais Matthieu Delormeau et Beno\u00eet Dubois sont ins\u00e9parables. Un an apr\u00e8s sa victoire \u00e0 Secret Story en 2010, le jeune homme de 36 ans connu pour son franc-parler rejoint l&rsquo;\u00e9quipe du <a href=\"https:\/\/www.programme-tv.net\/news\/tv\/95990-mad-mag-benoit-dubois-en-larmes-suite-au-depart-de-martial-ayem-tres-emue-video\/\" data-api-deeplink=\"teleloisirs:\/\/news\/95990\" target=\"_blank\" rel=\"noopener\">Mag<\/a> qui est alors le talk-show centr\u00e9 exclusivement sur les programmes de t\u00e9l\u00e9-r\u00e9alit\u00e9 le plus populaire de France. Au d\u00e9part chroniqueur, il est ponctuellement coanimateur aux c\u00f4t\u00e9s de son a\u00een\u00e9. D\u00e8s lors, ils restent li\u00e9s professionnellement car \u00e0 <a href=\"https:\/\/www.programme-tv.net\/news\/tv\/172344-benoit-dubois-revient-sur-l-arret-du-mad-mag-et-evoque-son-avenir-sur-nrj12-video\/\" data-api-deeplink=\"teleloisirs:\/\/news\/172344\" target=\"_blank\" rel=\"noopener\">l&rsquo;arr\u00eat du Mag<\/a>, Beno\u00eet suit Matthieu sur D8 o\u00f9 ils figurent dans plusieurs \u00e9missions de <a href=\"https:\/\/www.programme-tv.net\/biographie\/25805-hanouna-cyril\/\" data-link-people=\"5dcd4d55-b4fe-4234-abc6-b74b4abdaf5c\" target=\"_blank\" rel=\"noopener\">Cyril Hanouna<\/a> dont Touche pas \u00e0 mon poste. Le producteur s&rsquo;est toujours interrog\u00e9 sur la nature de la relation entre<a href=\"https:\/\/www.programme-tv.net\/news\/tv\/94321-benoit-dubois-en-couple-avec-matthieu-delormeau-il-repond-a-la-rumeur-video\/\" data-api-deeplink=\"teleloisirs:\/\/news\/94321\" target=\"_blank\" rel=\"noopener\"> ces deux coll\u00e8gues s&rsquo;affichant tr\u00e8s proches en dehors des plateaux de tournage<\/a>.<\/p>\n<p>Au moment de<a href=\"https:\/\/www.programme-tv.net\/news\/tv\/327137-apres-7-annees-dantenne-matthieu-delormeau-annonce-son-depart-definitif-de-tpmp-et-tpmp-people\/\" data-api-deeplink=\"teleloisirs:\/\/news\/327137\" target=\"_blank\" rel=\"noopener\"> son d\u00e9part de TPMP en 2023<\/a>, Matthieu Delormeau a trouv\u00e9 du r\u00e9confort dans les bras de <a href=\"https:\/\/www.programme-tv.net\/news\/people\/366805-il-gere-sa-societe-benoit-dubois-donne-des-nouvelles-de-matthieu-delormeau-et-n-exclut-pas-son-possible-retour-a-la-television\/\" data-api-deeplink=\"teleloisirs:\/\/news\/366805\" target=\"_blank\" rel=\"noopener\">Beno\u00eet Dubois qui s&rsquo;est d&rsquo;ailleurs souvent fait le relais de son complice dans les m\u00e9dias <\/a>quand il se trouvait dans la tourmente \u00e0 cause de ses divers probl\u00e8mes judiciaires. Aujourd&rsquo;hui de nouveau chroniqueur pour Cyril Hanouna dans Tout beau tout neuf sur W9, le quinquag\u00e9naire est toujours li\u00e9 \u00e0 Beno\u00eet Dubois avec qui il a pass\u00e9 son r\u00e9veillon du 31\u00a0d\u00e9cembre 2025 dans le calme le plus complet. \u00ab\u00a0H\u00f4tel, mon meilleur ami, devant la t\u00e9l\u00e9, couch\u00e9s t\u00f4t\u2026\u00a0\u00bb, r\u00e9sume Matthieu Delormeau ce lundi 5\u00a0janvier 2026 quand il est questionn\u00e9 sur cette soir\u00e9e que certains imaginaient plus festive. \u00ab\u00a0Avec Beno\u00eet ?\u00a0\u00bb, supposent <a href=\"https:\/\/www.programme-tv.net\/biographie\/75560-maillet-geraldine\/\" data-link-people=\"ed551d46-8ab0-4c95-99cb-6e679875e24c\" target=\"_blank\" rel=\"noopener\">G\u00e9raldine Maillet<\/a> et Cyril Hanouna d&rsquo;un ton inquisiteur. Il n&rsquo;en fallait pas plus pour agacer le principal concern\u00e9&#8230; \u00ab\u00a0<b>Arr\u00eatez tous, vraiment, de penser tous les jours que je suis le mec de Beno\u00eet, c&rsquo;est mon meilleur ami<\/b>\u00ab\u00a0, insiste-t-il avant d&rsquo;en d\u00e9voiler plus sur cette nuit\u00e9e dans un endroit chic des Yvelines. \u00ab\u00a0On \u00e9tait dans un h\u00f4tel que tu connais bien puisque j&rsquo;y vais toujours sous ton nom (&#8230;) Pas \u00e0 Paris, tu sais lequel, \u00e0 Versailles ! Et \u00e7a marche \u00e0 chaque fois\u00a0\u00bb, avoue l&rsquo;ex-star de NRJ 12. Et de pr\u00e9ciser au vu des regards de ses coll\u00e8gues : \u00ab\u00a0Il ne paye pas, mais comme il y va souvent et qu&rsquo;il est connu l\u00e0-bas, je dis toujours la m\u00eame chose\u00a0\u00bb, explique celui qui se pr\u00e9sente comme \u00e9tant l&rsquo;assistant de son patron afin d&rsquo;avoir une junior suite \u00e0 moindres co\u00fbts.<\/p>\n<p>                        Matthieu Delormeau \u00e9voque sa nuit \u00e0 l&rsquo;h\u00f4tel avec Beno\u00eet Dubois gr\u00e2ce \u00e0&#8230; Cyril Hanouna !<\/p>\n<p>\u00ab\u00a0Et quand j&rsquo;arrive, moi, ils me connaissent quand m\u00eame mais ils me demandent : &lsquo;Il est o\u00f9 Monsieur Hanouna ?&rsquo;, je leur dis qu&rsquo;il n&rsquo;a pas pu venir mais je prends la chambre. Et \u00e0 chaque fois, j&rsquo;ai \u00e0 peu pr\u00e8s 30% [de remises imm\u00e9diates], j&rsquo;ai une junior suite au prix d&rsquo;une chambre de luxe\u00a0\u00bb, reconna\u00eet l&rsquo;homme qui a donc profit\u00e9 de cette offre avec <a href=\"https:\/\/www.programme-tv.net\/news\/tele-realite\/394819-les-apprentis-champions-au-ski-date-de-diffusion-casting-surprises-toutes-les-infos-sur-la-saison\/\" data-api-deeplink=\"teleloisirs:\/\/news\/394819\" target=\"_blank\" rel=\"noopener\">son copain bient\u00f4t commentateur d&rsquo;un jeu avec Nelson Monfort<\/a>.<\/p>\n","protected":false},"excerpt":{"rendered":"Au cours du num\u00e9ro de Tout beau tout neuf diffus\u00e9 ce lundi 5 janvier sur W9, Matthieu Delormeau&hellip;\n","protected":false},"author":2,"featured_media":643820,"comment_status":"","ping_status":"","sticky":false,"template":"","format":"standard","meta":{"footnotes":""},"categories":[1359],"tags":[75022,244,58,59,1011,27,7830,973,22497,49534,1630],"class_list":{"0":"post-643819","1":"post","2":"type-post","3":"status-publish","4":"format-standard","5":"has-post-thumbnail","7":"category-people","8":"tag-benou00eet-dubois","9":"tag-commentaire","10":"tag-divertissement","11":"tag-entertainment","12":"tag-fr","13":"tag-france","14":"tag-matthieu-delormeau","15":"tag-people","16":"tag-tout-beau","17":"tag-tout-n9uf","18":"tag-zapping"},"share_on_mastodon":{"url":"https:\/\/pubeurope.com\/@fr\/115845786883753351","error":""},"_links":{"self":[{"href":"https:\/\/www.europesays.com\/fr\/wp-json\/wp\/v2\/posts\/643819","targetHints":{"allow":["GET"]}}],"collection":[{"href":"https:\/\/www.europesays.com\/fr\/wp-json\/wp\/v2\/posts"}],"about":[{"href":"https:\/\/www.europesays.com\/fr\/wp-json\/wp\/v2\/types\/post"}],"author":[{"embeddable":true,"href":"https:\/\/www.europesays.com\/fr\/wp-json\/wp\/v2\/users\/2"}],"replies":[{"embeddable":true,"href":"https:\/\/www.europesays.com\/fr\/wp-json\/wp\/v2\/comments?post=643819"}],"version-history":[{"count":0,"href":"https:\/\/www.europesays.com\/fr\/wp-json\/wp\/v2\/posts\/643819\/revisions"}],"wp:featuredmedia":[{"embeddable":true,"href":"https:\/\/www.europesays.com\/fr\/wp-json\/wp\/v2\/media\/643820"}],"wp:attachment":[{"href":"https:\/\/www.europesays.com\/fr\/wp-json\/wp\/v2\/media?parent=643819"}],"wp:term":[{"taxonomy":"category","embeddable":true,"href":"https:\/\/www.europesays.com\/fr\/wp-json\/wp\/v2\/categories?post=643819"},{"taxonomy":"post_tag","embeddable":true,"href":"https:\/\/www.europesays.com\/fr\/wp-json\/wp\/v2\/tags?post=643819"}],"curies":[{"name":"wp","href":"https:\/\/api.w.org\/{rel}","templated":true}]}}