{"id":643821,"date":"2026-01-06T02:26:23","date_gmt":"2026-01-06T02:26:23","guid":{"rendered":"https:\/\/www.europesays.com\/fr\/643821\/"},"modified":"2026-01-06T02:26:23","modified_gmt":"2026-01-06T02:26:23","slug":"vos-photos-les-plus-magiques","status":"publish","type":"post","link":"https:\/\/www.europesays.com\/fr\/643821\/","title":{"rendered":"vos photos les plus magiques"},"content":{"rendered":"<p melodystyle=\"texte\" data-end=\"1167\">Routes blanchies, toits saupoudr\u00e9s, arbres fig\u00e9s par le froid\u2026 La neige a offert un tout autre visage \u00e0 la Normandie. Aux quatre coins de la r\u00e9gion, vous avez captur\u00e9 ces instants magiques\u00a0!<\/p>\n<p class=\"article_photo\" data-num=\"2\"><img decoding=\"async\" alt=\"18 centim\u00e8tres \u00e0 Sourdeval-les-Bois, \u00e0 11h30 ce lundi 5.\" src=\"https:\/\/www.europesays.com\/fr\/wp-content\/uploads\/2026\/01\/5840-tab.jpg\"\/>18 centim\u00e8tres \u00e0 Sourdeval-les-Bois, \u00e0 11h30 ce lundi 5. &#8211; Myl\u00e8ne Paisant<\/p>\n<p class=\"article_photo\" data-num=\"3\"><img decoding=\"async\" alt=\"Les routes \u00e9taient difficiles aujourd'hui, et le seront s\u00fbrement aussi demain\u00a0!\" src=\"https:\/\/www.europesays.com\/fr\/wp-content\/uploads\/2026\/01\/7637-tab.jpg\"\/>Les routes \u00e9taient difficiles aujourd&rsquo;hui, et le seront s\u00fbrement aussi demain\u00a0! &#8211; C\u00e9line Caron \u00e0 Martainville dans l&rsquo;Eure<\/p>\n<p class=\"article_photo\" data-num=\"4\"><img decoding=\"async\" alt=\"Les premiers bonhommes de neige ont vu le jour.\" src=\"https:\/\/www.europesays.com\/fr\/wp-content\/uploads\/2026\/01\/2564-tab.jpg\"\/>Les premiers bonhommes de neige ont vu le jour. &#8211; Edwige Dubost \u00e0 Culey-le-Patry<\/p>\n<p>Un \u00e9pisode neigeux qui inspire petits et grands<\/p>\n<p melodystyle=\"texte\" data-end=\"1624\">Cet \u00e9pisode hivernal a r\u00e9veill\u00e9 l&rsquo;\u00e2me de photographe chez beaucoup d&rsquo;entre vous. Smartphone \u00e0 la main ou appareil plus professionnel, vous avez pris le temps de regarder autour de vous, de composer, d&rsquo;attendre le bon instant. Et que c&rsquo;est beau de voir ces paysages familiers sous un autre jour\u00a0!<\/p>\n<p class=\"article_photo\" data-num=\"5\"><img decoding=\"async\" alt=\"La Seine-Maritime aussi a \u00e9t\u00e9 touch\u00e9e par la neige.\" src=\"https:\/\/www.europesays.com\/fr\/wp-content\/uploads\/2026\/01\/8900-tab.jpg\"\/>La Seine-Maritime aussi a \u00e9t\u00e9 touch\u00e9e par la neige. &#8211; Vincent Halgrain \u00e0 D\u00e9ville-l\u00e8s-Rouen<\/p>\n<p class=\"article_photo\" data-num=\"6\"><img decoding=\"async\" alt=\"Les routes peu fr\u00e9quent\u00e9es ont la chance de rester bien blanches.\" src=\"https:\/\/www.europesays.com\/fr\/wp-content\/uploads\/2026\/01\/6608-tab.jpg\"\/>Les routes peu fr\u00e9quent\u00e9es ont la chance de rester bien blanches. &#8211; Paul P\u00e9an \u00e0 Argentan<\/p>\n<p class=\"article_photo\" data-num=\"7\"><img decoding=\"async\" alt=\"Tous nos jardins normands ont des airs de f\u00e9erie ce matin.\" src=\"https:\/\/www.europesays.com\/fr\/wp-content\/uploads\/2026\/01\/4917-tab.jpg\"\/>Tous nos jardins normands ont des airs de f\u00e9erie ce matin. &#8211; Isabelle Beaumesnil \u00e0 Pontchardon<\/p>\n<p>Merci pour ces instants de po\u00e9sie hivernale<\/p>\n<p melodystyle=\"texte\" data-end=\"2111\">Merci \u00e0 toutes celles et ceux qui ont partag\u00e9 leurs clich\u00e9s. Vos photos montrent une Normandie calme, lumineuse, et toujours belle. Une parenth\u00e8se hivernale que l&rsquo;on aime prendre le temps d&rsquo;admirer\u2026 surtout quand elle fond aussi vite qu&rsquo;elle est arriv\u00e9e.<\/p>\n<p class=\"article_photo\" data-num=\"8\"><img decoding=\"async\" alt=\"Une belle mairie sous la neige\u00a0!\" src=\"https:\/\/www.europesays.com\/fr\/wp-content\/uploads\/2026\/01\/8314-tab.jpg\"\/>Une belle mairie sous la neige\u00a0! &#8211; William Bertails \u00e0 Folligny<\/p>\n<p class=\"article_photo\" data-num=\"9\"><img decoding=\"async\" alt=\"Un dr\u00f4le de spectacle sous la neige\u00a0!\" src=\"https:\/\/www.europesays.com\/fr\/wp-content\/uploads\/2026\/01\/4843-tab.jpg\"\/>Un dr\u00f4le de spectacle sous la neige\u00a0! &#8211; Boris Varin \u00e0 Villedieu-les-Po\u00eales<\/p>\n<p class=\"article_photo\" data-num=\"10\"><img decoding=\"async\" alt=\"Une piste de ski en Normandie\u00a0!\" src=\"https:\/\/www.europesays.com\/fr\/wp-content\/uploads\/2026\/01\/8886-tab.jpg\"\/>Une piste de ski en Normandie\u00a0! &#8211; David Lebeury \u00e0 Coutances<\/p>\n<p class=\"article_photo\" data-num=\"11\"><img decoding=\"async\" alt=\"Les enfants se r\u00e9galent de batailles de boules de neige !\" src=\"https:\/\/www.europesays.com\/fr\/wp-content\/uploads\/2026\/01\/3188-tab.jpg\"\/>Les enfants se r\u00e9galent de batailles de boules de neige ! &#8211; Maliram Dbsv \u00e0 Souleuvre en Bocage<\/p>\n<p class=\"article_photo\" data-num=\"12\"><img decoding=\"async\" alt=\"A Lillebonne, la ville a vite \u00e9t\u00e9 recouverte d'un \u00e9pais manteau blanc.\" src=\"https:\/\/www.europesays.com\/fr\/wp-content\/uploads\/2026\/01\/9297-tab.jpg\"\/>A Lillebonne, la ville a vite \u00e9t\u00e9 recouverte d&rsquo;un \u00e9pais manteau blanc. &#8211; Lucky Strike<\/p>\n<p class=\"article_photo\" data-num=\"13\"><img decoding=\"async\" alt=\"Il neigeait fort ce matin \u00e0 Saint-L\u00f4\u00a0!\" src=\"https:\/\/www.europesays.com\/fr\/wp-content\/uploads\/2026\/01\/8647-tab.jpg\"\/>Il neigeait fort ce matin \u00e0 Saint-L\u00f4\u00a0!<\/p>\n","protected":false},"excerpt":{"rendered":"Routes blanchies, toits saupoudr\u00e9s, arbres fig\u00e9s par le froid\u2026 La neige a offert un tout autre visage \u00e0&hellip;\n","protected":false},"author":2,"featured_media":643822,"comment_status":"","ping_status":"","sticky":false,"template":"","format":"standard","meta":{"footnotes":""},"categories":[1358],"tags":[1348,1384,1385,1386,58,59,1011,27],"class_list":{"0":"post-643821","1":"post","2":"type-post","3":"status-publish","4":"format-standard","5":"has-post-thumbnail","7":"category-arts-et-design","8":"tag-arts","9":"tag-arts-and-design","10":"tag-arts-et-design","11":"tag-design","12":"tag-divertissement","13":"tag-entertainment","14":"tag-fr","15":"tag-france"},"share_on_mastodon":{"url":"https:\/\/pubeurope.com\/@fr\/115845791131535249","error":""},"_links":{"self":[{"href":"https:\/\/www.europesays.com\/fr\/wp-json\/wp\/v2\/posts\/643821","targetHints":{"allow":["GET"]}}],"collection":[{"href":"https:\/\/www.europesays.com\/fr\/wp-json\/wp\/v2\/posts"}],"about":[{"href":"https:\/\/www.europesays.com\/fr\/wp-json\/wp\/v2\/types\/post"}],"author":[{"embeddable":true,"href":"https:\/\/www.europesays.com\/fr\/wp-json\/wp\/v2\/users\/2"}],"replies":[{"embeddable":true,"href":"https:\/\/www.europesays.com\/fr\/wp-json\/wp\/v2\/comments?post=643821"}],"version-history":[{"count":0,"href":"https:\/\/www.europesays.com\/fr\/wp-json\/wp\/v2\/posts\/643821\/revisions"}],"wp:featuredmedia":[{"embeddable":true,"href":"https:\/\/www.europesays.com\/fr\/wp-json\/wp\/v2\/media\/643822"}],"wp:attachment":[{"href":"https:\/\/www.europesays.com\/fr\/wp-json\/wp\/v2\/media?parent=643821"}],"wp:term":[{"taxonomy":"category","embeddable":true,"href":"https:\/\/www.europesays.com\/fr\/wp-json\/wp\/v2\/categories?post=643821"},{"taxonomy":"post_tag","embeddable":true,"href":"https:\/\/www.europesays.com\/fr\/wp-json\/wp\/v2\/tags?post=643821"}],"curies":[{"name":"wp","href":"https:\/\/api.w.org\/{rel}","templated":true}]}}