{"id":643823,"date":"2026-01-06T02:28:12","date_gmt":"2026-01-06T02:28:12","guid":{"rendered":"https:\/\/www.europesays.com\/fr\/643823\/"},"modified":"2026-01-06T02:28:12","modified_gmt":"2026-01-06T02:28:12","slug":"cyril-hanouna-et-tiphaine-auziere-remettent-le-couvert","status":"publish","type":"post","link":"https:\/\/www.europesays.com\/fr\/643823\/","title":{"rendered":"Cyril Hanouna et Tiphaine Auzi\u00e8re remettent le couvert !"},"content":{"rendered":"<p>Apr\u00e8s son passage en septembre 2025, <a href=\"https:\/\/vsd.fr\/tag\/tiphaine-auziere\/\" target=\"_blank\" rel=\"noopener\">Tiphaine Auzi\u00e8re<\/a> a fait son retour, de mani\u00e8re ponctuelle, dans la quotidienne de <a href=\"https:\/\/www.public.fr\/tag\/cyril-hanouna\" target=\"_blank\" rel=\"noopener\">Cyril Hanouna<\/a>. En effet, la fille de <a href=\"https:\/\/www.public.fr\/tag\/brigitte-macron\" target=\"_blank\" rel=\"noopener\">Brigitte Macron<\/a> \u00e9tait l\u2019invit\u00e9e de <strong>TBT9<\/strong> ce lundi 5 janvier 2026 pour \u00e9voquer <strong>le verdict du proc\u00e8s de sa m\u00e8re contre ses cyberharceleurs,<\/strong> condamn\u00e9s <a href=\"https:\/\/www.public.fr\/huit-mois-de-prison-avec-sursis-pour-les-cyberhaceleurs-de-brigitte-macron-sa-fille-tiphaine-plus-que-ravie\" target=\"_blank\" rel=\"noopener\">jusqu\u2019\u00e0 six mois de prison ferme.\u00a0<\/a><\/p>\n<p>Avant la disparition de C8 \u00e0 la fin du mois de f\u00e9vrier\u202f 2025, Tiphaine Auzi\u00e8re intervenait r\u00e9guli\u00e8rement sur <strong>Touche pas \u00e0 mon poste\u202f! (TPMP)<\/strong> en tant que chroniqueuse, notamment sur des sujets juridiques. Elle avait int\u00e9gr\u00e9 \u00e0 l\u2019\u00e9quipe hebdomadaire sur le plateau de l\u2019\u00e9mission men\u00e9e par Cyril Hanouna, apportant son expertise d\u2019avocate dans les d\u00e9bats du talk\u2011show quotidien.<\/p>\n<p>Depuis que l\u2019animateur a bascul\u00e9 sur W9 avec <strong>TBT9<\/strong>, la fille de Brigitte Macron ne fait d\u00e9sormais plus partie de l\u2019\u00e9quipe et n\u2019est intervenue qu\u2019en septembre dernier, ainsi que ce lundi 5 janvier 2026.<\/p>\n<p><strong>Tiphaine Auzi\u00e8re sur TPMP puis disparue de l\u2019\u00e9cran<\/strong><\/p>\n<p>L\u2019arr\u00eat de C8 le 28 \u202ff\u00e9vrier\u202f 2025 a \u00e9galement marqu\u00e9 la fin de la diffusion t\u00e9l\u00e9vis\u00e9e traditionnelle de <strong>TPMP<\/strong> apr\u00e8s plusieurs ann\u00e9es d\u2019antenne. Cette fermeture a \u00e9t\u00e9 la cons\u00e9quence d\u2019une d\u00e9cision du r\u00e9gulateur de l\u2019audiovisuel, l\u2019Autorit\u00e9 de r\u00e9gulation de la communication audiovisuelle et num\u00e9rique (Arcom), valid\u00e9e par le Conseil d\u2019\u00c9tat, de ne pas renouveler la fr\u00e9quence de la cha\u00eene sur la TNT en plus d\u2019NRJ12, victime de la m\u00eame d\u00e9cision.<\/p>\n<p>Dans la continuit\u00e9 de ce changement, Cyril Hanouna a lanc\u00e9 en septembre \u202f2025 une nouvelle \u00e9mission sur <strong>W9<\/strong>, intitul\u00e9e <strong>Tout beau, tout n9uf<\/strong> (TBT9), reprenant le format talk\u2011show avec d\u00e9bats, actualit\u00e9s et chroniqueurs, tout en s\u2019inscrivant dans la lign\u00e9e de ce qui faisait<strong> TPMP.<\/strong>\u00a0<\/p>\n<p>Sur ce nouveau plateau, Tiphaine Auzi\u00e8re est seulement apparue en tant qu\u2019invit\u00e9e pour \u00e9voquer son actualit\u00e9 le 25 septembre dernier, et surtout revenir, en tant qu\u2019avocate, sur <a href=\"https:\/\/www.public.fr\/ta-mere-reveille-toi-nicolas-sarkozy-chahute-en-pleine-nuit-par-dautres-detenus-de-la-prison-la-situation-derape\" target=\"_blank\" rel=\"noopener\">la condamnation de Nicolas Sarkozy\u00a0<\/a><\/p>\n<p><strong>La fille de Brigitte Macron de retour chez Cyril Hanouna<\/strong><\/p>\n<p>Ce lundi 5 janvier 2026 marque donc le \u00ab\u00a0retour\u00a0\u00bb de Tiphaine Auzi\u00e8re sur le plateau de Cyril Hanouna. Mais une fois de plus, c\u2019est en tant qu\u2019intervenante ponctuelle et non en tant que chroniqueuse qu\u2019elle intervenait dans la quotidienne de W9.<\/p>\n<p>Quelques heures apr\u00e8s le verdict du proc\u00e8s des cyberharceleurs de sa m\u00e8re Brigitte Macron, accus\u00e9s d&rsquo;avoir diffus\u00e9 ou relay\u00e9 insultes et rumeurs li\u00e9es \u00e0 son genre et \u00e0 son \u00e9cart d&rsquo;\u00e2ge avec <a href=\"https:\/\/www.public.fr\/tag\/emmanuel-macron\" target=\"_blank\" rel=\"noopener\">Emmanuel Macron<\/a>, l\u2019avocate venait \u00e9voquer cette affaire dans l\u2019\u00e9mission.\u00a0<\/p>\n<p>L&rsquo;avocate rappelle qu&rsquo;il s&rsquo;agit d&rsquo;une \u00ab\u00a0fake news\u00a0\u00bb et non d&rsquo;une \u00ab\u00a0rumeur\u00a0\u00bb<\/p>\n<p>\u00ab\u00a0\u00c7a fait quatre ans. Les gens ne mesurent pas que la situation dure. Au d\u00e9but, c&rsquo;est quelque chose que vous percevez avec assez de hauteur, parce que \u00e7a para\u00eet tellement improbable. Parce que c&rsquo;est bien, je dis, j&rsquo;insiste, <strong>ce n&rsquo;est pas une rumeur. C&rsquo;est une fake news<\/strong>\u00ab\u00a0, a d\u2019abord pr\u00e9cis\u00e9 Tiphaine Auzi\u00e8re avant que Cyril Hanouna ne pointe du doigt Audrey Crespo-Mara qui a \u00e9voqu\u00e9 <strong>une \u00ab\u00a0rumeur\u00a0\u00bb et non une \u00ab\u00a0fake news\u00a0\u00bb<\/strong> concernant le sujet <a href=\"https:\/\/www.letribunaldunet.fr\/tv\/femme-senflamme-facilement-excuses-brigitte-macron-sales-connes.html?utm_source=public&amp;utm_medium=referral\" target=\"_blank\" rel=\"noopener\">lorsqu\u2019elle a re\u00e7u la Premi\u00e8re dame sur son plateau la veille.\u00a0<\/a><\/p>\n<p>\u00ab\u00a0<strong>Moi, \u00e7a me d\u00e9range qu&rsquo;on parle de rumeurs et je pense que quand on est journaliste, il faut appeler un chat un chat et c&rsquo;est une fake news.<\/strong> Parce que du coup, la question qui d\u00e9coule de \u00e7a, c&rsquo;est que les gens nous demandent\u00a0: \u2018Mais alors, est-ce que le tribunal va juger de savoir si c&rsquo;est un homme ou une femme ?\u2019 On en est l\u00e0. Or, le sujet n&rsquo;est absolument pas le cas. Les proc\u00e8s qui ont lieu, vous avez un proc\u00e8s en diffamation o\u00f9 il y a un pourvoi en cassation. Vous avez ce proc\u00e8s sur le cyberharc\u00e8lement avec cette d\u00e9cision qui a \u00e9t\u00e9 rendue et qui peut \u00eatre susceptible d&rsquo;appel. Et il y a un autre dossier qui s&rsquo;ouvrira aux \u00c9tats-Unis sur notamment aussi les faits de harc\u00e8lement et de diffamation\u00a0\u00bb, a finalement pr\u00e9cis\u00e9 Tiphaine Auzi\u00e8re, souhaitant clarifier la situation \u00e0 ce sujet.\u00a0<\/p>\n<blockquote class=\"twitter-tweet\">\n<p>\u00ab\u00a0Ce n&rsquo;est pas une rumeur, c&rsquo;est une fake news\u00a0\u00bb <\/p>\n<p>Tiphaine Auzi\u00e8re, fille de Brigitte Macron, revient sur le verdict du proc\u00e8s des cyberharceleurs de la Premi\u00e8re dame ! <a href=\"https:\/\/twitter.com\/hashtag\/TBT9?src=hash&amp;ref_src=twsrc%5Etfw\" target=\"_blank\" rel=\"noopener\">#TBT9<\/a> <a href=\"https:\/\/t.co\/7ONKIqnCu2\">pic.twitter.com\/7ONKIqnCu2<\/a><\/p>\n<p>\u2014 TBT9 (@TBT9_W9) <a href=\"https:\/\/twitter.com\/TBT9_W9\/status\/2008270656325165394?ref_src=twsrc%5Etfw\" target=\"_blank\" rel=\"noopener\">January 5, 2026<\/a><\/p><\/blockquote>\n<p>\n          Hits &amp; People en continu\n        <\/p>\n<p>\n          Public Radio\n        <\/p>\n<p>      Mentionn\u00e9s dans cet article<\/p>\n<p>      Sur le m\u00eame sujet<\/p>\n<p>  <script async src=\"https:\/\/platform.twitter.com\/widgets.js\" charset=\"utf-8\"><\/script><\/p>\n","protected":false},"excerpt":{"rendered":"Apr\u00e8s son passage en septembre 2025, Tiphaine Auzi\u00e8re a fait son retour, de mani\u00e8re ponctuelle, dans la quotidienne&hellip;\n","protected":false},"author":2,"featured_media":643824,"comment_status":"","ping_status":"","sticky":false,"template":"","format":"standard","meta":{"footnotes":""},"categories":[1356],"tags":[986,1083,58,1073,59,1011,27,2694,252,33876,22498,22497,1364],"class_list":{"0":"post-643823","1":"post","2":"type-post","3":"status-publish","4":"format-standard","5":"has-post-thumbnail","7":"category-television","8":"tag-brigitte-macron","9":"tag-cyril-hanouna","10":"tag-divertissement","11":"tag-emmanuel-macron","12":"tag-entertainment","13":"tag-fr","14":"tag-france","15":"tag-proces","16":"tag-television","17":"tag-tiphaine-auziere","18":"tag-tout-9-tbt9","19":"tag-tout-beau","20":"tag-tv"},"share_on_mastodon":{"url":"https:\/\/pubeurope.com\/@fr\/115845798805513458","error":""},"_links":{"self":[{"href":"https:\/\/www.europesays.com\/fr\/wp-json\/wp\/v2\/posts\/643823","targetHints":{"allow":["GET"]}}],"collection":[{"href":"https:\/\/www.europesays.com\/fr\/wp-json\/wp\/v2\/posts"}],"about":[{"href":"https:\/\/www.europesays.com\/fr\/wp-json\/wp\/v2\/types\/post"}],"author":[{"embeddable":true,"href":"https:\/\/www.europesays.com\/fr\/wp-json\/wp\/v2\/users\/2"}],"replies":[{"embeddable":true,"href":"https:\/\/www.europesays.com\/fr\/wp-json\/wp\/v2\/comments?post=643823"}],"version-history":[{"count":0,"href":"https:\/\/www.europesays.com\/fr\/wp-json\/wp\/v2\/posts\/643823\/revisions"}],"wp:featuredmedia":[{"embeddable":true,"href":"https:\/\/www.europesays.com\/fr\/wp-json\/wp\/v2\/media\/643824"}],"wp:attachment":[{"href":"https:\/\/www.europesays.com\/fr\/wp-json\/wp\/v2\/media?parent=643823"}],"wp:term":[{"taxonomy":"category","embeddable":true,"href":"https:\/\/www.europesays.com\/fr\/wp-json\/wp\/v2\/categories?post=643823"},{"taxonomy":"post_tag","embeddable":true,"href":"https:\/\/www.europesays.com\/fr\/wp-json\/wp\/v2\/tags?post=643823"}],"curies":[{"name":"wp","href":"https:\/\/api.w.org\/{rel}","templated":true}]}}