{"id":643825,"date":"2026-01-06T02:29:14","date_gmt":"2026-01-06T02:29:14","guid":{"rendered":"https:\/\/www.europesays.com\/fr\/643825\/"},"modified":"2026-01-06T02:29:14","modified_gmt":"2026-01-06T02:29:14","slug":"huit-mois-apres-sa-mort-le-rappeur-francais-werenoi-decroche-son-premier-disque-de-diamant","status":"publish","type":"post","link":"https:\/\/www.europesays.com\/fr\/643825\/","title":{"rendered":"Huit mois apr\u00e8s sa mort, le rappeur fran\u00e7ais Werenoi d\u00e9croche son premier disque de diamant"},"content":{"rendered":"<p>Ses sons captivent toujours ses innombrables fans\u00a0: le rappeur montreuillois <a href=\"https:\/\/www.20minutes.fr\/arts-stars\/culture\/4154612-20250521-werenoi-mort-brutalement-31-ans-rappeur-inhume-quartier\" class=\"c-link c-link--is-underlined\" target=\"_blank\" rel=\"noopener\">Werenoi<\/a>, tragiquement <a href=\"https:\/\/www.20minutes.fr\/arts-stars\/culture\/4154029-20250517-rappeur-werenoi-decede-age-31-ans\" class=\"c-link c-link--is-underlined\" target=\"_blank\" rel=\"noopener\">d\u00e9c\u00e9d\u00e9 le 17\u00a0mai 2025<\/a>, \u00e0 l\u2019\u00e2ge de 31 ans, vient de se voir d\u00e9cerner son tout premier disque de diamant pour son avant-dernier album Pyramide, sorti en f\u00e9vrier\u00a02024, rapporte <a href=\"https:\/\/www.lefigaro.fr\/musique\/le-defunt-rappeur-werenoi-obtient-le-premier-disque-de-diamant-de-sa-carriere-20260102\" target=\"_blank\" class=\"c-link c-link--is-underlined\" rel=\"noopener\">Le Figaro<\/a>.<\/p>\n<\/p>\n<p>Cette distinction \u2013 l\u2019une des plus prestigieuses de l\u2019industrie musicale \u2013 lui est attribu\u00e9e \u00e0 titre posthume car l\u2019<a href=\"https:\/\/www.20minutes.fr\/culture\/album\/\" class=\"c-link c-link--is-underlined\" target=\"_blank\" rel=\"noopener\">album<\/a>, qui comporte des tubes comme P\u00e9tunias, <a href=\"https:\/\/www.youtube.com\/watch?v=LeMMF-A_8mk\" rel=\"nofollow noopener\" target=\"_blank\" class=\"c-link c-link--is-underlined\">Dans un verre<\/a> ou Maudit, totalise \u00e0 ce jour, , selon les chiffres du <a href=\"https:\/\/www.20minutes.fr\/arts-stars\/culture\/musique\/4080878-20240312-marche-musical-francais-affiche-sante-chiffre-affaires-hausse-5-1-an\" class=\"c-link c-link--is-underlined\" target=\"_blank\" rel=\"noopener\">Syndicat national de l\u2019\u00e9dition phonographique<\/a> (SNEP), plus de 500.000 ventes\u00a0!<\/p>\n<p>Toujours au firmament<\/p>\n<p>Un chiffre peu surprenant lorsque l\u2019on sait que le rappeur \u00e9tait, de son vivant, le <a href=\"https:\/\/www.20minutes.fr\/arts-stars\/culture\/musique\/4132844-20250109-werenoi-rappeur-montreuil-nouveau-sacre-champion-ventes-albums-france-2024\" class=\"c-link c-link--is-underlined\" target=\"_blank\" rel=\"noopener\">plus gros vendeur de disques en France<\/a>. Et qu\u2019il reste, huit mois apr\u00e8s sa disparition, l\u2019un des artistes de <a href=\"https:\/\/www.20minutes.fr\/dossier\/rap\" class=\"c-link c-link--is-underlined\" target=\"_blank\" rel=\"noopener\">rap<\/a> les plus pl\u00e9biscit\u00e9s de l\u2019hexagone\u00a0: Le Figaro rappelle que son dernier album, Diamant noir, a squatt\u00e9 les dix premi\u00e8res places du top album en\u00a02025.<\/p>\n<p><a href=\"https:\/\/www.20minutes.fr\/dossier\/rap\" class=\"c-link c-btn c-btn--primary\" target=\"_blank\" rel=\"noopener\">Notre dossier \u00ab Rap \u00bb<\/a><\/p>\n<p>Werenoi cartonne d\u2019ailleurs toujours sur <a href=\"https:\/\/www.20minutes.fr\/dossier\/spotify\" class=\"c-link c-link--is-underlined\" target=\"_blank\" rel=\"noopener\">Spotify<\/a>, o\u00f9 ses titres sont encore \u00e9cout\u00e9s par 6,7\u00a0millions de personnes chaque mois, tout comme sur <a href=\"https:\/\/www.20minutes.fr\/dossier\/deezer\" class=\"c-link c-link--is-underlined\" target=\"_blank\" rel=\"noopener\">Deezer <\/a>et <a href=\"https:\/\/www.20minutes.fr\/high-tech\/youtube\/\" class=\"c-link c-link--is-underlined\" target=\"_blank\" rel=\"noopener\">YouTube<\/a>. Largement de quoi justifier la diffusion par Netflix, le 31\u00a0janvier 2026, du documentaire <a href=\"https:\/\/www.youtube.com\/shorts\/8JqDglcmcp0\" rel=\"nofollow noopener\" target=\"_blank\" class=\"c-link c-link--is-underlined\">La v\u00e9rit\u00e9 derri\u00e8re la l\u00e9gende<\/a>, qui reviendra sur la carri\u00e8re de l\u2019artiste.<\/p>\n","protected":false},"excerpt":{"rendered":"Ses sons captivent toujours ses innombrables fans\u00a0: le rappeur montreuillois Werenoi, tragiquement d\u00e9c\u00e9d\u00e9 le 17\u00a0mai 2025, \u00e0 l\u2019\u00e2ge&hellip;\n","protected":false},"author":2,"featured_media":643826,"comment_status":"","ping_status":"","sticky":false,"template":"","format":"standard","meta":{"footnotes":""},"categories":[1355],"tags":[1692,251,3983,11321,52420,7703,58,59,1011,27,1361,873,127,38533,3616,6198,5593,74395,6852,2784],"class_list":{"0":"post-643825","1":"post","2":"type-post","3":"status-publish","4":"format-standard","5":"has-post-thumbnail","7":"category-musique","8":"tag-album","9":"tag-culture","10":"tag-deces","11":"tag-deezer","12":"tag-diamant","13":"tag-disque","14":"tag-divertissement","15":"tag-entertainment","16":"tag-fr","17":"tag-france","18":"tag-music","19":"tag-musique","20":"tag-netflix","21":"tag-pyramides","22":"tag-rap","23":"tag-rappeur","24":"tag-recompense","25":"tag-snep","26":"tag-spotify","27":"tag-youtube"},"share_on_mastodon":{"url":"https:\/\/pubeurope.com\/@fr\/115845802490229530","error":""},"_links":{"self":[{"href":"https:\/\/www.europesays.com\/fr\/wp-json\/wp\/v2\/posts\/643825","targetHints":{"allow":["GET"]}}],"collection":[{"href":"https:\/\/www.europesays.com\/fr\/wp-json\/wp\/v2\/posts"}],"about":[{"href":"https:\/\/www.europesays.com\/fr\/wp-json\/wp\/v2\/types\/post"}],"author":[{"embeddable":true,"href":"https:\/\/www.europesays.com\/fr\/wp-json\/wp\/v2\/users\/2"}],"replies":[{"embeddable":true,"href":"https:\/\/www.europesays.com\/fr\/wp-json\/wp\/v2\/comments?post=643825"}],"version-history":[{"count":0,"href":"https:\/\/www.europesays.com\/fr\/wp-json\/wp\/v2\/posts\/643825\/revisions"}],"wp:featuredmedia":[{"embeddable":true,"href":"https:\/\/www.europesays.com\/fr\/wp-json\/wp\/v2\/media\/643826"}],"wp:attachment":[{"href":"https:\/\/www.europesays.com\/fr\/wp-json\/wp\/v2\/media?parent=643825"}],"wp:term":[{"taxonomy":"category","embeddable":true,"href":"https:\/\/www.europesays.com\/fr\/wp-json\/wp\/v2\/categories?post=643825"},{"taxonomy":"post_tag","embeddable":true,"href":"https:\/\/www.europesays.com\/fr\/wp-json\/wp\/v2\/tags?post=643825"}],"curies":[{"name":"wp","href":"https:\/\/api.w.org\/{rel}","templated":true}]}}