{"id":643827,"date":"2026-01-06T02:30:16","date_gmt":"2026-01-06T02:30:16","guid":{"rendered":"https:\/\/www.europesays.com\/fr\/643827\/"},"modified":"2026-01-06T02:30:16","modified_gmt":"2026-01-06T02:30:16","slug":"montfaucon-en-velay-le-deuxieme-volet-de-profils-paysans-projete-samedi-dans-la-salle-polyvalente","status":"publish","type":"post","link":"https:\/\/www.europesays.com\/fr\/643827\/","title":{"rendered":"Montfaucon-en-Velay : le deuxi\u00e8me volet de \u00ab\u00a0Profils paysans\u00a0\u00bb projet\u00e9 samedi dans la salle polyvalente"},"content":{"rendered":"<p>\t\t\t\t\t\t\t\t\t\t\t\t\t\t\t\t\t\t\t\t\t\t\t\t\t\t\t\t\t\t\t\t\t\t\t\t\t\t\t\t\t\t\t\t\t\t\t\t\t\t\t\t\t\t\t\t\t\t\t\t\t\t\t<a href=\"https:\/\/www.lacommere43.fr\/component\/banners\/click\/1869.html\" target=\"_blank\" title=\"Saint-Romain-Lachalm Durieux Fermetures d\u00e9cembre 2025\" rel=\"noopener\"><br \/>\n\t\t\t\t\t\t\t<img decoding=\"async\" loading=\"lazy\" src=\"https:\/\/www.europesays.com\/fr\/wp-content\/uploads\/2025\/12\/La-Commre-43---du-20-12-25-au-09-01-2026.gif\" alt=\"Saint-Romain-Lachalm Durieux Fermetures d\u00e9cembre 2025\"\/><br \/>\n\t\t\t\t\t\t<\/a><\/p>\n<p><strong>Les Montfaucon de France invitent \u00e0 une nouvelle soir\u00e9e cin\u00e9ma.<\/strong><\/p>\n<p>Apr\u00e8s le beau succ\u00e8s rencontr\u00e9 lors de la projection du film \u00ab\u00a0Profils paysans\u00a0\u00bb,\u00a0les Montfaucon de France ont le plaisir de proposer la suite de ce documentaire embl\u00e9matique de Raymond Depardon.<\/p>\n<p>Rendez-vous samedi 10 janvier \u00e0 20 heures dans la salle Jean-Fayard \u00e0 Montfaucon-en-Velay.<\/p>\n<p>Ce deuxi\u00e8me \u00e9pisode peut \u00eatre visionn\u00e9 ind\u00e9pendamment du premier : il ne s&rsquo;agit pas d&rsquo;une suite directe et reste pleinement accessible \u00e0 tous, m\u00eame pour ceux qui n&rsquo;auraient pas vu le premier film.<\/p>\n<p>Ce documentaire poursuit son regard sensible et authentique sur le monde paysan, ses visages, ses histoires et son attachement \u00e0 la terre. Une soir\u00e9e plac\u00e9e sous le signe du partage, de la m\u00e9moire rurale et de la convivialit\u00e9.<\/p>\n<p>\u00ab\u00a0Le Quotidien\u00a0\u00bb, sorti en 2005, commence l\u00e0 o\u00f9 finit le premier. Les agriculteurs film\u00e9s y avouent parfois, ou laissent percer \u00e0 travers leurs propos, leur d\u00e9sarroi sur leur monde quotidien qui est en train de dispara\u00eetre. La campagne ainsi film\u00e9e semble avoir vocation \u00e0 devenir une immense r\u00e9sidence pour citadins en mal de nature.<\/p>\n<p>Entr\u00e9e au chapeau, buvette sur place<\/p>\n","protected":false},"excerpt":{"rendered":"Les Montfaucon de France invitent \u00e0 une nouvelle soir\u00e9e cin\u00e9ma. Apr\u00e8s le beau succ\u00e8s rencontr\u00e9 lors de la&hellip;\n","protected":false},"author":2,"featured_media":643828,"comment_status":"","ping_status":"","sticky":false,"template":"","format":"standard","meta":{"footnotes":""},"categories":[1354],"tags":[2281,58,59,2282,1346,1011,27,2280,2284,2285,2283,1360],"class_list":{"0":"post-643827","1":"post","2":"type-post","3":"status-publish","4":"format-standard","5":"has-post-thumbnail","7":"category-films","8":"tag-actualite-43","9":"tag-divertissement","10":"tag-entertainment","11":"tag-faits-divers-auvergne","12":"tag-films","13":"tag-fr","14":"tag-france","15":"tag-information-haute-loire","16":"tag-infos-43","17":"tag-journal-haute-loire","18":"tag-la-commere-43","19":"tag-movies"},"share_on_mastodon":{"url":"https:\/\/pubeurope.com\/@fr\/115845806361903450","error":""},"_links":{"self":[{"href":"https:\/\/www.europesays.com\/fr\/wp-json\/wp\/v2\/posts\/643827","targetHints":{"allow":["GET"]}}],"collection":[{"href":"https:\/\/www.europesays.com\/fr\/wp-json\/wp\/v2\/posts"}],"about":[{"href":"https:\/\/www.europesays.com\/fr\/wp-json\/wp\/v2\/types\/post"}],"author":[{"embeddable":true,"href":"https:\/\/www.europesays.com\/fr\/wp-json\/wp\/v2\/users\/2"}],"replies":[{"embeddable":true,"href":"https:\/\/www.europesays.com\/fr\/wp-json\/wp\/v2\/comments?post=643827"}],"version-history":[{"count":0,"href":"https:\/\/www.europesays.com\/fr\/wp-json\/wp\/v2\/posts\/643827\/revisions"}],"wp:featuredmedia":[{"embeddable":true,"href":"https:\/\/www.europesays.com\/fr\/wp-json\/wp\/v2\/media\/643828"}],"wp:attachment":[{"href":"https:\/\/www.europesays.com\/fr\/wp-json\/wp\/v2\/media?parent=643827"}],"wp:term":[{"taxonomy":"category","embeddable":true,"href":"https:\/\/www.europesays.com\/fr\/wp-json\/wp\/v2\/categories?post=643827"},{"taxonomy":"post_tag","embeddable":true,"href":"https:\/\/www.europesays.com\/fr\/wp-json\/wp\/v2\/tags?post=643827"}],"curies":[{"name":"wp","href":"https:\/\/api.w.org\/{rel}","templated":true}]}}