{"id":643837,"date":"2026-01-06T02:36:10","date_gmt":"2026-01-06T02:36:10","guid":{"rendered":"https:\/\/www.europesays.com\/fr\/643837\/"},"modified":"2026-01-06T02:36:10","modified_gmt":"2026-01-06T02:36:10","slug":"7-graphiques-sur-la-situation-economique","status":"publish","type":"post","link":"https:\/\/www.europesays.com\/fr\/643837\/","title":{"rendered":"7 graphiques sur la situation \u00e9conomique"},"content":{"rendered":"<dl class=\"post-meta-box flex flex-wrap items-top border-grey-lighter border-b post-meta relative z-20\">&#13;<\/p>\n<dt class=\"inline-block py-1 leading-5 w-1\/5 sm:1\/6 xl:w-3\/10 flex items-top font-sans text-3xs text-grey tracking-wider uppercase border-grey-lighter border-t\">&#13;<br \/>\n                                        Auteur                                      <\/dt>\n<p>&#13;<\/p>\n<dd class=\"inline-block w-4\/5 sm:5\/6 xl:w-7\/10 pl-1u lg:pl-0 flex-grow  py-1 font-sans text-xs leading-5 border-grey-lighter border-t\">&#13;<br \/>\n                                                                                  <a href=\"https:\/\/legrandcontinent.eu\/fr\/p\/guillaume-duval\/\" class=\"text-red no-underline\" target=\"_blank\" rel=\"noopener\">&#13;<br \/>\n                                            Guillaume Duval<\/a>                                                                              <\/dd>\n<p>&#13;<br \/>\n                                    &#13;<br \/>\n                                    &#13;<br \/>\n                                    &#13;<\/p>\n<dt class=\"inline-block py-1 leading-5 w-1\/5 sm:1\/6 xl:w-3\/10 flex items-top font-sans text-3xs text-grey tracking-wider uppercase border-grey-lighter border-t\">&#13;<br \/>\n                                      Date                                    <\/dt>\n<p>&#13;<\/p>\n<dd class=\"inline-block w-4\/5 sm:5\/6 xl:w-7\/10 pl-1u lg:pl-0 flex-grow  py-1 font-sans text-xs leading-5 border-grey-lighter border-t\">&#13;<br \/>\n                                      &#13;<br \/>\n                                        5 janvier 2026                                      &#13;\n                                    <\/dd>\n<p>&#13;\n                                  <\/dl>\n<p>  Ajouter<br \/>\n  Article ajout\u00e9<\/p>\n<p>  T\u00e9l\u00e9charger le PDF<br \/>\n  En cours<\/p>\n<dl class=\"post-meta-box flex flex-wrap items-top border-grey-lighter border-b post-meta relative z-20 mt-4\">&#13;<\/p>\n<dt class=\"partager inline-block py-1 leading-5 w-1\/5 sm:1\/6 xl:w-3\/10 flex items-top font-sans text-3xs text-grey tracking-wider uppercase border-grey-lighter border-t\">&#13;<br \/>\n                                      Partager                                    <\/dt>\n<p>&#13;<\/p>\n<dd class=\"partager inline-block w-4\/5 sm:5\/6 xl:w-7\/10 pl-1u lg:pl-0 flex-grow  py-1 font-sans text-xs leading-5 border-grey-lighter border-t\">&#13;<br \/>\n                                      <a target=\"_blank\" data-social=\"twitter\" class=\"text-red no-underline inline-block w-4 h-4 mr-2\" href=\"https:\/\/twitter.com\/intent\/tweet\/?text=Manifestations+en+Iran%C2%A0%3A+sept+graphiques+sur+la+d%C3%A9gradation+de+la+situation+%C3%A9conomique&amp;url=https%3A%2F%2Flegrandcontinent.eu%2Ffr%2F2026%2F01%2F05%2Fmanifestations-en-iran-sept-graphiques-sur-la-degradation-de-la-situation-economique%2F\" rel=\"noopener\">&#13;<br \/>\n                                          &#13;<br \/>\n                                        <\/a>&#13;<br \/>\n                                      <a target=\"_blank\" data-social=\"facebook\" class=\"text-red no-underline inline-block w-4 h-4 mr-2\" href=\"https:\/\/facebook.com\/sharer\/sharer.php?u=https%3A%2F%2Flegrandcontinent.eu%2Ffr%2F2026%2F01%2F05%2Fmanifestations-en-iran-sept-graphiques-sur-la-degradation-de-la-situation-economique%2F\" rel=\"noopener\">&#13;<br \/>\n                                          &#13;<br \/>\n                                        <\/a>&#13;<br \/>\n                                      <a target=\"_blank\" data-social=\"linkedin\" class=\"text-red no-underline inline-block w-4 h-4 mr-2\" href=\"https:\/\/www.linkedin.com\/shareArticle?title=Manifestations+en+Iran%26%23160%3B%3A+sept+graphiques+sur+la+d%C3%A9gradation+de+la+situation+%C3%A9conomique&amp;url=https%3A%2F%2Flegrandcontinent.eu%2Ffr%2F2026%2F01%2F05%2Fmanifestations-en-iran-sept-graphiques-sur-la-degradation-de-la-situation-economique%2F\" rel=\"noopener\">&#13;<br \/>\n                                          &#13;<br \/>\n                                        <\/a>&#13;<br \/>\n&#13;<br \/>\n&#13;\n                                    <\/dd>\n<p>&#13;<\/p>\n<p class=\"font-sans text-black text-xs lg:text-2xs\">&#13;<br \/>\n                                          Abonnez-vous pour t\u00e9l\u00e9charger cet article en format PDF                                        <\/p>\n<p>                                        <a href=\"https:\/\/legrandcontinent.eu\/fr\/2026\/01\/05\/manifestations-en-iran-sept-graphiques-sur-la-degradation-de-la-situation-economique\/\" class=\"btn-subscribe flex no-underline mt-4\" target=\"_blank\" rel=\"noopener\">&#13;<br \/>\n                                          &#13;<br \/>\n                                            \u2192&#13;<br \/>\n                                          &#13;<br \/>\n                                          &#13;<br \/>\n                                            S&rsquo;abonner                                          &#13;<br \/>\n                                        <\/a><\/p>\n<p>                                    &#13;\n                                  <\/dl>\n<p>L\u2019\u00e9conomie iranienne est tr\u00e8s d\u00e9pendante de l\u2019exportation de p\u00e9trole. Or, la guerre et le renforcement des sanctions se sont traduits par une baisse de la production.<\/p>\n<ul class=\"wp-block-list\">\n<li>Et ce, dans un contexte o\u00f9 le prix du brut iranien a parall\u00e8lement perdu 19\u00a0% entre janvier 2025 et janvier 2026.<\/li>\n<li>Cette baisse r\u00e9duit fortement les moyens dont dispose le r\u00e9gime pour maintenir l\u2019\u00e9conomie \u00e0 flot et acheter la paix sociale.<\/li>\n<\/ul>\n<p>Parall\u00e8lement, toute la production industrielle a \u00e9galement \u00e9t\u00e9 affect\u00e9e.<\/p>\n<ul class=\"wp-block-list\">\n<li>La production automobile avait commenc\u00e9 \u00e0 se redresser l\u00e9g\u00e8rement depuis le fort recul engendr\u00e9 par la d\u00e9cision des \u00c9tats-Unis de se retirer de l\u2019accord sur le nucl\u00e9aire iranien en 2018, sous la premi\u00e8re pr\u00e9sidence de Donald Trump.<\/li>\n<li>Celle-ci a lourdement rechut\u00e9 en 2025, reculant de l\u2019ordre de 20\u00a0% par rapport \u00e0 2024, et n\u2019atteint d\u00e9sormais plus que la moiti\u00e9 du volume de v\u00e9hicules produits en 2010-2011, avant le plus important train de sanctions am\u00e9ricaines.<\/li>\n<\/ul>\n<ul class=\"wp-block-list\">\n<li>Selon le Purchasing Managers Index (PMI) \u00e9tabli par la Chambre de commerce iranienne, l\u2019\u00e9conomie du pays est en r\u00e9cession quasi constante depuis la mi-2024 (un PMI inf\u00e9rieur \u00e0 50 indique une contraction de l\u2019\u00e9conomie).<\/li>\n<\/ul>\n<ul class=\"wp-block-list\">\n<li>De son c\u00f4t\u00e9, la monnaie iranienne s\u2019est fortement d\u00e9pr\u00e9ci\u00e9e\u00a0: un dollar am\u00e9ricain vaut aujourd\u2019hui plus de 1,3 million de rials sur le march\u00e9 libre \u00e0 T\u00e9h\u00e9ran, contre 800 000 au d\u00e9but de l\u2019ann\u00e9e.<\/li>\n<\/ul>\n<ul class=\"wp-block-list\">\n<li>Selon le FMI, le PIB iranien devrait reculer de 14\u00a0% entre 2024 et 2025 pour s\u2019\u00e9tablir \u00e0 un niveau inf\u00e9rieur de moiti\u00e9 \u00e0 celui de 2011, avant l\u2019application des principales sanctions am\u00e9ricaines.<\/li>\n<\/ul>\n<ul class=\"wp-block-list\">\n<li>Or, dans le m\u00eame temps, la population iranienne a augment\u00e9 de 18\u00a0%.<\/li>\n<li>Le PIB par habitant, qui \u00e9tait de 9 211 dollars en 2011, n\u2019est donc plus que de 3 862 dollars aujourd\u2019hui, soit 2,4 fois moins qu\u2019il y a quinze ans.<\/li>\n<\/ul>\n<p>Malgr\u00e9 la forte contraction de l\u2019\u00e9conomie, le rench\u00e9rissement des produits import\u00e9s, combin\u00e9 aux restrictions d\u2019approvisionnement r\u00e9sultant de la guerre et des sanctions, a d\u00e9clench\u00e9 une spirale inflationniste que le pouvoir iranien n\u2019a pas r\u00e9ussi \u00e0 ma\u00eetriser.<\/p>\n<p>                            <script async src=\"https:\/\/platform.twitter.com\/widgets.js\" charset=\"utf-8\"><\/script><\/p>\n","protected":false},"excerpt":{"rendered":"&#13; &#13; Auteur &#13; &#13; &#13; Guillaume Duval &#13; &#13; &#13; &#13; &#13; Date &#13; &#13; &#13; 5&hellip;\n","protected":false},"author":2,"featured_media":643838,"comment_status":"","ping_status":"","sticky":false,"template":"","format":"standard","meta":{"footnotes":""},"categories":[5],"tags":[11,1011,27,14,12,28],"class_list":{"0":"post-643837","1":"post","2":"type-post","3":"status-publish","4":"format-standard","5":"has-post-thumbnail","7":"category-international","8":"tag-actualites","9":"tag-fr","10":"tag-france","11":"tag-international","12":"tag-news","13":"tag-world"},"share_on_mastodon":{"url":"https:\/\/pubeurope.com\/@fr\/115845829978284499","error":""},"_links":{"self":[{"href":"https:\/\/www.europesays.com\/fr\/wp-json\/wp\/v2\/posts\/643837","targetHints":{"allow":["GET"]}}],"collection":[{"href":"https:\/\/www.europesays.com\/fr\/wp-json\/wp\/v2\/posts"}],"about":[{"href":"https:\/\/www.europesays.com\/fr\/wp-json\/wp\/v2\/types\/post"}],"author":[{"embeddable":true,"href":"https:\/\/www.europesays.com\/fr\/wp-json\/wp\/v2\/users\/2"}],"replies":[{"embeddable":true,"href":"https:\/\/www.europesays.com\/fr\/wp-json\/wp\/v2\/comments?post=643837"}],"version-history":[{"count":0,"href":"https:\/\/www.europesays.com\/fr\/wp-json\/wp\/v2\/posts\/643837\/revisions"}],"wp:featuredmedia":[{"embeddable":true,"href":"https:\/\/www.europesays.com\/fr\/wp-json\/wp\/v2\/media\/643838"}],"wp:attachment":[{"href":"https:\/\/www.europesays.com\/fr\/wp-json\/wp\/v2\/media?parent=643837"}],"wp:term":[{"taxonomy":"category","embeddable":true,"href":"https:\/\/www.europesays.com\/fr\/wp-json\/wp\/v2\/categories?post=643837"},{"taxonomy":"post_tag","embeddable":true,"href":"https:\/\/www.europesays.com\/fr\/wp-json\/wp\/v2\/tags?post=643837"}],"curies":[{"name":"wp","href":"https:\/\/api.w.org\/{rel}","templated":true}]}}