{"id":643842,"date":"2026-01-06T02:39:13","date_gmt":"2026-01-06T02:39:13","guid":{"rendered":"https:\/\/www.europesays.com\/fr\/643842\/"},"modified":"2026-01-06T02:39:13","modified_gmt":"2026-01-06T02:39:13","slug":"loire-faute-de-chauffage-trois-etablissements-scolaires-ligeriens-sont-restes-fermes-le-jour-de-la-rentree","status":"publish","type":"post","link":"https:\/\/www.europesays.com\/fr\/643842\/","title":{"rendered":"Loire. Faute de chauffage, trois \u00e9tablissements scolaires lig\u00e9riens sont rest\u00e9s ferm\u00e9s le jour de la rentr\u00e9e"},"content":{"rendered":"<p>Ce n\u2019\u00e9tait sans doute pas pour leur d\u00e9plaire. Plusieurs centaines de coll\u00e9giens de Loire Sud ont vu leur rentr\u00e9e retard\u00e9e, leur \u00e9tablissement \u00e9tant ferm\u00e9 faute de chauffage.<\/p>\n<p>Au coll\u00e8ge Les Champs, dans le quartier de La Terrasse \u00e0 Saint-\u00c9tienne, aucune des deux chaudi\u00e8res ne fonctionnait, lundi. L\u2019une \u00e0 cause d\u2019un d\u00e9faut d\u2019allumage, l\u2019autre \u00e0 cause d\u2019une pompe qui disjoncte.<\/p>\n<p>Les techniciens, pr\u00e9sents sur place toute la journ\u00e9e, ont r\u00e9ussi \u00e0 les faire red\u00e9marrer correctement en fin d\u2019apr\u00e8s-midi. L\u2019\u00e9tablissement ne rouvrira cependant que mercredi, car la journ\u00e9e de mardi sera consacr\u00e9e \u00e0 faire remonter la temp\u00e9rature dans les b\u00e2timents.<\/p>\n<p>  Les coll\u00e8ges rouvriront mercredi, l\u2019\u00e9cole de La Fouillouse ce mardi<\/p>\n<p>Au coll\u00e8ge Pierre-Joannon, \u00e0 Saint-Chamond, c\u2019est une rupture d\u2019un tuyau provoqu\u00e9e par le froid, causant une importante fuite, qui a emp\u00each\u00e9 la mise en chauffe de l\u2019\u00e9tablissement. La fuite a \u00e9t\u00e9 localis\u00e9e lundi apr\u00e8s-midi. Une r\u00e9paration sera effectu\u00e9e ce mardi et le coll\u00e8ge rouvrira, lui aussi, seulement mercredi.<\/p>\n<p>Le rectorat d\u2019acad\u00e9mie de Lyon pr\u00e9cise que pour les \u00e9l\u00e8ves de ces deux \u00e9tablissements, \u00ab\u00a0une continuit\u00e9 p\u00e9dagogique en distanciel\u00a0\u00bb a \u00e9t\u00e9 mise en place.<\/p>\n<p>C\u2019est \u00e9galement une panne de chauffage qui a emp\u00each\u00e9 la r\u00e9ouverture de l\u2019\u00e9cole primaire publique de La Fouillouse, lundi. Elle rouvrira ce mardi.<\/p>\n","protected":false},"excerpt":{"rendered":"Ce n\u2019\u00e9tait sans doute pas pour leur d\u00e9plaire. Plusieurs centaines de coll\u00e9giens de Loire Sud ont vu leur&hellip;\n","protected":false},"author":2,"featured_media":643843,"comment_status":"","ping_status":"","sticky":false,"template":"","format":"standard","meta":{"footnotes":""},"categories":[9653],"tags":[1111,11,2430,3599,7539,1057,1777,674,107,1011,27,3367,10425,12,25,4001,7538],"class_list":{"0":"post-643842","1":"post","2":"type-post","3":"status-publish","4":"format-standard","5":"has-post-thumbnail","7":"category-saint-etienne","8":"tag-actu","9":"tag-actualites","10":"tag-auvergne-rhone-alpes","11":"tag-college-lycee","12":"tag-edition-loire-sud","13":"tag-education","14":"tag-eu","15":"tag-europe","16":"tag-fil-info","17":"tag-fr","18":"tag-france","19":"tag-loire","20":"tag-maternelle-elementaire","21":"tag-news","22":"tag-republique-francaise","23":"tag-saint-etienne","24":"tag-saint-etienne-ville"},"share_on_mastodon":{"url":"https:\/\/pubeurope.com\/@fr\/115845841747260037","error":""},"_links":{"self":[{"href":"https:\/\/www.europesays.com\/fr\/wp-json\/wp\/v2\/posts\/643842","targetHints":{"allow":["GET"]}}],"collection":[{"href":"https:\/\/www.europesays.com\/fr\/wp-json\/wp\/v2\/posts"}],"about":[{"href":"https:\/\/www.europesays.com\/fr\/wp-json\/wp\/v2\/types\/post"}],"author":[{"embeddable":true,"href":"https:\/\/www.europesays.com\/fr\/wp-json\/wp\/v2\/users\/2"}],"replies":[{"embeddable":true,"href":"https:\/\/www.europesays.com\/fr\/wp-json\/wp\/v2\/comments?post=643842"}],"version-history":[{"count":0,"href":"https:\/\/www.europesays.com\/fr\/wp-json\/wp\/v2\/posts\/643842\/revisions"}],"wp:featuredmedia":[{"embeddable":true,"href":"https:\/\/www.europesays.com\/fr\/wp-json\/wp\/v2\/media\/643843"}],"wp:attachment":[{"href":"https:\/\/www.europesays.com\/fr\/wp-json\/wp\/v2\/media?parent=643842"}],"wp:term":[{"taxonomy":"category","embeddable":true,"href":"https:\/\/www.europesays.com\/fr\/wp-json\/wp\/v2\/categories?post=643842"},{"taxonomy":"post_tag","embeddable":true,"href":"https:\/\/www.europesays.com\/fr\/wp-json\/wp\/v2\/tags?post=643842"}],"curies":[{"name":"wp","href":"https:\/\/api.w.org\/{rel}","templated":true}]}}