{"id":643844,"date":"2026-01-06T02:40:11","date_gmt":"2026-01-06T02:40:11","guid":{"rendered":"https:\/\/www.europesays.com\/fr\/643844\/"},"modified":"2026-01-06T02:40:11","modified_gmt":"2026-01-06T02:40:11","slug":"deux-jeunes-interpelles-apres-un-accident","status":"publish","type":"post","link":"https:\/\/www.europesays.com\/fr\/643844\/","title":{"rendered":"deux jeunes interpell\u00e9s apr\u00e8s un accident"},"content":{"rendered":"<p>\t\t\t\t\t Peu apr\u00e8s 3h20 du matin, une patrouille de police a tent\u00e9 de contr\u00f4ler un v\u00e9hicule circulant \u00e0 vice allure dans les rues de Saint-\u00c9tienne-du-Rouvray (Seine-Maritime). Le conducteur a refus\u00e9 d\u2019obtemp\u00e9rer, d\u00e9clenchant une course-poursuite \u00e0 travers la ville. <\/p>\n<p>Au cours de sa fuite, le v\u00e9hicule a notamment emprunt\u00e9 une portion \u00e0 contresens sur l\u2019avenue des Canadiens, avant que son conducteur en perde\u00a0 le contr\u00f4le. La voiture a percut\u00e9 successivement une borne incendie, un panneau de signalisation, un poteau \u00e9lectrique puis un mur, avant de s\u2019immobiliser.\n\t\t\t\t <\/p>\n","protected":false},"excerpt":{"rendered":"Peu apr\u00e8s 3h20 du matin, une patrouille de police a tent\u00e9 de contr\u00f4ler un v\u00e9hicule circulant \u00e0 vice&hellip;\n","protected":false},"author":2,"featured_media":643845,"comment_status":"","ping_status":"","sticky":false,"template":"","format":"standard","meta":{"footnotes":""},"categories":[9653],"tags":[1111,11,2430,12930,1067,1777,674,118,1011,27,12,1072,73741,25,4001],"class_list":{"0":"post-643844","1":"post","2":"type-post","3":"status-publish","4":"format-standard","5":"has-post-thumbnail","7":"category-saint-etienne","8":"tag-actu","9":"tag-actualites","10":"tag-auvergne-rhone-alpes","11":"tag-course-poursuite","12":"tag-enquete","13":"tag-eu","14":"tag-europe","15":"tag-faits-divers","16":"tag-fr","17":"tag-france","18":"tag-news","19":"tag-police","20":"tag-refus-d","21":"tag-republique-francaise","22":"tag-saint-etienne"},"share_on_mastodon":{"url":"https:\/\/pubeurope.com\/@fr\/115845845655109940","error":""},"_links":{"self":[{"href":"https:\/\/www.europesays.com\/fr\/wp-json\/wp\/v2\/posts\/643844","targetHints":{"allow":["GET"]}}],"collection":[{"href":"https:\/\/www.europesays.com\/fr\/wp-json\/wp\/v2\/posts"}],"about":[{"href":"https:\/\/www.europesays.com\/fr\/wp-json\/wp\/v2\/types\/post"}],"author":[{"embeddable":true,"href":"https:\/\/www.europesays.com\/fr\/wp-json\/wp\/v2\/users\/2"}],"replies":[{"embeddable":true,"href":"https:\/\/www.europesays.com\/fr\/wp-json\/wp\/v2\/comments?post=643844"}],"version-history":[{"count":0,"href":"https:\/\/www.europesays.com\/fr\/wp-json\/wp\/v2\/posts\/643844\/revisions"}],"wp:featuredmedia":[{"embeddable":true,"href":"https:\/\/www.europesays.com\/fr\/wp-json\/wp\/v2\/media\/643845"}],"wp:attachment":[{"href":"https:\/\/www.europesays.com\/fr\/wp-json\/wp\/v2\/media?parent=643844"}],"wp:term":[{"taxonomy":"category","embeddable":true,"href":"https:\/\/www.europesays.com\/fr\/wp-json\/wp\/v2\/categories?post=643844"},{"taxonomy":"post_tag","embeddable":true,"href":"https:\/\/www.europesays.com\/fr\/wp-json\/wp\/v2\/tags?post=643844"}],"curies":[{"name":"wp","href":"https:\/\/api.w.org\/{rel}","templated":true}]}}