{"id":643846,"date":"2026-01-06T02:44:28","date_gmt":"2026-01-06T02:44:28","guid":{"rendered":"https:\/\/www.europesays.com\/fr\/643846\/"},"modified":"2026-01-06T02:44:28","modified_gmt":"2026-01-06T02:44:28","slug":"le-sejour-catastrophique-de-wilfried-nancy-en-ecosse-se-termine-apres-8-matchs","status":"publish","type":"post","link":"https:\/\/www.europesays.com\/fr\/643846\/","title":{"rendered":"le s\u00e9jour catastrophique de Wilfried Nancy en \u00c9cosse se termine apr\u00e8s 8 matchs"},"content":{"rendered":"<p class=\"c-paragraph\">Apr\u00e8s \u00e0 peine un mois et six d\u00e9faites, le difficile s\u00e9jour de Wilfried Nancy \u00e0 la barre du Celtic de Glasgow est termin\u00e9.<\/p>\n<p class=\"c-paragraph\">Ainsi, 33 jours apr\u00e8s avoir quitt\u00e9 le Crew de Columbus en Major League Soccer (MLS) pour rejoindre le Celtic, le club \u00e9cossais a annonc\u00e9 lundi qu\u2019il \u00ab avait d\u00e9cid\u00e9 de r\u00e9silier le contrat de l\u2019entra\u00eeneur-chef Wilfried Nancy, avec effet imm\u00e9diat \u00bb.<\/p>\n<p class=\"c-paragraph\">Paul Tisdale quitte \u00e9galement son poste de directeur des op\u00e9rations soccer du Celtic, et aucune information n\u2019a \u00e9t\u00e9 donn\u00e9e concernant le processus d\u2019embauche du prochain entra\u00eeneur-chef de l\u2019\u00e9quipe.<\/p>\n<p class=\"c-paragraph\">\u00ab De plus amples informations seront communiqu\u00e9es aux partisans d\u00e8s que possible \u00bb, a soulign\u00e9 le club.<\/p>\n<p class=\"c-paragraph\">Nancy, qui a \u00e9galement dirig\u00e9 le CF Montr\u00e9al en MLS de 2021 \u00e0 2022, a perdu ses quatre premiers matchs \u00e0 la t\u00eate de l\u2019\u00e9quipe, dont la finale du Championnat d\u2019\u00c9cosse, et six de ses huit au total. Son dernier match s\u2019est sold\u00e9 par une d\u00e9faite 3-1 \u00e0 domicile samedi contre les Rangers, l\u2019\u00e9ternel rival de Glasgow, lors du derby \u2018Old Firm\u2019, le match le plus prestigieux du soccer \u00e9cossais.<\/p>\n<p class=\"c-paragraph\">Le mandat de Nancy a finalement \u00e9t\u00e9 l\u00e9g\u00e8rement plus court que celui de son pr\u00e9d\u00e9cesseur Martin O\u2019Neill, qui avait pris les commandes apr\u00e8s le d\u00e9part de Brendan Rodgers le 27 octobre. Nancy avait \u00e9t\u00e9 nomm\u00e9 le 3 d\u00e9cembre dernier.<\/p>\n<p class=\"c-paragraph\">O\u2019Neill, tr\u00e8s appr\u00e9ci\u00e9 des partisans et qui a remport\u00e9 trois titres \u00e9cossais avec le Celtic au d\u00e9but des ann\u00e9es 2000, a d\u00e9clar\u00e9 par la suite qu\u2019il aurait \u00e9t\u00e9 heureux de rester en poste.<\/p>\n<p class=\"c-paragraph\">Le Celtic affrontera Dundee United samedi prochain, donnant le coup d\u2019envoi \u00e0 une s\u00e9quence de huit matchs en 24 jours.<\/p>\n<p class=\"c-paragraph\">Parmi ces rencontres figurent deux matchs cruciaux en Ligue Europa contre le FC Bologne et Utrecht aux Pays-Bas. Le Celtic, actuellement d\u00e9tenteur du 24e et dernier laissez-passer octroy\u00e9 aux \u00e9quipes qualifi\u00e9es pour les \u00e9liminatoires dans cette comp\u00e9tition, cherchera \u00e0 \u00e9viter une \u00e9limination pr\u00e9coce.<\/p>\n<p class=\"c-paragraph\">Le Celtic se d\u00e9placera \u00e9galement \u00e0 Hearts, le 25 janvier, pour un match qui pourrait s\u2019av\u00e9rer d\u00e9cisif dans la course au titre de champion d\u2019\u00c9cosse.<\/p>\n<p class=\"c-paragraph\">Hearts compte six points d\u2019avance sur le Celtic et les Rangers en t\u00eate du classement. Le club d\u2019\u00c9dimbourg ambitionne de devenir la premi\u00e8re \u00e9quipe, hors Old Firm, \u00e0 remporter le titre depuis Aberdeen, alors entra\u00een\u00e9 par Alex Ferguson, en 1985.<\/p>\n","protected":false},"excerpt":{"rendered":"Apr\u00e8s \u00e0 peine un mois et six d\u00e9faites, le difficile s\u00e9jour de Wilfried Nancy \u00e0 la barre du&hellip;\n","protected":false},"author":2,"featured_media":643847,"comment_status":"","ping_status":"","sticky":false,"template":"","format":"standard","meta":{"footnotes":""},"categories":[9635],"tags":[1111,11,75023,1777,674,1011,27,775,1702,12,25,8359,70641],"class_list":{"0":"post-643846","1":"post","2":"type-post","3":"status-publish","4":"format-standard","5":"has-post-thumbnail","7":"category-nancy","8":"tag-actu","9":"tag-actualites","10":"tag-celtic","11":"tag-eu","12":"tag-europe","13":"tag-fr","14":"tag-france","15":"tag-grand-est","16":"tag-nancy","17":"tag-news","18":"tag-republique-francaise","19":"tag-soccer","20":"tag-wilfried-nancy"},"share_on_mastodon":{"url":"https:\/\/pubeurope.com\/@fr\/115845861404949601","error":""},"_links":{"self":[{"href":"https:\/\/www.europesays.com\/fr\/wp-json\/wp\/v2\/posts\/643846","targetHints":{"allow":["GET"]}}],"collection":[{"href":"https:\/\/www.europesays.com\/fr\/wp-json\/wp\/v2\/posts"}],"about":[{"href":"https:\/\/www.europesays.com\/fr\/wp-json\/wp\/v2\/types\/post"}],"author":[{"embeddable":true,"href":"https:\/\/www.europesays.com\/fr\/wp-json\/wp\/v2\/users\/2"}],"replies":[{"embeddable":true,"href":"https:\/\/www.europesays.com\/fr\/wp-json\/wp\/v2\/comments?post=643846"}],"version-history":[{"count":0,"href":"https:\/\/www.europesays.com\/fr\/wp-json\/wp\/v2\/posts\/643846\/revisions"}],"wp:featuredmedia":[{"embeddable":true,"href":"https:\/\/www.europesays.com\/fr\/wp-json\/wp\/v2\/media\/643847"}],"wp:attachment":[{"href":"https:\/\/www.europesays.com\/fr\/wp-json\/wp\/v2\/media?parent=643846"}],"wp:term":[{"taxonomy":"category","embeddable":true,"href":"https:\/\/www.europesays.com\/fr\/wp-json\/wp\/v2\/categories?post=643846"},{"taxonomy":"post_tag","embeddable":true,"href":"https:\/\/www.europesays.com\/fr\/wp-json\/wp\/v2\/tags?post=643846"}],"curies":[{"name":"wp","href":"https:\/\/api.w.org\/{rel}","templated":true}]}}