{"id":643848,"date":"2026-01-06T02:45:15","date_gmt":"2026-01-06T02:45:15","guid":{"rendered":"https:\/\/www.europesays.com\/fr\/643848\/"},"modified":"2026-01-06T02:45:15","modified_gmt":"2026-01-06T02:45:15","slug":"a-saint-mandrier-les-seniors-du-tcm-champions-du-var","status":"publish","type":"post","link":"https:\/\/www.europesays.com\/fr\/643848\/","title":{"rendered":"A Saint-Mandrier, les seniors du TCM champions du Var"},"content":{"rendered":"<p class=\"fs-5 \">Apr\u00e8s s\u2019\u00eatre absent\u00e9 ces derni\u00e8res ann\u00e9es des podiums d\u00e9partementaux, le Tennis club mandr\u00e9en (TCM) refait parler de lui, gr\u00e2ce \u00e0 la performance de son quatuor senior.<\/p>\n<p class=\"fs-5 \">Ils se nomment Fabien Taupenas, G\u00e9rald Privat, Franck Leloir et Jean-Luc Derrien ; tous arborent la quarantaine et plus, avec dynamisme et joie.<\/p>\n<p class=\"fs-5 \">\u00c0 l\u2019image de Jean-Luc, doyen de la bande, qui fr\u00e9quente le club depuis l\u2019\u00e2ge de 15 ans, m\u00e9moire du TCM o\u00f9 il a grandi.<\/p>\n<p class=\"fs-5 \">Il est le seul \u00e0 avoir connu par le pass\u00e9 les heures brillantes du club, qui s\u2019affichait aux tableaux d\u00e9partementaux et r\u00e9gionaux.<\/p>\n<p class=\"fs-5 \">Pour les autres, arriv\u00e9s plus tard, fr\u00e9quenter les cours du TCM a particip\u00e9 \u00e0 leur progression dans la discipline et fut vecteur de sympathiques rencontres.<\/p>\n<p class=\"fs-5 \">Aujourd\u2019hui, Fabien, G\u00e9rald, Franck et Jean-Luc redorent donc le blason du Tennis club mandr\u00e9en, suite \u00e0 leur performance lors du premier championnat d\u00e9partemental de la saison, dont ils reviennent vainqueurs.<\/p>\n<p>                                                                                \u00ab Depuis quatre ans, nous terminions toujours vainqueurs de notre poule \u00bb<\/p>\n<p class=\"fs-5 \">\u00ab C\u2019est une cat\u00e9gorie d\u00e9partementale 1, seniors plus de 45 ans, compos\u00e9e de quatre matchs par rencontre, trois simples plus un double \u00bb, explique Fabien Taupenas. <\/p>\n<p class=\"fs-5 \">\u00ab Depuis quatre ans, nous terminions toujours vainqueurs de notre poule, mais un petit blocage nous emp\u00eachait \u00e0 chaque fois d\u2019amorcer les phases finales avec s\u00e9r\u00e9nit\u00e9. Un bless\u00e9 ou un absent, nous ne sommes pas nombreux, cela peut \u00eatre handicapant. Cette saison commence tr\u00e8s fort, cette comp\u00e9tition men\u00e9e \u00e0 son terme et ce prix remport\u00e9, sont encourageants pour la suite de la saison. Notre rencontre \u00e0 tous les quatre s\u2019est faite sur les courts du club, \u00e0 raison de deux heures de jeu et d\u2019entra\u00eenement par semaine. Nous avons rapidement sympathis\u00e9 \u00bb, explique le responsable d\u2019affaires en m\u00e9t\u00e9o.<\/p>\n<p class=\"fs-5 \">Avec vingt-quatre \u00e9quipes et clubs varois en lice, les Mandr\u00e9ens ont remport\u00e9 la demi-finale face \u00e0 Ramatuelle, puis ont \u00e9vinc\u00e9 Draguignan en finale. Enfin, le jour de gloire est arriv\u00e9, pour les quatre amis.<\/p>\n<p class=\"fs-5 \">Franck, chef d\u2019entreprise dans l\u2019e-commerce en bijoux personnalis\u00e9s et ancien joueur de beach-volley en Allemagne, s\u2019est mis au tennis apr\u00e8s la pand\u00e9mie de covid.<\/p>\n<p class=\"fs-5 \">\u00ab Au d\u00e9but, je faisais des tournois individuels, pour voir ma position car je partais de rien. Et puis quand j\u2019ai eu le niveau, ils m\u2019ont accept\u00e9 dans leur bande. C\u2019est un plaisir de partager des entra\u00eenements et des championnats ensemble. Partir sur des journ\u00e9es en tournoi comme \u00e7a, en groupe, c\u2019est plus agr\u00e9able. \u00bb<\/p>\n<p class=\"fs-5 \">La saison avait d\u00e9marr\u00e9 en septembre dernier avec, au programme, deux grands rendez-vous de championnats d\u00e9partementaux, qui se jouent sur plusieurs mois.<\/p>\n<p class=\"fs-5 \">Et dont la prochaine \u00e9ch\u00e9ance aura lieu en mars, ouverte \u00e0 tous les \u00e2ges. Sans surprise, Fabien, G\u00e9rald, Franck et Jean-Luc comptent bien \u00eatre de la partie et seront fiers de repr\u00e9senter les couleurs du village.<\/p>\n<p>                                                                                Bien partis pour monter en r\u00e9gionale l\u2019an prochain<\/p>\n<p class=\"fs-5 \">\u00ab La diff\u00e9rence avec le championnat que nous venons de remporter, c\u2019est que cette fois, \u00e9tant ouvert \u00e0 tous, les poules sont mix\u00e9es en cat\u00e9gories d\u2019\u00e2ge, nous allons nous mesurer \u00e0 des joueurs bien plus jeunes et qui en veulent \u00bb, avoue G\u00e9rald, entrepreneur en parfum, qui fr\u00e9quente le club depuis une trentaine d\u2019ann\u00e9es.<\/p>\n<p class=\"fs-5 \">Bien partis pour monter en r\u00e9gionale l\u2019an prochain, les quatre Mandr\u00e9ens ne comptent pas faiblir en si bon chemin, et la vitrine des troph\u00e9es pourrait bien s\u2019agrandir.<\/p>\n","protected":false},"excerpt":{"rendered":"Apr\u00e8s s\u2019\u00eatre absent\u00e9 ces derni\u00e8res ann\u00e9es des podiums d\u00e9partementaux, le Tennis club mandr\u00e9en (TCM) refait parler de lui,&hellip;\n","protected":false},"author":2,"featured_media":643849,"comment_status":"","ping_status":"","sticky":false,"template":"","format":"standard","meta":{"footnotes":""},"categories":[9619],"tags":[1111,11,1777,674,1011,27,12,882,25,2310],"class_list":{"0":"post-643848","1":"post","2":"type-post","3":"status-publish","4":"format-standard","5":"has-post-thumbnail","7":"category-toulon","8":"tag-actu","9":"tag-actualites","10":"tag-eu","11":"tag-europe","12":"tag-fr","13":"tag-france","14":"tag-news","15":"tag-provence-alpes-cote-dazur","16":"tag-republique-francaise","17":"tag-toulon"},"share_on_mastodon":{"url":"https:\/\/pubeurope.com\/@fr\/115845865322477515","error":""},"_links":{"self":[{"href":"https:\/\/www.europesays.com\/fr\/wp-json\/wp\/v2\/posts\/643848","targetHints":{"allow":["GET"]}}],"collection":[{"href":"https:\/\/www.europesays.com\/fr\/wp-json\/wp\/v2\/posts"}],"about":[{"href":"https:\/\/www.europesays.com\/fr\/wp-json\/wp\/v2\/types\/post"}],"author":[{"embeddable":true,"href":"https:\/\/www.europesays.com\/fr\/wp-json\/wp\/v2\/users\/2"}],"replies":[{"embeddable":true,"href":"https:\/\/www.europesays.com\/fr\/wp-json\/wp\/v2\/comments?post=643848"}],"version-history":[{"count":0,"href":"https:\/\/www.europesays.com\/fr\/wp-json\/wp\/v2\/posts\/643848\/revisions"}],"wp:featuredmedia":[{"embeddable":true,"href":"https:\/\/www.europesays.com\/fr\/wp-json\/wp\/v2\/media\/643849"}],"wp:attachment":[{"href":"https:\/\/www.europesays.com\/fr\/wp-json\/wp\/v2\/media?parent=643848"}],"wp:term":[{"taxonomy":"category","embeddable":true,"href":"https:\/\/www.europesays.com\/fr\/wp-json\/wp\/v2\/categories?post=643848"},{"taxonomy":"post_tag","embeddable":true,"href":"https:\/\/www.europesays.com\/fr\/wp-json\/wp\/v2\/tags?post=643848"}],"curies":[{"name":"wp","href":"https:\/\/api.w.org\/{rel}","templated":true}]}}