{"id":643854,"date":"2026-01-06T02:48:16","date_gmt":"2026-01-06T02:48:16","guid":{"rendered":"https:\/\/www.europesays.com\/fr\/643854\/"},"modified":"2026-01-06T02:48:16","modified_gmt":"2026-01-06T02:48:16","slug":"previsions-du-mardi-6-janvier-2026","status":"publish","type":"post","link":"https:\/\/www.europesays.com\/fr\/643854\/","title":{"rendered":"pr\u00e9visions du mardi 6 janvier 2026"},"content":{"rendered":"<p>Le soleil sera dominant, la promesse d&rsquo;une magnifique journ\u00e9e \u00e0 Montpellier ! Le thermom\u00e8tre affichera 4\u00b0C en moyenne. Un modeste vent de nord-ouest sera ressenti par les habitants. Les Montpelli\u00e9rains vont avoir froid le matin : les temp\u00e9ratures ne vont pas d\u00e9passer 5\u00b0C. Il va faire 2\u00b0C en moyenne. Les temp\u00e9ratures vont enregistrer une augmentation de quelques degr\u00e9s dans l&rsquo;apr\u00e8s-midi. Les valeurs seront comprises entre 3 et 7\u00b0C, un temps r\u00e9solument de saison. Le ciel va s&rsquo;\u00e9claircir dans la soir\u00e9e. C&rsquo;est un ciel clair que conna\u00eetra la nuit de mardi \u00e0 mercredi.<\/p>\n<p>Le ciel de Montpellier sera relativement lumineux, avec quelques \u00e9claircies demain. L&rsquo;hiver se fait sentir : les temp\u00e9ratures afficheront entre 0 et 7\u00b0C. La ville sera touch\u00e9e par un vent de nord-ouest de 23 km\/h. Les Montpelli\u00e9rains vont avoir froid le matin : les temp\u00e9ratures ne vont pas d\u00e9passer 4\u00b0C. On anticipe des valeurs d&rsquo;environ 1\u00b0C. Une m\u00e9t\u00e9o plus chaude est attendue demain apr\u00e8s-midi \u00e9tant donn\u00e9 que le mercure va conna\u00eetre une l\u00e9g\u00e8re hausse. Les maximales iront jusqu&rsquo;\u00e0 7\u00b0C alors que les minimales seront de 5\u00b0C : un temps de saison. Le ciel va l\u00e9g\u00e8rement se d\u00e9gager dans la soir\u00e9e avec des \u00e9claircies.<\/p>\n<p>Le temps sera assez instable les jours qui suivent. On pr\u00e9voit une am\u00e9lioration vendredi, apr\u00e8s un jour pluvieux jeudi.<\/p>\n<p><\/p>\n","protected":false},"excerpt":{"rendered":"Le soleil sera dominant, la promesse d&rsquo;une magnifique journ\u00e9e \u00e0 Montpellier ! Le thermom\u00e8tre affichera 4\u00b0C en moyenne.&hellip;\n","protected":false},"author":2,"featured_media":643855,"comment_status":"","ping_status":"","sticky":false,"template":"","format":"standard","meta":{"footnotes":""},"categories":[9599],"tags":[1111,11,1777,674,1011,27,2208,12,2680,2119,25],"class_list":{"0":"post-643854","1":"post","2":"type-post","3":"status-publish","4":"format-standard","5":"has-post-thumbnail","7":"category-montpellier","8":"tag-actu","9":"tag-actualites","10":"tag-eu","11":"tag-europe","12":"tag-fr","13":"tag-france","14":"tag-montpellier","15":"tag-news","16":"tag-occitanie","17":"tag-previsions-meteo","18":"tag-republique-francaise"},"share_on_mastodon":{"url":"https:\/\/pubeurope.com\/@fr\/115845877124592626","error":""},"_links":{"self":[{"href":"https:\/\/www.europesays.com\/fr\/wp-json\/wp\/v2\/posts\/643854","targetHints":{"allow":["GET"]}}],"collection":[{"href":"https:\/\/www.europesays.com\/fr\/wp-json\/wp\/v2\/posts"}],"about":[{"href":"https:\/\/www.europesays.com\/fr\/wp-json\/wp\/v2\/types\/post"}],"author":[{"embeddable":true,"href":"https:\/\/www.europesays.com\/fr\/wp-json\/wp\/v2\/users\/2"}],"replies":[{"embeddable":true,"href":"https:\/\/www.europesays.com\/fr\/wp-json\/wp\/v2\/comments?post=643854"}],"version-history":[{"count":0,"href":"https:\/\/www.europesays.com\/fr\/wp-json\/wp\/v2\/posts\/643854\/revisions"}],"wp:featuredmedia":[{"embeddable":true,"href":"https:\/\/www.europesays.com\/fr\/wp-json\/wp\/v2\/media\/643855"}],"wp:attachment":[{"href":"https:\/\/www.europesays.com\/fr\/wp-json\/wp\/v2\/media?parent=643854"}],"wp:term":[{"taxonomy":"category","embeddable":true,"href":"https:\/\/www.europesays.com\/fr\/wp-json\/wp\/v2\/categories?post=643854"},{"taxonomy":"post_tag","embeddable":true,"href":"https:\/\/www.europesays.com\/fr\/wp-json\/wp\/v2\/tags?post=643854"}],"curies":[{"name":"wp","href":"https:\/\/api.w.org\/{rel}","templated":true}]}}