{"id":643856,"date":"2026-01-06T02:50:30","date_gmt":"2026-01-06T02:50:30","guid":{"rendered":"https:\/\/www.europesays.com\/fr\/643856\/"},"modified":"2026-01-06T02:50:30","modified_gmt":"2026-01-06T02:50:30","slug":"hockey-sur-glace-ligue-magnus-kevin-bergin-nos-leaders-doivent-se-regarder-dans-le-miroir","status":"publish","type":"post","link":"https:\/\/www.europesays.com\/fr\/643856\/","title":{"rendered":"HOCKEY SUR GLACE (Ligue Magnus) &#8211; Kevin Bergin : \u00ab\u00a0Nos leaders doivent se regarder dans le miroir\u00a0\u00bb"},"content":{"rendered":"<p>Au lendemain de la lourde d\u00e9faite conc\u00e9d\u00e9e sur la patinoire des Dragons de Rouen (6-0), Kevin Bergin, entra\u00eeneur des Gothiques d\u2019Amiens, regrettait la deuxi\u00e8me partie de match de ses joueurs et appelle certains d\u2019entre eux \u00e0 montrer l\u2019exemple.<\/p>\n<p>Contrairement \u00e0 d\u2019autres \u00e9quipes capables de renverser la hi\u00e9rarchie, \u00e0 l\u2019image de Brian\u00e7on qui l\u2019a emport\u00e9 face \u00e0 Grenoble apr\u00e8s avoir \u00e9t\u00e9 men\u00e9 4-2, les Gothiques d\u2019Amiens se sont <a href=\"https:\/\/gazettesports.fr\/2026\/01\/04\/hockey-sur-glace-ligue-magnus-jeu-set-et-match-pour-les-dragons-face-aux-gothiques\/\" target=\"_blank\" rel=\"noopener\">une nouvelle fois fait balayer par une formation mieux class\u00e9e, Rouen<\/a> en l\u2019occurrence. Pourtant, la partie n\u2019avait pas mal d\u00e9but\u00e9 puisque les Picards rentraient au vestiaire sur un score nul et vierge apr\u00e8s les 20 premi\u00e8res minutes. \u00ab\u00a0On a eu beaucoup de chances de marquer. M\u00eame durant le deuxi\u00e8me tiers, <strong>on s\u2019\u00e9tait cr\u00e9\u00e9 beaucoup d\u2019occasions avant qu\u2019ils marquent le premier but<\/strong>\u00ab\u00a0, souligne Kevin Bergin, qui estime que les trois buts encaiss\u00e9s en deuxi\u00e8me p\u00e9riode ne refl\u00e8tent pas la physionomie du match : \u00ab\u00a0Je trouvais qu\u2019on avait jou\u00e9 du tr\u00e8s bon hockey. On n\u2019a pas capitalis\u00e9 sur nos chances mais <strong>le score aurait d\u00fb \u00eatre tr\u00e8s serr\u00e9 apr\u00e8s 40 minutes.<\/strong>\u00ab\u00a0 Mais s\u2019ils ont \u00e9t\u00e9 relativement malchanceux sur le premier but avec un palet qui rebondissait sur le patin de Richards avant de trouver la crosse de Rech, les autres auraient pu \u00eatre \u00e9vit\u00e9s avec \u00ab\u00a0une petite erreur sur le deuxi\u00e8me but de notre quatri\u00e8me bloc. <strong>Et du troisi\u00e8me au sixi\u00e8me but, on leur donne carr\u00e9ment.<\/strong> Ce sont des choses qu\u2019on doit contr\u00f4ler, qu\u2019on avait bien fait pendant la premi\u00e8re moiti\u00e9 du match.\u00a0\u00bb<\/p>\n<p><a href=\"https:\/\/citdessaint.com\/\" aria-label=\"publicite cit dessaint 2 gazette sports\" target=\"_blank\" rel=\"noopener\"><img loading=\"lazy\" decoding=\"async\" src=\"https:\/\/www.europesays.com\/fr\/wp-content\/uploads\/2025\/12\/1765168101_97_PUBLICITE-CIT-DESSAINT-2-GAZETTE-SPORTS.gif\" alt=\"publicite cit dessaint 2 gazette sports\" width=\"760\" height=\"90\"\/><\/a><\/p>\n<p><img loading=\"lazy\" decoding=\"async\" width=\"900\" height=\"600\" src=\"https:\/\/www.europesays.com\/fr\/wp-content\/uploads\/2026\/01\/hockey-sur-glace_ligue-magnus-j15_dragons-de-rouen-gothiques-amiens_gazette-sports_theo-begler_051.j.jpeg\" alt=\"hockey sur glace ligue magnus j15 dragons de rouen gothiques amiens gazette sports theo begler 051\" class=\"wp-image-513922\"  \/>Les Gothiques les deux genoux \u00e0 terre \u00e0 partir du deuxi\u00e8me tiers.<\/p>\n<p>3-0 apr\u00e8s le deuxi\u00e8me tiers et un score doubl\u00e9 \u00e0 l\u2019issue du troisi\u00e8me, une derni\u00e8re p\u00e9riode dont le contenu a profond\u00e9ment agac\u00e9 l\u2019entra\u00eeneur ami\u00e9nois : <strong>\u00ab\u00a0Je n\u2019explique pas la performance au troisi\u00e8me tiers. C\u2019est inadmissible.\u00a0\u00bb <\/strong>Il a notamment point\u00e9 du doigt le comportement de ses cadres alors m\u00eame qu\u2019il avait lou\u00e9, deux jours auparavant, <a href=\"https:\/\/gazettesports.fr\/2026\/01\/03\/hockey-sur-glace-ligue-magnus-kevin-bergin-il-y-a-eu-beaucoup-de-leadership-dans-le-vestiaire\/\" target=\"_blank\" rel=\"noopener\">le leadership de certains<\/a> qui avait permis de relancer la machine entre le deuxi\u00e8me et le troisi\u00e8me acte contre Anglet. Cette fois, la seconde pause n\u2019eut aucun effet et les Gothiques s\u2019\u00e9croulaient un peu plus lors des 20 derni\u00e8res minutes : <strong>\u00ab\u00a0Quand nos meilleurs joueurs ont des chances de marquer, ils doivent faire la diff\u00e9rence.\u00a0\u00bb<\/strong> Kevin Bergin fait l\u00e0 r\u00e9f\u00e9rence, entre autres, au face-\u00e0-face manqu\u00e9 avec le gardien de son top scorer, Kieran Craig. \u00ab\u00a0Quand on joue des \u00e9quipes du top 4, si tu veux gagner des matchs contre ces \u00e9quipes-l\u00e0, il faut aussi que ton meilleur d\u00e9fenseur soit Magovac. C\u2019est \u00e7a qui fait la diff\u00e9rence dans ces matchs-l\u00e0\u00a0\u00bb, ajoute-t-il.<\/p>\n<blockquote>\n<p>Il va falloir passer un cap.<\/p>\n<p>Kevin Bergin, entra\u00eeneur des Gothiques d\u2019Amiens<\/p><\/blockquote>\n<p>Car lors du match face aux Basques, la strat\u00e9gie de casser le bin\u00f4me Lavigne-Beauchamp avait port\u00e9 ses fruits, les deux joueurs ayant \u00e9t\u00e9 efficaces dans leur ligne respective. \u00ab\u00a0J\u2019avais vraiment <a href=\"https:\/\/gazettesports.fr\/2026\/01\/02\/hockey-sur-glace-ligue-magnus-pour-les-gothiques-2026-rime-avec-succes\/\" target=\"_blank\" rel=\"noopener\">beaucoup aim\u00e9 les trios contre Anglet,<\/a> je trouvais qu\u2019on apportait de la vitesse sur chaque trio. En s\u00e9parant Lavigne-Beauchamp, \u00e7a nous am\u00e8ne de l\u2019\u00e9nergie et du physique sur deux blocs. Je crois que contre Rouen, \u00e7a a bien fonctionn\u00e9 pour 40 minutes\u00a0\u00bb, justifie le technicien qu\u00e9b\u00e9cois. Mais le probl\u00e8me est bien l\u00e0. <a href=\"https:\/\/gazettesports.fr\/hockey\/hockey-sur-glace\/les-gothiques\/\" target=\"_blank\" rel=\"noopener\">Les Gothiques<\/a> ne parviennent toujours pas \u00e0 proposer une rencontre pleine en termes d\u2019intensit\u00e9 : \u00ab\u00a0Il va falloir passer un cap. Les trois derniers buts, on leur donne. Ils n\u2019ont pas vraiment cr\u00e9\u00e9. Ce sont des choses qu\u2019on contr\u00f4le nous-m\u00eames. <strong>Les gars sont capables, les gars doivent y croire.<\/strong> On va essayer de trouver des solutions pour pouvoir \u00eatre plus focus mentalement sur 60 minutes.\u00a0\u00bb Mais nous sommes d\u00e9j\u00e0 d\u00e9but janvier et la phase r\u00e9guli\u00e8re de Ligue Magnus donnera son verdict dans deux mois. Les Samariens s\u2019imposent souvent contre les \u00e9quipes derri\u00e8re eux au classement mais <strong>s\u2019inclinent syst\u00e9matiquement face \u00e0 plus fort sur le papier.<\/strong><\/p>\n<p><img loading=\"lazy\" decoding=\"async\" width=\"900\" height=\"600\" src=\"https:\/\/www.europesays.com\/fr\/wp-content\/uploads\/2026\/01\/hockey-sur-glace_ligue-magnus-j20_gothiques-amiens-diables-rouge-briancon_gazette-sports_theo-begler.jpeg\" alt=\"hockey sur glace ligue magnus j20 gothiques amiens diables rouge briancon gazette sports theo begler 028\" class=\"wp-image-517104\"  \/>Les Gothiques n\u2019ont d\u2019autre choix que de reproduire leur premi\u00e8re prestation r\u00e9alis\u00e9e \u00e0 domicile contre Brian\u00e7on pour se racheter.<\/p>\n<p>Le collectif ami\u00e9nois n\u2019a finalement <strong>sembl\u00e9 jamais progresser depuis le d\u00e9but de la saison<\/strong>, r\u00e9alisant simplement le strict minimum face aux formations les moins bien arm\u00e9es. Pour autant, Kevin Bergin conserve son optimisme, louable pour certains, aga\u00e7ant pour d\u2019autres, en affirmant que les ambitions du d\u00e9but de saison, c\u2019est-\u00e0-dire finir 5e ou 6e et faire jeu \u00e9gal avec les grosses cylindr\u00e9es de la ligue, sont toujours d\u2019actualit\u00e9 : \u00ab\u00a0On veut finir le plus haut possible. Apr\u00e8s un but conc\u00e9d\u00e9, on se doit de reprendre le momentum plus rapidement, on se doit de se b\u00e2tir une force de caract\u00e8re. <strong>Nos leaders, nos meilleurs joueurs, doivent se regarder dans le miroir et apporter plus de caract\u00e8re \u00e0 cette \u00e9quipe.<\/strong>\u00a0\u00bb Il faudra en faire la d\u00e9monstration d\u00e8s vendredi lors de la r\u00e9ception de Brian\u00e7on, 8e mais en pleine bourre et \u00e0 \u00e9galit\u00e9 de points au classement avec des Gothiques qui n\u2019ont plus de temps \u00e0 perdre pour montrer un tout autre visage. Celui d\u2019une \u00e9quipe qui peut faire trembler n\u2019importe qui, pas seulement les petits.<\/p>\n<p>Simon Vasseur<br \/>Cr\u00e9dit photo : Th\u00e9o B\u00e9gler \u2013 Gazettesports.fr (archives)<\/p>\n","protected":false},"excerpt":{"rendered":"Au lendemain de la lourde d\u00e9faite conc\u00e9d\u00e9e sur la patinoire des Dragons de Rouen (6-0), Kevin Bergin, entra\u00eeneur&hellip;\n","protected":false},"author":2,"featured_media":643857,"comment_status":"","ping_status":"","sticky":false,"template":"","format":"standard","meta":{"footnotes":""},"categories":[9587],"tags":[1111,11,1777,674,1011,27,12,5161,25,9590],"class_list":{"0":"post-643856","1":"post","2":"type-post","3":"status-publish","4":"format-standard","5":"has-post-thumbnail","7":"category-rouen","8":"tag-actu","9":"tag-actualites","10":"tag-eu","11":"tag-europe","12":"tag-fr","13":"tag-france","14":"tag-news","15":"tag-normandie","16":"tag-republique-francaise","17":"tag-rouen"},"share_on_mastodon":{"url":"https:\/\/pubeurope.com\/@fr\/115845885073394152","error":""},"_links":{"self":[{"href":"https:\/\/www.europesays.com\/fr\/wp-json\/wp\/v2\/posts\/643856","targetHints":{"allow":["GET"]}}],"collection":[{"href":"https:\/\/www.europesays.com\/fr\/wp-json\/wp\/v2\/posts"}],"about":[{"href":"https:\/\/www.europesays.com\/fr\/wp-json\/wp\/v2\/types\/post"}],"author":[{"embeddable":true,"href":"https:\/\/www.europesays.com\/fr\/wp-json\/wp\/v2\/users\/2"}],"replies":[{"embeddable":true,"href":"https:\/\/www.europesays.com\/fr\/wp-json\/wp\/v2\/comments?post=643856"}],"version-history":[{"count":0,"href":"https:\/\/www.europesays.com\/fr\/wp-json\/wp\/v2\/posts\/643856\/revisions"}],"wp:featuredmedia":[{"embeddable":true,"href":"https:\/\/www.europesays.com\/fr\/wp-json\/wp\/v2\/media\/643857"}],"wp:attachment":[{"href":"https:\/\/www.europesays.com\/fr\/wp-json\/wp\/v2\/media?parent=643856"}],"wp:term":[{"taxonomy":"category","embeddable":true,"href":"https:\/\/www.europesays.com\/fr\/wp-json\/wp\/v2\/categories?post=643856"},{"taxonomy":"post_tag","embeddable":true,"href":"https:\/\/www.europesays.com\/fr\/wp-json\/wp\/v2\/tags?post=643856"}],"curies":[{"name":"wp","href":"https:\/\/api.w.org\/{rel}","templated":true}]}}