{"id":643865,"date":"2026-01-06T02:59:16","date_gmt":"2026-01-06T02:59:16","guid":{"rendered":"https:\/\/www.europesays.com\/fr\/643865\/"},"modified":"2026-01-06T02:59:16","modified_gmt":"2026-01-06T02:59:16","slug":"les-experts-sont-formels-voici-dans-quelles-villes-les-actifs-feraient-bien-dinvestir-autour-de-nice-et-dans-les-alpes-maritimes","status":"publish","type":"post","link":"https:\/\/www.europesays.com\/fr\/643865\/","title":{"rendered":"les experts sont formels, voici dans quelles villes les actifs feraient bien d&rsquo;investir autour de Nice et dans les Alpes-Maritimes"},"content":{"rendered":"<p><strong>Se loger quand on travaille sur la C\u00f4te d\u2019Azur devient un casse-t\u00eate quotidien pour des milliers d\u2019actifs. Les emplois sont l\u00e0, l\u2019attractivit\u00e9 aussi, mais les prix de l\u2019immobilier obligent de plus en plus \u00e0\u00a0arbitrer entre lieu de travail, cadre de vie et budget. Autour de Nice et dans l\u2019ensemble des Alpes-Maritimes, certaines villes tirent pourtant leur \u00e9pingle du\u00a0jeu\u2026<\/strong><\/p>\n<p>Travailler \u00e0\u00a0<b>Nice<\/b> ou dans sa r\u00e9gion reste un privil\u00e8ge. Mais encore faut-il r\u00e9ussir \u00e0\u00a0s\u2019y installer durablement\u00a0! Pour de nombreux actifs, la question du logement est devenue centrale, parfois d\u00e9cisive dans un projet professionnel.<\/p>\n<p>Nice et sa m\u00e9tropole, dynamisme \u00e9conomique et pression immobili\u00e8re<\/p>\n<p><b>Nice<\/b> s\u2019impose comme le principal p\u00f4le d\u2019emploi du d\u00e9partement. Cinqui\u00e8me ville de France, dot\u00e9e d\u2019un a\u00e9roport international, la capitale azur\u00e9enne concentre les entreprises du num\u00e9rique, des technologies de l\u2019information et de l\u2019\u00e9conomie verte, notamment autour de la plaine du Var, du quartier d\u2019affaires de l\u2019Ar\u00e9nas et du projet Nice \u00c9co-Vall\u00e9e.<\/p>\n<p>Cette attractivit\u00e9 a\u00a0un prix. \u00c0\u00a0<b>Nice<\/b>, le m\u00e8tre carr\u00e9 atteint en moyenne 5\u00a0397 euros. Les appartements s\u2019y n\u00e9gocient autour de 5\u00a0331 euros le m\u00e8tre carr\u00e9, contre 6\u00a0220 euros pour les maisons. Le march\u00e9 est tr\u00e8s segment\u00e9. Le Carr\u00e9 d\u2019Or et le front de mer restent r\u00e9serv\u00e9s \u00e0\u00a0une client\u00e8le ais\u00e9e. Cimiez attire les familles, s\u00e9duites par son environnement r\u00e9sidentiel et ses \u00e9tablissements scolaires.<\/p>\n<p>D\u2019autres quartiers offrent davantage de respiration. \u00c0\u00a0Lib\u00e9ration ou \u00e0\u00a0Riquier, les prix sont plus contenus que dans l\u2019hypercentre. Ces secteurs conservent une vraie vie de quartier, une bonne desserte en transports et un acc\u00e8s relativement rapide aux zones d\u2019emploi.<\/p>\n<blockquote class=\"instagram-media\" data-instgrm-permalink=\"https:\/\/www.instagram.com\/p\/DP05qmOiExs\/?utm_source=ig_embed&amp;utm_campaign=loading\" data-instgrm-version=\"14\" style=\" background:#FFF; border:0; border-radius:3px; box-shadow:0 0 1px 0 rgba(0,0,0,0.5),0 1px 10px 0 rgba(0,0,0,0.15); margin: 1px; max-width:540px; min-width:326px; padding:0; width:99.375%; width:-webkit-calc(100% - 2px); width:calc(100% - 2px);\"\/>\n<p>La premi\u00e8re couronne ni\u00e7oise appara\u00eet aussi comme une solution pragmatique. \u00c0\u00a0<b><a href=\"https:\/\/nicepresse.com\/saint-laurent-du-var\/\" data-wpel-link=\"internal\" target=\"_blank\" rel=\"noopener\">Saint-Laurent-du-Var<\/a><\/b>, limitrophe de Nice et proche de l\u2019a\u00e9roport, le prix moyen s\u2019\u00e9tablit \u00e0\u00a05 106 euros le m\u00e8tre carr\u00e9. La commune s\u00e9duit par ses zones d\u2019activit\u00e9 et son port de plaisance. <b><a href=\"https:\/\/nicepresse.com\/dossier-cagnes-sur-mer\/\" data-wpel-link=\"internal\" target=\"_blank\" rel=\"noopener\">Cagnes-sur-Mer<\/a><\/b>, avec son centre historique et son long littoral, affiche un prix moyen de 5\u00a0231 euros.<\/p>\n<p>Plus \u00e0\u00a0l\u2019ouest, <b>Carros<\/b> et <b>La Gaude<\/b> proposent des niveaux plus accessibles, respectivement 3\u00a0877 euros et 4\u00a0768 euros le m\u00e8tre carr\u00e9. La proximit\u00e9 de la zone industrielle de Carros-Le Broc et les axes routiers expliquent l\u2019int\u00e9r\u00eat croissant pour ces communes, malgr\u00e9 des temps de trajet parfois plus\u00a0longs.<\/p>\n<p>\u00c0 l\u2019inverse, certaines communes des collines restent hors de port\u00e9e pour la majorit\u00e9 des actifs. <b>Villefranche-sur-Mer<\/b> atteint 9\u00a0797 euros le m\u00e8tre carr\u00e9, tandis que <b>Saint-Jean-Cap-Ferrat<\/b> culmine \u00e0\u00a018 174 euros. Ces march\u00e9s tr\u00e8s haut de gamme attirent surtout cadres dirigeants et chefs d\u2019entreprise.<\/p>\n<p><a href=\"https:\/\/www.nice.fr\/lieux\/musee-massena\/\" data-wpel-link=\"external\" target=\"_blank\" rel=\"external noopener noreferrer\"><img loading=\"lazy\" decoding=\"async\" width=\"300\" height=\"300\" src=\"https:\/\/www.europesays.com\/fr\/wp-content\/uploads\/2026\/01\/VILLA-MASSENA-300x300-9-25-nicepress.jpg\" alt=\"\" class=\"wp-image-263195\"\/><\/a><\/p>\n<p>L\u2019arri\u00e8re-pays s\u00e9duit un nombre croissant d\u2019actifs<\/p>\n<blockquote class=\"instagram-media\" data-instgrm-permalink=\"https:\/\/www.instagram.com\/p\/DSIZv8aDBg8\/?utm_source=ig_embed&amp;utm_campaign=loading\" data-instgrm-version=\"14\" style=\" background:#FFF; border:0; border-radius:3px; box-shadow:0 0 1px 0 rgba(0,0,0,0.5),0 1px 10px 0 rgba(0,0,0,0.15); margin: 1px; max-width:540px; min-width:326px; padding:0; width:99.375%; width:-webkit-calc(100% - 2px); width:calc(100% - 2px);\"\/>\n<p>\u00c0 l\u2019ouest des Alpes-Maritimes, <b>Antibes<\/b> joue un r\u00f4le cl\u00e9 gr\u00e2ce \u00e0\u00a0la technopole de Sophia Antipolis. Les secteurs de l\u2019innovation, des technologies et de la pharmacie y\u00a0concentrent des milliers d\u2019emplois qualifi\u00e9s. Le prix moyen \u00e0\u00a0Antibes s\u2019\u00e9tablit \u00e0\u00a06 169 euros le m\u00e8tre\u00a0carr\u00e9.<\/p>\n<p>Les actifs se tournent aussi vers des communes proches comme <b>Valbonne<\/b> \u00e0\u00a05 038 euros, <b>Mougins<\/b> \u00e0\u00a05 919 euros ou <b>Villeneuve-Loubet<\/b> \u00e0\u00a05 900 euros. Ces villes offrent un cadre plus vert tout en restant bien connect\u00e9es par l\u2019autoroute A8 et les transports.<\/p>\n<p><b>Cannes<\/b> reste port\u00e9e par le tourisme d\u2019affaires et les grands \u00e9v\u00e9nements internationaux. Le prix moyen y\u00a0atteint 6\u00a0301 euros le m\u00e8tre carr\u00e9. Beaucoup d\u2019actifs pr\u00e9f\u00e8rent cependant s\u2019installer au<b> Cannet<\/b>, \u00e0\u00a04 830 euros, ou \u00e0\u00a0<b>Mandelieu-la-Napoule<\/b>, autour de 5\u00a0260 euros, pour conserver une proximit\u00e9 imm\u00e9diate avec les bassins d\u2019emploi.<\/p>\n<p>L\u2019arri\u00e8re-pays s\u00e9duit enfin un nombre croissant d\u2019actifs, notamment depuis le d\u00e9veloppement du t\u00e9l\u00e9travail. \u00c0\u00a0<b>Grasse<\/b>, o\u00f9 le m\u00e8tre carr\u00e9 s\u2019\u00e9tablit \u00e0\u00a03 730 euros, l\u2019activit\u00e9 \u00e9conomique reste soutenue, port\u00e9e par la parfumerie et l\u2019agroalimentaire. <b><a href=\"https:\/\/nicepresse.com\/vence\/\" data-wpel-link=\"internal\" target=\"_blank\" rel=\"noopener\">Vence<\/a><\/b> affiche un prix moyen de 4\u00a0517 euros.<\/p>\n<p>Plus pr\u00e8s du Mercantour, <b>Saint-Martin-V\u00e9subie<\/b> \u00e0\u00a02 447 euros et <b>Blausasc<\/b> \u00e0\u00a03 670 euros attirent des profils travaillant majoritairement \u00e0\u00a0distance. Ici, le logement devient un choix de mode de vie autant qu\u2019un arbitrage financier.<\/p>\n<p>\t<script async src=\"\/\/www.instagram.com\/embed.js\"><\/script><\/p>\n","protected":false},"excerpt":{"rendered":"Se loger quand on travaille sur la C\u00f4te d\u2019Azur devient un casse-t\u00eate quotidien pour des milliers d\u2019actifs. Les&hellip;\n","protected":false},"author":2,"featured_media":643866,"comment_status":"","ping_status":"","sticky":false,"template":"","format":"standard","meta":{"footnotes":""},"categories":[2819],"tags":[1111,11,1777,674,1011,27,12,2401,882,25],"class_list":{"0":"post-643865","1":"post","2":"type-post","3":"status-publish","4":"format-standard","5":"has-post-thumbnail","7":"category-nice","8":"tag-actu","9":"tag-actualites","10":"tag-eu","11":"tag-europe","12":"tag-fr","13":"tag-france","14":"tag-news","15":"tag-nice","16":"tag-provence-alpes-cote-dazur","17":"tag-republique-francaise"},"share_on_mastodon":{"url":"https:\/\/pubeurope.com\/@fr\/115845920461369609","error":""},"_links":{"self":[{"href":"https:\/\/www.europesays.com\/fr\/wp-json\/wp\/v2\/posts\/643865","targetHints":{"allow":["GET"]}}],"collection":[{"href":"https:\/\/www.europesays.com\/fr\/wp-json\/wp\/v2\/posts"}],"about":[{"href":"https:\/\/www.europesays.com\/fr\/wp-json\/wp\/v2\/types\/post"}],"author":[{"embeddable":true,"href":"https:\/\/www.europesays.com\/fr\/wp-json\/wp\/v2\/users\/2"}],"replies":[{"embeddable":true,"href":"https:\/\/www.europesays.com\/fr\/wp-json\/wp\/v2\/comments?post=643865"}],"version-history":[{"count":0,"href":"https:\/\/www.europesays.com\/fr\/wp-json\/wp\/v2\/posts\/643865\/revisions"}],"wp:featuredmedia":[{"embeddable":true,"href":"https:\/\/www.europesays.com\/fr\/wp-json\/wp\/v2\/media\/643866"}],"wp:attachment":[{"href":"https:\/\/www.europesays.com\/fr\/wp-json\/wp\/v2\/media?parent=643865"}],"wp:term":[{"taxonomy":"category","embeddable":true,"href":"https:\/\/www.europesays.com\/fr\/wp-json\/wp\/v2\/categories?post=643865"},{"taxonomy":"post_tag","embeddable":true,"href":"https:\/\/www.europesays.com\/fr\/wp-json\/wp\/v2\/tags?post=643865"}],"curies":[{"name":"wp","href":"https:\/\/api.w.org\/{rel}","templated":true}]}}