{"id":643867,"date":"2026-01-06T03:00:11","date_gmt":"2026-01-06T03:00:11","guid":{"rendered":"https:\/\/www.europesays.com\/fr\/643867\/"},"modified":"2026-01-06T03:00:11","modified_gmt":"2026-01-06T03:00:11","slug":"previsions-du-mardi-6-janvier-2026-2","status":"publish","type":"post","link":"https:\/\/www.europesays.com\/fr\/643867\/","title":{"rendered":"pr\u00e9visions du mardi 6 janvier 2026"},"content":{"rendered":"<p>Le soleil sera au rendez-vous \u00e0 Nice : une magnifique journ\u00e9e se profile ! Les valeurs seront de 4\u00b0C au minimum et de 9\u00b0C au plus haut. Les Ni\u00e7ois vont avoir froid le matin : les temp\u00e9ratures ne vont pas d\u00e9passer 8\u00b0C. Les valeurs s&rsquo;\u00e9chelonneront entre 5\u00b0C et 8\u00b0C. Une l\u00e9g\u00e8re brise de nord-ouest sera ressentie par les habitants. Les valeurs seront comprises entre 7 et 9\u00b0C l&rsquo;apr\u00e8s-midi. Le ciel va s&rsquo;\u00e9claircir dans la soir\u00e9e. Les temp\u00e9ratures iront de 5 \u00e0 6\u00b0C. Durant la nuit de mardi \u00e0 mercredi, le ciel sera d\u00e9pourvu de nuages.<\/p>\n<p>Demain, une baisse des temp\u00e9ratures est \u00e0 pr\u00e9voir \u00e0 Nice. Les valeurs afficheront entre 3 et 7\u00b0C. Des \u00e9claircies sont attendues : on passera une matin\u00e9e agr\u00e9able. Les maximales pourront atteindre 7\u00b0C et les minimales seront de 3\u00b0C. Un l\u00e9ger vent de nord soufflera. Demain apr\u00e8s-midi, un important soleil brillera. Les temp\u00e9ratures s&rsquo;\u00e9chelonneront entre 5 et 7\u00b0C. La ville profitera de quelques \u00e9claircies demain soir. Les temp\u00e9ratures tourneront autour des 4\u00b0C. Un vent de nord-ouest rafra\u00eechira quelque peu l&rsquo;atmosph\u00e8re.<\/p>\n<p>Le temps restera stable les jours \u00e0 venir. Il va faire un temps plut\u00f4t ensoleill\u00e9 avec des temp\u00e9ratures d&rsquo;environ 4\u00b0C.<\/p>\n<p><\/p>\n","protected":false},"excerpt":{"rendered":"Le soleil sera au rendez-vous \u00e0 Nice : une magnifique journ\u00e9e se profile ! Les valeurs seront de&hellip;\n","protected":false},"author":2,"featured_media":643868,"comment_status":"","ping_status":"","sticky":false,"template":"","format":"standard","meta":{"footnotes":""},"categories":[2819],"tags":[1111,11,1777,674,1011,27,12,2401,2119,882,25],"class_list":{"0":"post-643867","1":"post","2":"type-post","3":"status-publish","4":"format-standard","5":"has-post-thumbnail","7":"category-nice","8":"tag-actu","9":"tag-actualites","10":"tag-eu","11":"tag-europe","12":"tag-fr","13":"tag-france","14":"tag-news","15":"tag-nice","16":"tag-previsions-meteo","17":"tag-provence-alpes-cote-dazur","18":"tag-republique-francaise"},"share_on_mastodon":{"url":"https:\/\/pubeurope.com\/@fr\/115845924320796239","error":""},"_links":{"self":[{"href":"https:\/\/www.europesays.com\/fr\/wp-json\/wp\/v2\/posts\/643867","targetHints":{"allow":["GET"]}}],"collection":[{"href":"https:\/\/www.europesays.com\/fr\/wp-json\/wp\/v2\/posts"}],"about":[{"href":"https:\/\/www.europesays.com\/fr\/wp-json\/wp\/v2\/types\/post"}],"author":[{"embeddable":true,"href":"https:\/\/www.europesays.com\/fr\/wp-json\/wp\/v2\/users\/2"}],"replies":[{"embeddable":true,"href":"https:\/\/www.europesays.com\/fr\/wp-json\/wp\/v2\/comments?post=643867"}],"version-history":[{"count":0,"href":"https:\/\/www.europesays.com\/fr\/wp-json\/wp\/v2\/posts\/643867\/revisions"}],"wp:featuredmedia":[{"embeddable":true,"href":"https:\/\/www.europesays.com\/fr\/wp-json\/wp\/v2\/media\/643868"}],"wp:attachment":[{"href":"https:\/\/www.europesays.com\/fr\/wp-json\/wp\/v2\/media?parent=643867"}],"wp:term":[{"taxonomy":"category","embeddable":true,"href":"https:\/\/www.europesays.com\/fr\/wp-json\/wp\/v2\/categories?post=643867"},{"taxonomy":"post_tag","embeddable":true,"href":"https:\/\/www.europesays.com\/fr\/wp-json\/wp\/v2\/tags?post=643867"}],"curies":[{"name":"wp","href":"https:\/\/api.w.org\/{rel}","templated":true}]}}