{"id":643873,"date":"2026-01-06T03:04:12","date_gmt":"2026-01-06T03:04:12","guid":{"rendered":"https:\/\/www.europesays.com\/fr\/643873\/"},"modified":"2026-01-06T03:04:12","modified_gmt":"2026-01-06T03:04:12","slug":"previsions-du-mardi-6-janvier-2026-3","status":"publish","type":"post","link":"https:\/\/www.europesays.com\/fr\/643873\/","title":{"rendered":"pr\u00e9visions du mardi 6 janvier 2026"},"content":{"rendered":"<p>Il va faire en moyenne 1\u00b0C \u00e0 Bordeaux, aujourd&rsquo;hui. La matin\u00e9e va rester grise \u00e0 cause de nuages qui persistent dans le ciel. L&rsquo;hiver sera bien au rendez-vous puisque les valeurs seront tout de m\u00eame de -2\u00b0C au plus bas et de 1\u00b0C au maximum. Un vent de nord rafra\u00eechira quelque peu l&rsquo;atmosph\u00e8re. Le soleil sera au rendez-vous : un bel apr\u00e8s-midi se pr\u00e9sente ! Les maximales pourront atteindre 3\u00b0C tandis que les minimales seront de -1\u00b0C : un temps de saison. Apr\u00e8s un \u00e9pisode nuageux le temps devrait s&rsquo;am\u00e9liorer pendant la soir\u00e9e. Une nuit claire vous attendra entre mardi et mercredi.<\/p>\n<p>Demain, c&rsquo;est une hausse de quelques degr\u00e9s que vont conna\u00eetre les temp\u00e9ratures dans la ville de Bordeaux. On pr\u00e9voit des temp\u00e9ratures d&rsquo;environ 2\u00b0C. Des \u00e9claircies feront leur apparition dans la matin\u00e9e. Les valeurs s&rsquo;\u00e9chelonneront entre -2\u00b0C et 3\u00b0C, rappelant l&rsquo;hiver au bon souvenir des habitants. Un petit vent de sud soufflera. Malheureusement, il va y avoir encore des nuages demain apr\u00e8s-midi. Des pluies \u00e9parses vont tomber sur la ville. En revanche, les temp\u00e9ratures vont enregistrer une augmentation de plusieurs degr\u00e9s. Les valeurs afficheront entre 3 et 7\u00b0C, un temps vraiment de saison. La soir\u00e9e se passera dans le brouillard. Une brise de nord-ouest soufflera doucement.<\/p>\n<p>Le temps va se d\u00e9grader dans les journ\u00e9es qui suivent. Des temp\u00e9ratures dans les 7\u00b0C iront de pair avec un ciel pluvieux.<\/p>\n<p><\/p>\n","protected":false},"excerpt":{"rendered":"Il va faire en moyenne 1\u00b0C \u00e0 Bordeaux, aujourd&rsquo;hui. La matin\u00e9e va rester grise \u00e0 cause de nuages&hellip;\n","protected":false},"author":2,"featured_media":643874,"comment_status":"","ping_status":"","sticky":false,"template":"","format":"standard","meta":{"footnotes":""},"categories":[2817],"tags":[1111,11,1997,1777,674,1011,27,12,2219,2119,25],"class_list":{"0":"post-643873","1":"post","2":"type-post","3":"status-publish","4":"format-standard","5":"has-post-thumbnail","7":"category-bordeaux","8":"tag-actu","9":"tag-actualites","10":"tag-bordeaux","11":"tag-eu","12":"tag-europe","13":"tag-fr","14":"tag-france","15":"tag-news","16":"tag-nouvelle-aquitaine","17":"tag-previsions-meteo","18":"tag-republique-francaise"},"share_on_mastodon":{"url":"https:\/\/pubeurope.com\/@fr\/115845940145232082","error":""},"_links":{"self":[{"href":"https:\/\/www.europesays.com\/fr\/wp-json\/wp\/v2\/posts\/643873","targetHints":{"allow":["GET"]}}],"collection":[{"href":"https:\/\/www.europesays.com\/fr\/wp-json\/wp\/v2\/posts"}],"about":[{"href":"https:\/\/www.europesays.com\/fr\/wp-json\/wp\/v2\/types\/post"}],"author":[{"embeddable":true,"href":"https:\/\/www.europesays.com\/fr\/wp-json\/wp\/v2\/users\/2"}],"replies":[{"embeddable":true,"href":"https:\/\/www.europesays.com\/fr\/wp-json\/wp\/v2\/comments?post=643873"}],"version-history":[{"count":0,"href":"https:\/\/www.europesays.com\/fr\/wp-json\/wp\/v2\/posts\/643873\/revisions"}],"wp:featuredmedia":[{"embeddable":true,"href":"https:\/\/www.europesays.com\/fr\/wp-json\/wp\/v2\/media\/643874"}],"wp:attachment":[{"href":"https:\/\/www.europesays.com\/fr\/wp-json\/wp\/v2\/media?parent=643873"}],"wp:term":[{"taxonomy":"category","embeddable":true,"href":"https:\/\/www.europesays.com\/fr\/wp-json\/wp\/v2\/categories?post=643873"},{"taxonomy":"post_tag","embeddable":true,"href":"https:\/\/www.europesays.com\/fr\/wp-json\/wp\/v2\/tags?post=643873"}],"curies":[{"name":"wp","href":"https:\/\/api.w.org\/{rel}","templated":true}]}}