{"id":643879,"date":"2026-01-06T03:07:32","date_gmt":"2026-01-06T03:07:32","guid":{"rendered":"https:\/\/www.europesays.com\/fr\/643879\/"},"modified":"2026-01-06T03:07:32","modified_gmt":"2026-01-06T03:07:32","slug":"pass-permis-session-2026","status":"publish","type":"post","link":"https:\/\/www.europesays.com\/fr\/643879\/","title":{"rendered":"Pass&rsquo; Permis , session 2026"},"content":{"rendered":"<ul class=\"post-meta\">\n<li class=\"post-meta-item\">D\u00e9marches<\/li>\n<li class=\"post-meta-item\"> | Mobilit\u00e9<\/li>\n<li class=\"post-meta-item\"> | Tous les articles<\/li>\n<\/ul>\n<p class=\"news-single-date\"> Publi\u00e9 le 5 janvier 2026| Coups de c\u0153ur9<\/p>\n<p> <img decoding=\"async\" src=\"https:\/\/www.europesays.com\/fr\/wp-content\/uploads\/2025\/04\/pass-permis.png\" class=\"post-single-picture\" alt=\"\"\/><\/p>\n<p class=\"introduction\">Le dispositif Pass\u2019Permis est une bourse forfaitaire pour aider les jeunes roubaisiens de 18 \u00e0 30 ans \u00e0 passer le permis de conduire (le permis B) n\u00e9cessaire \u00e0 la r\u00e9alisation d\u2019un projet professionnel. Il est \u00e0 nouveau propos\u00e9e pour cette nouvelle ann\u00e9e 2026. Les dates de d\u00e9p\u00f4t de dossier seront ouvertes jusque fin janvier. Explications.<\/p>\n<p class=\"title\">C&rsquo;est quoi le Pass Permis ?<\/p>\n<p>Pour b\u00e9n\u00e9ficier du Pass Permis, il faut justifier d\u2019un parcours de formation ou d\u2019un projet professionnel qui n\u00e9cessite le permis. Apr\u00e8s \u00e9tude du dossier, si l\u2019avis est favorable, la Ville finance le pr\u00e9cieux s\u00e9same \u00e0 hauteur de 1200 \u20ac pour couvrir le code et 20 heures de conduite. En contrepartie, le jeune conducteur donne b\u00e9n\u00e9volement 35 \u00e0 50 heures de son temps dans un service de la Ville ou dans une association caritative.<\/p>\n<p>Quelle est la d\u00e9marche \u00e0 suivre\u00a0?<\/p>\n<p><strong>Dossier \u00e0 d\u00e9poser uniquement sur place :<\/strong><\/p>\n<p>Service Jeunesse de la Ville de Roubaix<br \/>10 rue du ch\u00e2teau<br \/>Contact\u00a0: Gwendoline Cab\u00e9-Maury<br \/>(03\u00a0 59 57 31 81 en cas de besoin)<\/p>\n<p><strong>\u2013 Les mercredis 7, 14 janvier (9h-12h)<br \/>\u2013 Le mardi 20 janvier\u00a0(9h-12h)<\/strong><br \/><strong>\u2013 Les jeudis 8, 15 et 22 janvier\u00a0(9h-12h et 14h-18h)<\/strong><\/p>\n<p>Les justificatifs (copies) \u00e0 fournir \u00a0:<\/p>\n<ul>\n<li>Une carte d\u2019identit\u00e9 ou titre de s\u00e9jour<\/li>\n<li>Un justificatif de domicile (de moins de 3 mois)<\/li>\n<li>Une attestation Journ\u00e9e d\u2019appel \u00e0 la d\u00e9fense<\/li>\n<li>Si \u00e9tudiant : un certificat de scolarit\u00e9 (carte \u00e9tudiante non accept\u00e9e)<\/li>\n<li>Si en emploi ou alternance : un contrat de travail<\/li>\n<li>Si en recherche d\u2019emploi : un dipl\u00f4me ou un justificatif de formation<\/li>\n<\/ul>\n<p>Le dossier doit \u00eatre complet, le cas \u00e9ch\u00e9ant, il sera refus\u00e9 d\u2019office.<\/p>\n<p>Quel est le d\u00e9lai de r\u00e9ponse ?<\/p>\n<p>Une commission d\u2019attribution \u00e9tudie les dossiers pendant un mois environ, suite \u00e0 la fermeture des candidatures. Vous recevrez ensuite une r\u00e9ponse.<\/p>\n<p>Cr\u00e9dit Photo : Anais Gadeau , service Communication, ville de Roubaix<\/p>\n","protected":false},"excerpt":{"rendered":"D\u00e9marches | Mobilit\u00e9 | Tous les articles Publi\u00e9 le 5 janvier 2026| Coups de c\u0153ur9 Le dispositif Pass\u2019Permis&hellip;\n","protected":false},"author":2,"featured_media":24245,"comment_status":"","ping_status":"","sticky":false,"template":"","format":"standard","meta":{"footnotes":""},"categories":[2815],"tags":[1111,11,1777,674,1011,27,811,1307,8729,12,8730,25],"class_list":{"0":"post-643879","1":"post","2":"type-post","3":"status-publish","4":"format-standard","5":"has-post-thumbnail","7":"category-lille","8":"tag-actu","9":"tag-actualites","10":"tag-eu","11":"tag-europe","12":"tag-fr","13":"tag-france","14":"tag-hauts-de-france","15":"tag-lille","16":"tag-mobilites","17":"tag-news","18":"tag-pass-permis","19":"tag-republique-francaise"},"share_on_mastodon":{"url":"https:\/\/pubeurope.com\/@fr\/115845951906950814","error":""},"_links":{"self":[{"href":"https:\/\/www.europesays.com\/fr\/wp-json\/wp\/v2\/posts\/643879","targetHints":{"allow":["GET"]}}],"collection":[{"href":"https:\/\/www.europesays.com\/fr\/wp-json\/wp\/v2\/posts"}],"about":[{"href":"https:\/\/www.europesays.com\/fr\/wp-json\/wp\/v2\/types\/post"}],"author":[{"embeddable":true,"href":"https:\/\/www.europesays.com\/fr\/wp-json\/wp\/v2\/users\/2"}],"replies":[{"embeddable":true,"href":"https:\/\/www.europesays.com\/fr\/wp-json\/wp\/v2\/comments?post=643879"}],"version-history":[{"count":0,"href":"https:\/\/www.europesays.com\/fr\/wp-json\/wp\/v2\/posts\/643879\/revisions"}],"wp:featuredmedia":[{"embeddable":true,"href":"https:\/\/www.europesays.com\/fr\/wp-json\/wp\/v2\/media\/24245"}],"wp:attachment":[{"href":"https:\/\/www.europesays.com\/fr\/wp-json\/wp\/v2\/media?parent=643879"}],"wp:term":[{"taxonomy":"category","embeddable":true,"href":"https:\/\/www.europesays.com\/fr\/wp-json\/wp\/v2\/categories?post=643879"},{"taxonomy":"post_tag","embeddable":true,"href":"https:\/\/www.europesays.com\/fr\/wp-json\/wp\/v2\/tags?post=643879"}],"curies":[{"name":"wp","href":"https:\/\/api.w.org\/{rel}","templated":true}]}}