{"id":643881,"date":"2026-01-06T03:09:14","date_gmt":"2026-01-06T03:09:14","guid":{"rendered":"https:\/\/www.europesays.com\/fr\/643881\/"},"modified":"2026-01-06T03:09:14","modified_gmt":"2026-01-06T03:09:14","slug":"les-detenus-investissent-le-dernier-quartier-hommes-des-baumettes-3-cette-semaine-a-marseille","status":"publish","type":"post","link":"https:\/\/www.europesays.com\/fr\/643881\/","title":{"rendered":"Les d\u00e9tenus investissent le dernier quartier hommes des Baumettes 3 cette semaine \u00e0 Marseille"},"content":{"rendered":"<p>\u00c0 peine ouvertes et d\u00e9j\u00e0 bient\u00f4t pleines. Lundi 5 janvier, le dernier quartier des Baumettes\u00a03 &#8211; le Q5 &#8211; a ouvert ses portes. Les nouveaux d\u00e9tenus devraient investir le nouveau b\u00e2timent tout au long de la semaine,<a href=\"https:\/\/www.laprovence.com\/article\/region\/71894218607332\/ouverture-des-baumettes-3-a-marseille-le-transfert-des-detenus-commence-ce-mardi\" target=\"_blank\" rel=\"noopener\"> les deux premiers quartiers<\/a>\u00a0&#8211; Q3 et Q4 -, op\u00e9rationnels depuis le 18\u00a0novembre, \u00e9tant d\u00e9j\u00e0 pleins, \u00ab\u00a0avec des<strong> <\/strong>lits superpos\u00e9s\u00a0alors qu\u2019on nous avait promis des cellules uniques\u00a0\u00bb, d\u00e9plore Catherine Forzi, surveillante p\u00e9nitentiaire et responsable FO aux Baumettes.<\/p>\n<p>En cr\u00e9ant 743 places suppl\u00e9mentaires et en portant la capacit\u00e9 d\u2019accueil officielle du centre p\u00e9nitentiaire \u00e0\u00a01\u00a0450 d\u00e9tenus, l\u2019ouverture des <a href=\"https:\/\/www.laprovence.com\/article\/faits-divers-justice\/54526071176931\/ecailles-brise-vue-accueil-de-740-detenus-visite-du-tout-nouveau-batiment-des-baumettes-3-a-marseille\" target=\"_blank\" rel=\"noopener\">Baumettes 3<\/a> a permis de d\u00e9sengorger le quartier des arrivants o\u00f9 les matelas au sol s\u2019accumulaient depuis des mois. Elle a \u00e9galement fait chuter le taux d\u2019occupation de la prison qui d\u00e9passait les 200\u00a0%. Selon nos informations, au 15\u00a0d\u00e9cembre, au terme des premiers transferts, il s\u2019\u00e9levait \u00e0 111\u00a0% dans le quartier arrivant (contre 209\u00a0% en novembre) et \u00e0, en moyenne, 126\u00a0% dans les quartiers hommes.<\/p>\n<p>Du mieux donc, mais pour combien de temps\u00a0? Depuis lundi, les d\u00e9tenus transf\u00e9r\u00e9s ne viennent plus des Baumettes mais des centres p\u00e9nitentiaires d\u2019Aix-Luynes et de Nice. \u00ab\u00a0D\u2019ici la fin&#8230;<\/p>\n","protected":false},"excerpt":{"rendered":"\u00c0 peine ouvertes et d\u00e9j\u00e0 bient\u00f4t pleines. Lundi 5 janvier, le dernier quartier des Baumettes\u00a03 &#8211; le Q5&hellip;\n","protected":false},"author":2,"featured_media":643882,"comment_status":"","ping_status":"","sticky":false,"template":"","format":"standard","meta":{"footnotes":""},"categories":[2814],"tags":[5734,1111,11,4431,154,17316,1777,674,1011,27,1101,68620,151,884,12,882,5775,16,25],"class_list":{"0":"post-643881","1":"post","2":"type-post","3":"status-publish","4":"format-standard","5":"has-post-thumbnail","7":"category-marseille","8":"tag-5734","9":"tag-actu","10":"tag-actualites","11":"tag-dernier","12":"tag-des","13":"tag-detenus","14":"tag-eu","15":"tag-europe","16":"tag-fr","17":"tag-france","18":"tag-hommes","19":"tag-investissent","20":"tag-les","21":"tag-marseille","22":"tag-news","23":"tag-provence-alpes-cote-dazur","24":"tag-quartier","25":"tag-region","26":"tag-republique-francaise"},"share_on_mastodon":{"url":"https:\/\/pubeurope.com\/@fr\/115845959760823004","error":""},"_links":{"self":[{"href":"https:\/\/www.europesays.com\/fr\/wp-json\/wp\/v2\/posts\/643881","targetHints":{"allow":["GET"]}}],"collection":[{"href":"https:\/\/www.europesays.com\/fr\/wp-json\/wp\/v2\/posts"}],"about":[{"href":"https:\/\/www.europesays.com\/fr\/wp-json\/wp\/v2\/types\/post"}],"author":[{"embeddable":true,"href":"https:\/\/www.europesays.com\/fr\/wp-json\/wp\/v2\/users\/2"}],"replies":[{"embeddable":true,"href":"https:\/\/www.europesays.com\/fr\/wp-json\/wp\/v2\/comments?post=643881"}],"version-history":[{"count":0,"href":"https:\/\/www.europesays.com\/fr\/wp-json\/wp\/v2\/posts\/643881\/revisions"}],"wp:featuredmedia":[{"embeddable":true,"href":"https:\/\/www.europesays.com\/fr\/wp-json\/wp\/v2\/media\/643882"}],"wp:attachment":[{"href":"https:\/\/www.europesays.com\/fr\/wp-json\/wp\/v2\/media?parent=643881"}],"wp:term":[{"taxonomy":"category","embeddable":true,"href":"https:\/\/www.europesays.com\/fr\/wp-json\/wp\/v2\/categories?post=643881"},{"taxonomy":"post_tag","embeddable":true,"href":"https:\/\/www.europesays.com\/fr\/wp-json\/wp\/v2\/tags?post=643881"}],"curies":[{"name":"wp","href":"https:\/\/api.w.org\/{rel}","templated":true}]}}