{"id":643883,"date":"2026-01-06T03:10:12","date_gmt":"2026-01-06T03:10:12","guid":{"rendered":"https:\/\/www.europesays.com\/fr\/643883\/"},"modified":"2026-01-06T03:10:12","modified_gmt":"2026-01-06T03:10:12","slug":"previsions-du-mardi-6-janvier-2026-4","status":"publish","type":"post","link":"https:\/\/www.europesays.com\/fr\/643883\/","title":{"rendered":"pr\u00e9visions du mardi 6 janvier 2026"},"content":{"rendered":"<p>Marseille va vivre une belle journ\u00e9e particuli\u00e8rement ensoleill\u00e9e. Il va faire froid avec des temp\u00e9ratures qui seront comprises entre 1 et 6\u00b0C. La ville sera touch\u00e9e par un vent de nord-ouest de 28 km\/h. Les Marseillais vont avoir froid le matin : les temp\u00e9ratures ne vont pas d\u00e9passer 5\u00b0C. Il va faire 4\u00b0C en moyenne. Les Marseillais vont avoir froid l&rsquo;apr\u00e8s-midi : les temp\u00e9ratures ne vont pas d\u00e9passer 6\u00b0C. L&rsquo;hiver s&rsquo;est d\u00e9finitivement install\u00e9 puisque les valeurs s&rsquo;\u00e9chelonneront de 3 \u00e0 6\u00b0C. Des \u00e9claircies sont attendues : on passera une soir\u00e9e cl\u00e9mente. Il fera en moyenne 2\u00b0C. Un vent de nord-ouest soufflera \u00e0 41 km\/h. Durant la nuit de mardi \u00e0 mercredi, le ciel sera d\u00e9pourvu de nuages.<\/p>\n<p>Un bel ensoleillement est pr\u00e9vu demain \u00e0 Marseille. Une chute des temp\u00e9ratures est pr\u00e9vue rappelant l&rsquo;hiver aux bons souvenirs des habitants. On anticipe des temp\u00e9ratures avoisinant 3\u00b0C. Un vent de nord-ouest, atteignant 29 km\/h, soufflera. Les Marseillais vont avoir froid le matin : les temp\u00e9ratures ne vont pas d\u00e9passer 3\u00b0C. L&rsquo;hiver se fait sentir : les valeurs s&rsquo;\u00e9chelonneront entre 1 et 3\u00b0C. Les Marseillais vont avoir froid demain apr\u00e8s-midi : les temp\u00e9ratures ne vont pas d\u00e9passer 5\u00b0C. L&rsquo;hiver sera bien l\u00e0 puisque les temp\u00e9ratures seront quand m\u00eame de 4\u00b0C au minimum et de 5\u00b0C au plus haut. Le ciel va s&rsquo;\u00e9claircir au cours de la soir\u00e9e.<\/p>\n<p>Les conditions m\u00e9t\u00e9orologiques seront plut\u00f4t instables les jours suivants. \u00c0 la suite d&rsquo;une journ\u00e9e nuageuse jeudi, on s&rsquo;attend \u00e0 une am\u00e9lioration vendredi.<\/p>\n<p><\/p>\n","protected":false},"excerpt":{"rendered":"Marseille va vivre une belle journ\u00e9e particuli\u00e8rement ensoleill\u00e9e. Il va faire froid avec des temp\u00e9ratures qui seront comprises&hellip;\n","protected":false},"author":2,"featured_media":643884,"comment_status":"","ping_status":"","sticky":false,"template":"","format":"standard","meta":{"footnotes":""},"categories":[2814],"tags":[1111,11,1777,674,1011,27,884,12,2119,882,25],"class_list":{"0":"post-643883","1":"post","2":"type-post","3":"status-publish","4":"format-standard","5":"has-post-thumbnail","7":"category-marseille","8":"tag-actu","9":"tag-actualites","10":"tag-eu","11":"tag-europe","12":"tag-fr","13":"tag-france","14":"tag-marseille","15":"tag-news","16":"tag-previsions-meteo","17":"tag-provence-alpes-cote-dazur","18":"tag-republique-francaise"},"share_on_mastodon":{"url":"https:\/\/pubeurope.com\/@fr\/115845963765898249","error":""},"_links":{"self":[{"href":"https:\/\/www.europesays.com\/fr\/wp-json\/wp\/v2\/posts\/643883","targetHints":{"allow":["GET"]}}],"collection":[{"href":"https:\/\/www.europesays.com\/fr\/wp-json\/wp\/v2\/posts"}],"about":[{"href":"https:\/\/www.europesays.com\/fr\/wp-json\/wp\/v2\/types\/post"}],"author":[{"embeddable":true,"href":"https:\/\/www.europesays.com\/fr\/wp-json\/wp\/v2\/users\/2"}],"replies":[{"embeddable":true,"href":"https:\/\/www.europesays.com\/fr\/wp-json\/wp\/v2\/comments?post=643883"}],"version-history":[{"count":0,"href":"https:\/\/www.europesays.com\/fr\/wp-json\/wp\/v2\/posts\/643883\/revisions"}],"wp:featuredmedia":[{"embeddable":true,"href":"https:\/\/www.europesays.com\/fr\/wp-json\/wp\/v2\/media\/643884"}],"wp:attachment":[{"href":"https:\/\/www.europesays.com\/fr\/wp-json\/wp\/v2\/media?parent=643883"}],"wp:term":[{"taxonomy":"category","embeddable":true,"href":"https:\/\/www.europesays.com\/fr\/wp-json\/wp\/v2\/categories?post=643883"},{"taxonomy":"post_tag","embeddable":true,"href":"https:\/\/www.europesays.com\/fr\/wp-json\/wp\/v2\/tags?post=643883"}],"curies":[{"name":"wp","href":"https:\/\/api.w.org\/{rel}","templated":true}]}}