{"id":643885,"date":"2026-01-06T03:11:10","date_gmt":"2026-01-06T03:11:10","guid":{"rendered":"https:\/\/www.europesays.com\/fr\/643885\/"},"modified":"2026-01-06T03:11:10","modified_gmt":"2026-01-06T03:11:10","slug":"pas-invitee-a-un-debat-tiffany-joncour-rn-peste-contre-bfm-lyon","status":"publish","type":"post","link":"https:\/\/www.europesays.com\/fr\/643885\/","title":{"rendered":"pas invit\u00e9e \u00e0 un d\u00e9bat, Tiffany Joncour (RN) peste contre BFM-Lyon"},"content":{"rendered":"<p itemprop=\"description\"><strong>Ce lundi soir, BFM-Lyon organisait le premier d\u00e9bat des \u00e9lections m\u00e9tropolitaines 2026.<\/strong><\/p>\n<p>A deux mois et demi du scrutin, seulement deux candidats \u00e9taient invit\u00e9s \u00e0 d\u00e9battre concernant les transports et les mobilit\u00e9s : le pr\u00e9sident \u00e9cologiste sortant <a href=\"https:\/\/www.lyonmag.com\/profil-personnalite-lyonnaise\/518\/bruno-bernard\" target=\"_blank\" rel=\"noopener\">Bruno Bernard<\/a> et la candidate LR-Grand Coeur Lyonnais <a href=\"https:\/\/www.lyonmag.com\/profil-personnalite-lyonnaise\/210\/veronique-sarselli\" target=\"_blank\" rel=\"noopener\">V\u00e9ronique Sarselli<\/a>.<\/p>\n<p>Pas invit\u00e9e par la cha\u00eene locale, la candidate RN <a href=\"https:\/\/www.lyonmag.com\/profil-personnalite-lyonnaise\/742\/tiffany-joncour\" target=\"_blank\" rel=\"noopener\">Tiffany Joncour<\/a> s&rsquo;indigne.<\/p>\n<p>\u00ab\u00a0Cette mise \u00e0 l\u2019\u00e9cart est d\u2019autant plus incompr\u00e9hensible que le Rassemblement National est aujourd\u2019hui donn\u00e9 \u00e0 \u00e9galit\u00e9 avec le pr\u00e9sident sortant de la M\u00e9tropole et qu\u2019il constitue, scrutin apr\u00e8s scrutin, le premier parti du Rh\u00f4ne en nombre de voix\u00a0\u00bb, peste la d\u00e9put\u00e9e, faisant r\u00e9f\u00e9rence au dernier sondage OpinionWay command\u00e9 par LyonMag, la pla\u00e7ant \u00e0 22% d&rsquo;intentions de vote au premier tour, comme Bruno Bernard.<\/p>\n<blockquote class=\"twitter-tweet\"><p>&#13;<\/p>\n<p dir=\"ltr\" lang=\"fr\">Quelle conception du pluralisme d\u00e9mocratique \u00e0 <a href=\"https:\/\/twitter.com\/BFMLyon?ref_src=twsrc%5Etfw\" target=\"_blank\" rel=\"noopener\">@BFMLyon<\/a> quand la candidate donn\u00e9e en deuxi\u00e8me position, \u00e0 \u00e9galit\u00e9 avec le troisi\u00e8me, n\u2019est pas invit\u00e9e \u00e0 un d\u00e9bat. Avez-vous d\u2019ores et d\u00e9j\u00e0 choisi vos candidats ? <a href=\"https:\/\/t.co\/8V5futeYXX\">pic.twitter.com\/8V5futeYXX<\/a><\/p>\n<p>&#13;<br \/>\n\u2014 Tiffany Joncour (@Tiffany_Joncour) <a href=\"https:\/\/twitter.com\/Tiffany_Joncour\/status\/2008240801910779983?ref_src=twsrc%5Etfw\" target=\"_blank\" rel=\"noopener\">January 5, 2026<\/a><\/p><\/blockquote>\n<p>\u00ab\u00a0En proc\u00e9dant \u00e0 une telle s\u00e9lection, BFM-Lyon porte atteinte au principe fondamental du pluralisme d\u00e9mocratique et prive les habitants de la m\u00e9tropole lyonnaise d\u2019un d\u00e9bat honn\u00eate, \u00e9quilibr\u00e9 et repr\u00e9sentatif des r\u00e9alit\u00e9s politiques du territoire. Les \u00e9lecteurs ont le droit d\u2019entendre l\u2019ensemble des projets qui leur sont propos\u00e9s\u00a0\u00bb, poursuit Tiffany Joncour, qui accuse la cha\u00eene de \u00ab\u00a0confisquer le d\u00e9bat public et orienter artificiellement la confrontation d\u00e9mocratique\u00a0\u00bb.<\/p>\n<p>\t\t  <script async src=\"https:\/\/platform.twitter.com\/widgets.js\" charset=\"utf-8\"><\/script><\/p>\n","protected":false},"excerpt":{"rendered":"Ce lundi soir, BFM-Lyon organisait le premier d\u00e9bat des \u00e9lections m\u00e9tropolitaines 2026. A deux mois et demi du&hellip;\n","protected":false},"author":2,"featured_media":643886,"comment_status":"","ping_status":"","sticky":false,"template":"","format":"standard","meta":{"footnotes":""},"categories":[1889],"tags":[1111,11,2813,2190,2430,1109,251,1112,2811,1777,674,118,1011,27,1922,1110,1114,2428,2810,12,241,316,25,2812,517,800],"class_list":{"0":"post-643885","1":"post","2":"type-post","3":"status-publish","4":"format-standard","5":"has-post-thumbnail","7":"category-lyon","8":"tag-actu","9":"tag-actualites","10":"tag-article","11":"tag-asvel","12":"tag-auvergne-rhone-alpes","13":"tag-breves","14":"tag-culture","15":"tag-depeches","16":"tag-economique","17":"tag-eu","18":"tag-europe","19":"tag-faits-divers","20":"tag-fr","21":"tag-france","22":"tag-info","23":"tag-informations","24":"tag-infos","25":"tag-lyon","26":"tag-lyonmag","27":"tag-news","28":"tag-ol","29":"tag-politique","30":"tag-republique-francaise","31":"tag-sociale","32":"tag-sport","33":"tag-transports"},"share_on_mastodon":{"url":"https:\/\/pubeurope.com\/@fr\/115845967581880010","error":""},"_links":{"self":[{"href":"https:\/\/www.europesays.com\/fr\/wp-json\/wp\/v2\/posts\/643885","targetHints":{"allow":["GET"]}}],"collection":[{"href":"https:\/\/www.europesays.com\/fr\/wp-json\/wp\/v2\/posts"}],"about":[{"href":"https:\/\/www.europesays.com\/fr\/wp-json\/wp\/v2\/types\/post"}],"author":[{"embeddable":true,"href":"https:\/\/www.europesays.com\/fr\/wp-json\/wp\/v2\/users\/2"}],"replies":[{"embeddable":true,"href":"https:\/\/www.europesays.com\/fr\/wp-json\/wp\/v2\/comments?post=643885"}],"version-history":[{"count":0,"href":"https:\/\/www.europesays.com\/fr\/wp-json\/wp\/v2\/posts\/643885\/revisions"}],"wp:featuredmedia":[{"embeddable":true,"href":"https:\/\/www.europesays.com\/fr\/wp-json\/wp\/v2\/media\/643886"}],"wp:attachment":[{"href":"https:\/\/www.europesays.com\/fr\/wp-json\/wp\/v2\/media?parent=643885"}],"wp:term":[{"taxonomy":"category","embeddable":true,"href":"https:\/\/www.europesays.com\/fr\/wp-json\/wp\/v2\/categories?post=643885"},{"taxonomy":"post_tag","embeddable":true,"href":"https:\/\/www.europesays.com\/fr\/wp-json\/wp\/v2\/tags?post=643885"}],"curies":[{"name":"wp","href":"https:\/\/api.w.org\/{rel}","templated":true}]}}