{"id":643899,"date":"2026-01-06T03:19:19","date_gmt":"2026-01-06T03:19:19","guid":{"rendered":"https:\/\/www.europesays.com\/fr\/643899\/"},"modified":"2026-01-06T03:19:19","modified_gmt":"2026-01-06T03:19:19","slug":"la-russie-bombarde-une-clinique-et-tue-juste-avant-la-reunion-des-allies-occidentaux-a-paris","status":"publish","type":"post","link":"https:\/\/www.europesays.com\/fr\/643899\/","title":{"rendered":"La Russie bombarde une clinique et tue, juste avant la r\u00e9union des alli\u00e9s occidentaux \u00e0 Paris"},"content":{"rendered":"<p>Vous avez rat\u00e9 les derniers \u00e9v\u00e9nements sur la <a href=\"https:\/\/www.20minutes.fr\/monde\/ukraine\/\" class=\"c-link c-link--is-underlined\" target=\"_blank\" rel=\"noopener\">guerre en Ukraine<\/a>\u00a0? 20 Minutes fait le point pour vous tous les soirs. Voici l\u2019essentiel de ce lundi 5\u00a0janvier, au 1.411e jour du conflit.<\/p>\n<p>Le fait du jour<\/p>\n<p>Pas de r\u00e9pit. A la veille d\u2019une importante r\u00e9union des alli\u00e9s de l\u2019Ukraine, plusieurs frappes russes ont frapp\u00e9 le pays ce lundi et m\u00eame tu\u00e9 deux personnes. Des alertes antia\u00e9riennes ont retenti au cours de la nuit sur tout le territoire ukrainien, vis\u00e9 par 165 drones selon le pr\u00e9sident Volodymyr Zelensky, qui a rapport\u00e9 de nouvelles coupures d\u2019\u00e9lectricit\u00e9.<\/p>\n<p>Dans la capitale <a href=\"https:\/\/www.20minutes.fr\/dossier\/kiev\" class=\"c-link c-link--is-underlined\" target=\"_blank\" rel=\"noopener\">Kiev<\/a>, une clinique priv\u00e9e a \u00e9t\u00e9 touch\u00e9e, provoquant un incendie et faisant un mort et trois bless\u00e9s, selon les services de secours qui ont diffus\u00e9 des images montrant l\u2019\u00e9vacuation de patients sur des brancards. Margaryta Maliovana, la directrice de la clinique, a t\u00e9moign\u00e9 d\u2019une \u00ab\u00a0nuit terrible\u00a0\u00bb. Selon elle, 26 patients se trouvaient sur place au moment de l\u2019impact et un homme de 30 ans a trouv\u00e9 la mort.<\/p>\n<p>Dans la p\u00e9riph\u00e9rie de la capitale, les bombardements ont touch\u00e9 plusieurs habitations et infrastructures essentielles, tuant un homme dans la localit\u00e9 de Fastiv.<\/p>\n<p>Les frappes ont provoqu\u00e9 des coupures de courant, n\u00e9cessitant le d\u00e9clenchement de syst\u00e8mes de secours pour maintenir l\u2019approvisionnement en eau et chauffage, a pr\u00e9cis\u00e9 le responsable, alors que les temp\u00e9ratures nocturnes sont tomb\u00e9es \u00e0 -8\u00b0C.<\/p>\n<p>La revendication du jour<\/p>\n<p>La Russie a revendiqu\u00e9 ce lundi la prise de la localit\u00e9 de Grabovsk\u00e9 dans la r\u00e9gion de Soumy, dans le nord-est de l\u2019Ukraine, un secteur situ\u00e9 pr\u00e8s de la fronti\u00e8re russe. \u00ab\u00a0Les unit\u00e9s du groupement de troupes Nord ont pris le contr\u00f4le de la localit\u00e9 de Grabovsk\u00e9, dans la r\u00e9gion de Soumy, \u00e0 la suite d\u2019op\u00e9rations actives\u00a0\u00bb, a indiqu\u00e9 le minist\u00e8re russe de la D\u00e9fense.<\/p>\n<p>L\u2019arm\u00e9e ukrainienne avait fait \u00e9tat en d\u00e9cembre de combats dans ce secteur apr\u00e8s que des soldats russes ont franchi la fronti\u00e8re pour y lancer une offensive. Les forces russes occupent d\u00e9j\u00e0 plus de 200 km2 de territoire dans la r\u00e9gion de Soumy, plus \u00e0 l\u2019ouest.<\/p>\n<p>La r\u00e9gion de Soumy n\u2019est pas l\u2019un des territoires dont Moscou revendique l\u2019annexion en Ukraine mais le pr\u00e9sident Vladimir Poutine avait ordonn\u00e9 \u00e0 ses troupes d\u2019y conqu\u00e9rir une \u00ab\u00a0zone tampon\u00a0\u00bb qui emp\u00eacherait les forces ukrainiennes de p\u00e9n\u00e9trer en Russie comme \u00e0 l\u2019\u00e9t\u00e9\u00a02024.<\/p>\n<\/p>\n<p>La d\u00e9claration du jour<\/p>\n<blockquote class=\"mx-m@xs mx-xxl@md color-ultramarine c-citation\">\n<p class=\"font-weight-regular@xs text-italic font-source-serif-pro text-l@xs c-citation__content\">\u00ab\u00a0Je ne pense pas que cette frappe ait eu lieu\u00a0\u00bb<\/p>\n<\/blockquote>\n<p>Les paroles sont sign\u00e9es Donald Trump. Le pr\u00e9sident am\u00e9ricain a indiqu\u00e9 dimanche soir ne pas croire les affirmations de la Russie selon lesquelles l\u2019Ukraine <a href=\"https:\/\/www.20minutes.fr\/monde\/ukraine\/4193728-20251230-guerre-ukraine-apres-attaque-presumee-contre-residence-poutine-kiev-attend-preuves\" class=\"c-link c-link--is-underlined\" target=\"_blank\" rel=\"noopener\">aurait attaqu\u00e9 avec des drones une r\u00e9sidence du pr\u00e9sident russe<\/a> Vladimir Poutine. \u00ab\u00a0Je ne pense pas que cette frappe ait eu lieu\u00a0\u00bb, a d\u00e9clar\u00e9 Donald Trump \u00e0 bord de son avion pr\u00e9sidentiel, notant que \u00ab\u00a0personne ne savait pour l\u2019heure\u00a0\u00bb si les all\u00e9gations russes, r\u00e9fut\u00e9es par Kiev, \u00e9taient vraies.<\/p>\n<p>Moscou a accus\u00e9 Kiev d\u2019avoir vis\u00e9 avec 91 drones, dans la nuit du 28 au 29\u00a0d\u00e9cembre, une r\u00e9sidence de Vladimir Poutine situ\u00e9e \u00e0 Valda\u00ef, entre Moscou et Saint-P\u00e9tersbourg, et hautement s\u00e9curis\u00e9e. Kiev a qualifi\u00e9 cette accusation de \u00ab\u00a0mensonge\u00a0\u00bb et estim\u00e9 qu\u2019elle visait \u00e0 servir de pr\u00e9texte pour de nouvelles frappes contre Kiev et \u00e0 saper les pourparlers diplomatiques.<\/p>\n<p>Le Kremlin avait pr\u00e9venu mardi que \u00ab\u00a0les cons\u00e9quences\u00a0\u00bb de cette attaque se traduiraient par \u00ab\u00a0un durcissement de la position de n\u00e9gociation\u00a0\u00bb de la Russie.<\/p>\n<p>La tendance<\/p>\n<p>Le sommet de la \u00ab\u00a0coalition des volontaires\u00a0\u00bb pr\u00e9vu ce mardi \u00e0 Paris r\u00e9unira 35 pays et vise \u00e0 afficher la \u00ab\u00a0convergence\u00a0\u00bb entre <a href=\"https:\/\/www.20minutes.fr\/dossier\/washington\" class=\"c-link c-link--is-underlined\" target=\"_blank\" rel=\"noopener\">Washington<\/a>, les Europ\u00e9ens et Kiev sur \u00ab\u00a0les modalit\u00e9s op\u00e9rationnelles\u00a0\u00bb des garanties de s\u00e9curit\u00e9 pour l\u2019Ukraine, a annonc\u00e9 lundi l\u2019Elys\u00e9e.<\/p>\n<p>Vingt-sept chefs d\u2019Etat ou de gouvernement, essentiellement europ\u00e9ens, sont attendus dans la capitale fran\u00e7aise pour cette nouvelle r\u00e9union \u00e0 laquelle participeront en tout 35 pays. Les \u00e9missaires am\u00e9ricains Steve Witkoff et <a href=\"https:\/\/www.20minutes.fr\/monde\/jared-kushner\/\" class=\"c-link c-link--is-underlined\" target=\"_blank\" rel=\"noopener\">Jared Kushner<\/a> seront pr\u00e9sents, pour la premi\u00e8re participation am\u00e9ricaine \u00e0 un sommet en pr\u00e9sentiel de cette coalition lanc\u00e9e au printemps par la France et le Royaume-Uni.<\/p>\n<p>Selon des sources diplomatiques, le pr\u00e9sident ukrainien Volodymyr Zelensky est aussi attendu, ainsi que le Premier ministre britannique <a href=\"https:\/\/www.20minutes.fr\/monde\/keir-starmer\/\" class=\"c-link c-link--is-underlined\" target=\"_blank\" rel=\"noopener\">Keir Starmer<\/a>, le chancelier allemand Friedrich Merz, l\u2019Italienne Giorgia Meloni et le Canadien Mark Carney.<\/p>\n<p><a href=\"https:\/\/www.20minutes.fr\/monde\/ukraine\/\" class=\"c-link c-btn c-btn--primary\" target=\"_blank\" rel=\"noopener\">Notre dossier sur la guerre en Ukraine<\/a><\/p>\n<p>Les dirigeants doivent s\u2019engager notamment sur leur vision commune des \u00ab\u00a0modalit\u00e9s d\u2019un cessez-le-feu\u00a0\u00bb futur entre l\u2019Ukraine et la Russie, et sur leur riposte en cas de violation, ainsi que sur le principe du \u00ab\u00a0d\u00e9ploiement d\u2019une force multinationale\u00a0\u00bb pour \u00ab\u00a0r\u00e9assurer l\u2019Ukraine\u00a0\u00bb dans le cadre d\u2019un \u00e9ventuel accord politique, a pr\u00e9cis\u00e9 la pr\u00e9sidence fran\u00e7aise.<\/p>\n","protected":false},"excerpt":{"rendered":"Vous avez rat\u00e9 les derniers \u00e9v\u00e9nements sur la guerre en Ukraine\u00a0? 20 Minutes fait le point pour vous&hellip;\n","protected":false},"author":2,"featured_media":643900,"comment_status":"","ping_status":"","sticky":false,"template":"","format":"standard","meta":{"footnotes":""},"categories":[1591],"tags":[47,11,75,1887,4710,131,22276,2581,4997,74,1916,12,1885,1886,132,25684,134,2744],"class_list":{"0":"post-643899","1":"post","2":"type-post","3":"status-publish","4":"format-standard","5":"has-post-thumbnail","7":"category-russie","8":"tag-actualite","9":"tag-actualites","10":"tag-donald-trump","11":"tag-federation-de-russie","12":"tag-friedrich-merz","13":"tag-guerre-en-ukraine","14":"tag-jared-kushner","15":"tag-keir-starmer","16":"tag-kiev-kyiv","17":"tag-monde","18":"tag-moscou","19":"tag-news","20":"tag-russia","21":"tag-russian-federation","22":"tag-russie","23":"tag-saint-petersbourg","24":"tag-volodymyr-zelensky","25":"tag-washington"},"share_on_mastodon":{"url":"https:\/\/pubeurope.com\/@fr\/115845999042239195","error":""},"_links":{"self":[{"href":"https:\/\/www.europesays.com\/fr\/wp-json\/wp\/v2\/posts\/643899","targetHints":{"allow":["GET"]}}],"collection":[{"href":"https:\/\/www.europesays.com\/fr\/wp-json\/wp\/v2\/posts"}],"about":[{"href":"https:\/\/www.europesays.com\/fr\/wp-json\/wp\/v2\/types\/post"}],"author":[{"embeddable":true,"href":"https:\/\/www.europesays.com\/fr\/wp-json\/wp\/v2\/users\/2"}],"replies":[{"embeddable":true,"href":"https:\/\/www.europesays.com\/fr\/wp-json\/wp\/v2\/comments?post=643899"}],"version-history":[{"count":0,"href":"https:\/\/www.europesays.com\/fr\/wp-json\/wp\/v2\/posts\/643899\/revisions"}],"wp:featuredmedia":[{"embeddable":true,"href":"https:\/\/www.europesays.com\/fr\/wp-json\/wp\/v2\/media\/643900"}],"wp:attachment":[{"href":"https:\/\/www.europesays.com\/fr\/wp-json\/wp\/v2\/media?parent=643899"}],"wp:term":[{"taxonomy":"category","embeddable":true,"href":"https:\/\/www.europesays.com\/fr\/wp-json\/wp\/v2\/categories?post=643899"},{"taxonomy":"post_tag","embeddable":true,"href":"https:\/\/www.europesays.com\/fr\/wp-json\/wp\/v2\/tags?post=643899"}],"curies":[{"name":"wp","href":"https:\/\/api.w.org\/{rel}","templated":true}]}}