{"id":643901,"date":"2026-01-06T03:20:20","date_gmt":"2026-01-06T03:20:20","guid":{"rendered":"https:\/\/www.europesays.com\/fr\/643901\/"},"modified":"2026-01-06T03:20:20","modified_gmt":"2026-01-06T03:20:20","slug":"remaniement-en-ukraine-le-chef-du-service-de-securite-remplace","status":"publish","type":"post","link":"https:\/\/www.europesays.com\/fr\/643901\/","title":{"rendered":"Remaniement en Ukraine : le chef du service de s\u00e9curit\u00e9 remplac\u00e9"},"content":{"rendered":"<p>Le chef du service de s\u00e9curit\u00e9 d\u2019Ukraine (SBU), Vasyl Maliouk, a d\u00e9missionn\u00e9 lundi, dans le cadre d&rsquo;un vaste remaniement du gouvernement et du cabinet pr\u00e9sidentiel.<\/p>\n<p>Connu pour \u00eatre le cerveau de certaines des op\u00e9rations de s\u00e9curit\u00e9 ukrainiennes les plus r\u00e9ussies, Maliouk restera au SBU et se concentrera sur les \u00ab\u00a0op\u00e9rations asym\u00e9triques contre la Russie\u00a0\u00bb, selon le pr\u00e9sident ukrainien Volodymyr Zelensky.<\/p>\n<p>Le chef de l&rsquo;\u00c9tat a d\u00e9clar\u00e9 qu&rsquo;il avait charg\u00e9 Maliouk de faire de ces op\u00e9rations \u00ab\u00a0les plus puissantes du monde\u00a0\u00bb.<\/p>\n<p>\u00ab\u00a0Les ressources n\u00e9cessaires et le soutien politique sont r\u00e9unis\u00a0\u00bb, a d\u00e9clar\u00e9 Zelensky au milieu d&rsquo;une s\u00e9rie de licenciements et de nominations, remodelant ainsi le paysage politique \u00e0 Kyiv.<\/p>\n<p>Maliouk est \u00e0 l&rsquo;origine de l&rsquo;op\u00e9ration sans pr\u00e9c\u00e9dent \u00ab\u00a0toile d&rsquo;araign\u00e9e\u00a0\u00bb, au cours de laquelle le SBU a d\u00e9truit plus d&rsquo;un tiers des porte-missiles russes dans le cadre d&rsquo;une attaque coordonn\u00e9e de drones visant diff\u00e9rents a\u00e9rodromes russes situ\u00e9s \u00e0 des milliers de kilom\u00e8tres les uns des autres.<\/p>\n<p>En d\u00e9cembre dernier, le SBU a rapport\u00e9 que ses drones navals Sea Baby avaient frapp\u00e9 un sous-marin russe de classe Varchavianka dans le port de Novorossi\u00efsk, marquant ainsi la premi\u00e8re attaque de drones sous-marins reconnue publiquement.<\/p>\n<p>Sous la direction de Maliouk, les services de s\u00e9curit\u00e9 ukrainiens ont \u00e9galement particip\u00e9 \u00e0 de multiples attaques sur le pont de Kertch, construit ill\u00e9galement entre la Crim\u00e9e occup\u00e9e par la Russie et la ville russe de Krasnodar.<\/p>\n<p>Yevhenii Khmara, chef de l&rsquo;unit\u00e9 d&rsquo;op\u00e9rations sp\u00e9ciales Alpha du SBU, assurera l&rsquo;int\u00e9rim. Officier exp\u00e9riment\u00e9 et tr\u00e8s respect\u00e9 des forces sp\u00e9ciales, il sert au sein de l&rsquo;unit\u00e9 Alpha depuis 2011 et en a \u00e9t\u00e9 nomm\u00e9 commandant en 2023.<\/p>\n<p>Zelensky poursuit son vaste remaniement<\/p>\n<p>La d\u00e9mission de Maliouk n&rsquo;est pas la seule cons\u00e9quence du dernier remaniement du pr\u00e9sident ukrainien.<\/p>\n<p>Il y a quelques jours, Zelensky a nomm\u00e9 Kyrylo Boudanov, chef du renseignement militaire, \u00e0 la t\u00eate de l&rsquo;administration pr\u00e9sidentielle. Il a ensuite reconduit Oleh Ivachtchenko, ancien chef du service de renseignement ext\u00e9rieur, \u00e0 la t\u00eate de l\u2019agence de renseignement militaire HUR, en remplacement de Boudanov.<\/p>\n<p>Mykha\u00eflo Fedorov, ancien ministre ukrainien de la Transformation num\u00e9rique, a \u00e9t\u00e9 nomm\u00e9 ministre de la D\u00e9fense.<\/p>\n<p>Lundi, Zelenskyy a indiqu\u00e9 sur X avoir \u00e9galement rencontr\u00e9 l&rsquo;ancien ministre des Affaires \u00e9trang\u00e8res, Dmytro Kouleba. Sa mission exacte n&rsquo;a pas \u00e9t\u00e9 pr\u00e9cis\u00e9e, mais le pr\u00e9sident a affirm\u00e9 qu\u2019il faisait d\u00e9sormais \u00ab\u00a0partie de l&rsquo;\u00e9quipe de l&rsquo;Ukraine\u00a0\u00bb.<\/p>\n<p>L&rsquo;enqu\u00eate anticorruption et la d\u00e9mission d&rsquo;Andriy Yermak, ancien chef du cabinet du pr\u00e9sident, ont \u00e9t\u00e9 les principaux moteurs de ce remaniement majeur.<\/p>\n<p>Yermak n&rsquo;a jamais \u00e9t\u00e9 formellement inculp\u00e9 ni directement impliqu\u00e9 dans l&rsquo;enqu\u00eate sur la corruption ou dans le scandale concernant l&rsquo;entreprise publique d\u2019\u00e9nergie nucl\u00e9aire, Energoatom.<\/p>\n<p>Pourtant, cette affaire, la plus importante de la pr\u00e9sidence de Zelensky, a entra\u00een\u00e9 d&rsquo;importants changements politiques, for\u00e7ant le pr\u00e9sident ukrainien \u00e0 se distancer des personnes impliqu\u00e9es ou potentiellement concern\u00e9es.<\/p>\n<p>Yermak aurait entretenu des relations de travail tendues avec Boudanov et Fedorov et, selon des sources ukrainiennes, aurait m\u00eame tent\u00e9 de remplacer temporairement le chef du HUR.<\/p>\n<p>Il se serait ensuite heurt\u00e9 \u00e0 Kouleba, qu&rsquo;il aurait limog\u00e9 pour le remplacer par Andriy Sybiha, son ancien adjoint.<\/p>\n<p>Depuis lors, Yermak a de facto assum\u00e9 le premier r\u00f4le diplomatique de l&rsquo;Ukraine, menant les n\u00e9gociations les plus importantes et accompagnant Zelensky lors des r\u00e9unions cruciales, souvent en l&rsquo;absence de Sybiha.<\/p>\n<p>Le retour de Kouleba et la nomination de Boudanov \u00e0 la t\u00eate de la pr\u00e9sidence apparaissent comme des signaux clairs : Zelensky prend ses distances avec Yermak et ses choix politiques. <\/p>\n<p>Boudanov dirigera d\u00e9sormais de mani\u00e8re effective la d\u00e9l\u00e9gation ukrainienne dans les n\u00e9gociations sur la fin de la guerre contre la Russie, les garanties offertes par les \u00c9tats-Unis et leurs partenaires, ainsi que sur d&rsquo;autres questions de s\u00e9curit\u00e9.<\/p>\n<p>Il b\u00e9n\u00e9ficie d&rsquo;une excellente r\u00e9putation au sein de l&rsquo;arm\u00e9e et de la soci\u00e9t\u00e9 civile ukrainiennes et maintient des canaux de communication ouverts avec les \u00c9tats-Unis, et m\u00eame avec la Russie.<\/p>\n<p>Boudanov a d\u00e9j\u00e0 \u00e9chang\u00e9 avec le Kremlin sur les questions d\u2019\u00e9changes de prisonniers et a particip\u00e9 \u00e0 des entretiens en t\u00eate-\u00e0-t\u00eate aux \u00c9mirats arabes unis dans le cadre des r\u00e9centes initiatives diplomatiques men\u00e9es par la nouvelle \u00e9quipe am\u00e9ricaine.<\/p>\n","protected":false},"excerpt":{"rendered":"Le chef du service de s\u00e9curit\u00e9 d\u2019Ukraine (SBU), Vasyl Maliouk, a d\u00e9missionn\u00e9 lundi, dans le cadre d&rsquo;un vaste&hellip;\n","protected":false},"author":2,"featured_media":643902,"comment_status":"","ping_status":"","sticky":false,"template":"","format":"standard","meta":{"footnotes":""},"categories":[1590],"tags":[11,1777,674,131,2025,12,220,134],"class_list":{"0":"post-643901","1":"post","2":"type-post","3":"status-publish","4":"format-standard","5":"has-post-thumbnail","7":"category-ukraine","8":"tag-actualites","9":"tag-eu","10":"tag-europe","11":"tag-guerre-en-ukraine","12":"tag-invasion-de-la-russie-en-ukraine","13":"tag-news","14":"tag-ukraine","15":"tag-volodymyr-zelensky"},"share_on_mastodon":{"url":"https:\/\/pubeurope.com\/@fr\/115846003743810045","error":""},"_links":{"self":[{"href":"https:\/\/www.europesays.com\/fr\/wp-json\/wp\/v2\/posts\/643901","targetHints":{"allow":["GET"]}}],"collection":[{"href":"https:\/\/www.europesays.com\/fr\/wp-json\/wp\/v2\/posts"}],"about":[{"href":"https:\/\/www.europesays.com\/fr\/wp-json\/wp\/v2\/types\/post"}],"author":[{"embeddable":true,"href":"https:\/\/www.europesays.com\/fr\/wp-json\/wp\/v2\/users\/2"}],"replies":[{"embeddable":true,"href":"https:\/\/www.europesays.com\/fr\/wp-json\/wp\/v2\/comments?post=643901"}],"version-history":[{"count":0,"href":"https:\/\/www.europesays.com\/fr\/wp-json\/wp\/v2\/posts\/643901\/revisions"}],"wp:featuredmedia":[{"embeddable":true,"href":"https:\/\/www.europesays.com\/fr\/wp-json\/wp\/v2\/media\/643902"}],"wp:attachment":[{"href":"https:\/\/www.europesays.com\/fr\/wp-json\/wp\/v2\/media?parent=643901"}],"wp:term":[{"taxonomy":"category","embeddable":true,"href":"https:\/\/www.europesays.com\/fr\/wp-json\/wp\/v2\/categories?post=643901"},{"taxonomy":"post_tag","embeddable":true,"href":"https:\/\/www.europesays.com\/fr\/wp-json\/wp\/v2\/tags?post=643901"}],"curies":[{"name":"wp","href":"https:\/\/api.w.org\/{rel}","templated":true}]}}