{"id":643921,"date":"2026-01-06T03:31:10","date_gmt":"2026-01-06T03:31:10","guid":{"rendered":"https:\/\/www.europesays.com\/fr\/643921\/"},"modified":"2026-01-06T03:31:10","modified_gmt":"2026-01-06T03:31:10","slug":"bayonne-sera-prive-pendant-de-deux-mois-de-son-troisieme-ligne-esteban-capilla-blesse-au-pied-gauche-lequipe","status":"publish","type":"post","link":"https:\/\/www.europesays.com\/fr\/643921\/","title":{"rendered":"Bayonne sera priv\u00e9 pendant de deux mois de son troisi\u00e8me-ligne Esteban Capilla, bless\u00e9 au pied gauche &#8211; L&#039;\u00c9quipe"},"content":{"rendered":"<ol>\n<li><a href=\"https:\/\/news.google.com\/rss\/articles\/CBMi4gFBVV95cUxNLUxpSkdGTDdoaExYblZQaDNuSjlUVlk5TGkzNVN3YTRTMm1YemVaRmp1ay1wbl8xbGRubDNWbXk5bFozSGp6aE01SmJsQXowU0pMT2k3UXMyX3lweU9QX3l4RjBSTVFfY2pvOExNdlFHRmlXZGZZVFhzVnpJVzRHQTE5ZDlYVlFrWkR5S1FPUWJBOTgydDU5ZUl3djJEU2NidkctQUlacjBCS0RkWGcyVHl3aWhqQnFJeFhGcVVCUDJHMFNBRWhVaFlvcE5fdmtzQk14bm1hdnZSVXJzb3VoZ1RB?oc=5\" target=\"_blank\" rel=\"noopener\">Bayonne sera priv\u00e9 pendant de deux mois de son troisi\u00e8me-ligne Esteban Capilla, bless\u00e9 au pied gauche<\/a>&nbsp;&nbsp;L&rsquo;\u00c9quipe<\/li>\n<li><a href=\"https:\/\/news.google.com\/rss\/articles\/CBMi2AFBVV95cUxNNlBYVlZNT3RMY01VMmRnVUtHT2E0YmNMallyc0hOTTU5bTFxOXZfM1I0dnJlU0liTnhNdUlVUEl5dXFDWUxwdWxNRXZLSElrdU51dDV2eDlTTmhRTTRGZWw0VVBTUHYxcnp3Mm4tNkwzOFNhQ2M1YnQ0TElkekp1SGtObGxsTjZuVkFMZV9qdy1jU3hOMlloMW5HLUVrNlQxMU0wNDhrdUIycWVMRzcwQ01McXZZeWxfN1JwYllLOXJnZlRUQTRmZHNyNFJJeWZmM0RlTVF6dDc?oc=5\" target=\"_blank\" rel=\"noopener\">Aviron Bayonnais : Capilla, Heguy, Carreras, Cormenier\u2026 des nouvelles des bless\u00e9s<\/a>&nbsp;&nbsp;Sud Ouest<\/li>\n<li><a href=\"https:\/\/news.google.com\/rss\/articles\/CBMirAFBVV95cUxQWUdobmdQeFVkd1BQcjFqMkNVcnpWdmNXc0phNjM2VXJBYXZXbGdNT3oyQWF6d2l1emxtbmpjaUJvNy1wSXJDQzVTWWpBM1pRcFBjV2d3TXpPcFdHMDNsLTZ3YTdqalhOalJ1QUdXaUQtZTdSaGtETVY4WTlaX0gxaDRCT1VFMDJiV0FnYjBWRFZFOUNTbWk0c3VQWGFuNmxSVEkyNWhYN2k0ZjNO?oc=5\" target=\"_blank\" rel=\"noopener\">Top 14 : longue absence pour le Bayonnais Esteban Capilla<\/a>&nbsp;&nbsp;Le Figaro<\/li>\n<li><a href=\"https:\/\/news.google.com\/rss\/articles\/CBMizAFBVV95cUxQbUo4ZmdGVEM3TGtWbUREX1BpVE4zMXhhMks3OGJsUmJsV21LYkdrbzNiaWpybHllNlJ1S1Rmand6M2hFLUptSU0yQVV6WmdHWWIwX3ZGVEE5LWg3S2xfT18wMFZoSVJKTVlPYkdPS2xlZU1EbXpoN2t4LVVaYkFiSFN6NHUySjZpLVU3ZFlNVjNDTlRCYVlwTmxjNFBXX3M1OGlrWGlHeGUzamZVWFJUYloyenB5ZkhjMi1pRkZwLThMVS1QY1d1SG1URFk?oc=5\" target=\"_blank\" rel=\"noopener\">Esteban Capilla (Bayonne) frein\u00e9 alors qu\u2019il frappait (fort) \u00e0 la porte du XV de France<\/a>&nbsp;&nbsp;Le Rugbynist\u00e8re<\/li>\n<li><a href=\"https:\/\/news.google.com\/rss\/articles\/CBMi6AFBVV95cUxNVEpRYUZPZzRDSnI3azh2Uk5UNE9lanFaNnNwYmNrMHNGLUFaTko2TThLMVhhZ3JyUFZHaU5IU0dsVXZZZFloX3VzTzlvVWFTQW1Bc2VJamlwY3J5bDJ1bWlBU29vUDFDM2xmdGFQaDZxSFVQT1NGcVYzZUw4SlNGYnRQZVlaMU80LUNFaGduRXdGenNFaUdES3IyVmxtUFJucHBUa0dBaDVXakpiTWpCVl9zbDFpOGtOV0g3eUU4bDlNTFREZmp3T0c4YUhZdm1nZnRmYVdVbzJmVEt2NWs0aFZqSnVKQ2hp?oc=5\" target=\"_blank\" rel=\"noopener\">Le verdict est tomb\u00e9 pour le Bayonnais Esteban Capilla et c&#8230;<\/a>&nbsp;&nbsp;Rugby Addict<\/li>\n<\/ol>\n","protected":false},"excerpt":{"rendered":"Bayonne sera priv\u00e9 pendant de deux mois de son troisi\u00e8me-ligne Esteban Capilla, bless\u00e9 au pied gauche&nbsp;&nbsp;L&rsquo;\u00c9quipe Aviron Bayonnais&hellip;\n","protected":false},"author":2,"featured_media":643922,"comment_status":"","ping_status":"","sticky":false,"template":"","format":"standard","meta":{"footnotes":""},"categories":[1416],"tags":[1011,27,479,1468,60],"class_list":{"0":"post-643921","1":"post","2":"type-post","3":"status-publish","4":"format-standard","5":"has-post-thumbnail","7":"category-rugby","8":"tag-fr","9":"tag-france","10":"tag-rugby","11":"tag-rugby-football","12":"tag-sports"},"share_on_mastodon":{"url":"https:\/\/pubeurope.com\/@fr\/115846046266981484","error":""},"_links":{"self":[{"href":"https:\/\/www.europesays.com\/fr\/wp-json\/wp\/v2\/posts\/643921","targetHints":{"allow":["GET"]}}],"collection":[{"href":"https:\/\/www.europesays.com\/fr\/wp-json\/wp\/v2\/posts"}],"about":[{"href":"https:\/\/www.europesays.com\/fr\/wp-json\/wp\/v2\/types\/post"}],"author":[{"embeddable":true,"href":"https:\/\/www.europesays.com\/fr\/wp-json\/wp\/v2\/users\/2"}],"replies":[{"embeddable":true,"href":"https:\/\/www.europesays.com\/fr\/wp-json\/wp\/v2\/comments?post=643921"}],"version-history":[{"count":0,"href":"https:\/\/www.europesays.com\/fr\/wp-json\/wp\/v2\/posts\/643921\/revisions"}],"wp:featuredmedia":[{"embeddable":true,"href":"https:\/\/www.europesays.com\/fr\/wp-json\/wp\/v2\/media\/643922"}],"wp:attachment":[{"href":"https:\/\/www.europesays.com\/fr\/wp-json\/wp\/v2\/media?parent=643921"}],"wp:term":[{"taxonomy":"category","embeddable":true,"href":"https:\/\/www.europesays.com\/fr\/wp-json\/wp\/v2\/categories?post=643921"},{"taxonomy":"post_tag","embeddable":true,"href":"https:\/\/www.europesays.com\/fr\/wp-json\/wp\/v2\/tags?post=643921"}],"curies":[{"name":"wp","href":"https:\/\/api.w.org\/{rel}","templated":true}]}}