{"id":643929,"date":"2026-01-06T03:39:30","date_gmt":"2026-01-06T03:39:30","guid":{"rendered":"https:\/\/www.europesays.com\/fr\/643929\/"},"modified":"2026-01-06T03:39:30","modified_gmt":"2026-01-06T03:39:30","slug":"un-studio-de-42m2-inspire-par-lunivers-colore-de-wes-anderson","status":"publish","type":"post","link":"https:\/\/www.europesays.com\/fr\/643929\/","title":{"rendered":"Un studio de 42m2 inspir\u00e9 par l\u2019univers color\u00e9 de Wes Anderson"},"content":{"rendered":"<p>Dans ce studio de 42m2, la couleur est un partenaire quotidien. Le projet r\u00e9unit la designer <a href=\"https:\/\/www.houzz.com\/professionals\/interior-designers-and-decorators\/poleshchuk-evgeniya-pfvwus-pf~92470137\" target=\"_blank\" rel=\"noopener\">Evgenia Poleshchuk<\/a> et la galeriste Daria Sabelnikova autour d\u2019une vision artistique volontairement originale. Situ\u00e9 en centre-ville, l\u2019appartement adopte une organisation simple, pens\u00e9e pour recevoir, exposer, et vivre entour\u00e9e d\u2019\u0153uvres. La pi\u00e8ce initiale, \u00e9troite et traversante, pr\u00e9sentait deux fen\u00eatres align\u00e9es et une distribution tr\u00e8s classique. La designer a ferm\u00e9 un dressing et une salle de bain, lib\u00e9rant un vaste espace organis\u00e9 par zones. L\u2019inspiration provient des films \u00ab\u00a0<a href=\"https:\/\/fr.wikipedia.org\/wiki\/The_Grand_Budapest_Hotel\" target=\"_blank\" rel=\"noopener\">The Grand Budapest Hotel<\/a>\u00a0\u00bb et \u00ab\u00a0<a href=\"https:\/\/fr.wikipedia.org\/wiki\/La_Famille_Tenenbaum\" target=\"_blank\" rel=\"noopener\">The Royal Tenenbaums<\/a>\u00a0\u00bb de Wes Anderson, c\u00e9l\u00e8bres pour leurs palettes audacieuses. Une peinture g\u00e9om\u00e9trique structure l\u2019espace nuit, trait\u00e9e en bleu p\u00e2le et terracotta, plafond compris. Ce choix chromatique cr\u00e9e une atmosph\u00e8re graphique, presque sc\u00e9nographi\u00e9e.<\/p>\n<p>La <a href=\"https:\/\/planete-deco.fr\/2025\/12\/04\/les-4-styles-pour-la-chambre-2026-chez-maisons-du-monde\/\" target=\"_blank\" rel=\"noopener\">chambre<\/a> dispara\u00eet derri\u00e8re un rideau, si on le souhaite. Le mobilier privil\u00e9gie la convivialit\u00e9, notamment autour d\u2019une grande table centrale accueillant d\u00eeners et discussions. La <a href=\"https:\/\/planete-deco.fr\/2025\/10\/08\/une-cuisine-ikea-lerhyttan-et-son-garde-manger-trop-pratique\/\" target=\"_blank\" rel=\"noopener\">cuisine IKEA<\/a> vert fonc\u00e9 dialogue avec des murs rose poudr\u00e9, apportant contraste et douceur. La propri\u00e9taire collabore \u00e9troitement avec de jeunes artistes, transformant r\u00e9guli\u00e8rement l\u2019appartement en lieu d\u2019exposition. Les murs servent d\u2019\u00e9crin \u00e0 une collection \u00e9volutive d&rsquo;oeuvres. Le blanc a \u00e9t\u00e9 volontairement \u00e9vit\u00e9, jug\u00e9 trop neutre pour r\u00e9v\u00e9ler les \u0153uvres pr\u00e9sent\u00e9es. \u00c0 la place, une combinaison de nuances soutient chaque pi\u00e8ce expos\u00e9e, sans jamais la dominer. Des objets vintage renforcent cette identit\u00e9 singuli\u00e8re, comme une commode chin\u00e9e en ligne, des vases anciens, une lampe de table graphique. Une statuette en bois d\u00e9nich\u00e9e sur un march\u00e9 aux puces belge ajoute une touche unique \u00e0 ce studio de 42m2. Photo: Olga Melekestseva<\/p>\n<p>A 42m2 studio inspired by the colourful world of Wes Anderson<br \/>In this 42m2 studio, colour is a daily companion. The project brings together designer Evgenia Poleshchuk and gallery owner Daria Sabelnikova around a deliberately original artistic vision. Located in the city centre, the flat has a simple layout, designed for entertaining, exhibiting and living surrounded by works of art. Its original room, narrow and double-sided, had two windows in a row and a very classic layout. The designer closed off a dressing room and bathroom, freeing up a large space organised into zones. The inspiration comes from Wes Anderson&rsquo;s films \u2018The Grand Budapest Hotel\u2019 and \u2018The Royal Tenenbaums\u2019, famous for their bold colour palettes. A geometric painting structures the night area, treated in pale blue and terracotta, including the ceiling. This colour choice creates a graphic, almost theatrical atmosphere.<\/p>\n<p>The bedroom disappears behind a curtain, if desired. The furniture favours conviviality, particularly around a large central table for dinners and discussions. Its dark green IKEA kitchen contrasts with the powder pink walls, creating a sense of contrast and softness. The owner works closely with young artists, regularly transforming the flat into an exhibition space. The walls serve as a backdrop for an evolving collection of works. White was deliberately avoided, as it was considered too neutral to showcase the works on display. Instead, a combination of shades supports each piece on display, without ever dominating it. Vintage objects reinforce this unique identity, such as a chest of drawers found online, antique vases and a graphic table lamp. A wooden statuette unearthed at a Belgian flea market adds a unique touch to this 42m2 studio. Photo: Olga Melekestseva<\/p>\n<p><a href=\"https:\/\/www.europesays.com\/fr\/wp-content\/uploads\/2026\/01\/ev1.webp.webp\"><img decoding=\"async\" loading=\"lazy\" class=\"alignnone wp-image-478307 size-full\" src=\"https:\/\/www.europesays.com\/fr\/wp-content\/uploads\/2026\/01\/ev1.webp.webp\" alt=\"salon studio 42m2 vintage et color\u00e9\" width=\"1000\" height=\"667\"  \/><a class=\"pin-btn\" data-pin-custom=\"true\" href=\"https:\/\/pinterest.com\/pin\/create\/button\/?url=https:\/\/planete-deco.fr\/2026\/01\/05\/un-studio-de-42m2-inspire-par-lunivers-colore-de-wes-anderson\/&amp;media=https:\/\/www.europesays.com\/fr\/wp-content\/uploads\/2026\/01\/ev1.webp.webp&amp;description=Dans ce studio de 42m2, la couleur est un partenaire quotidien. Le projet r\u00e9unit la designer Evgenia Poleshchuk et la galeriste Daria Sabelnikova autour d\u2019une vision artistique\u2026\" target=\"_blank\" title=\"Share on Pinterest\"><img decoding=\"async\" src=\"https:\/\/www.europesays.com\/fr\/wp-content\/uploads\/2025\/05\/share_pinterest.png\" alt=\"Share on Pinterest\"\/><\/a><br \/>\n<\/a><\/p>\n<p><a href=\"https:\/\/planete-deco.fr\/wp-content\/uploads\/2025\/11\/EV2.webp\" target=\"_blank\" rel=\"noopener\"><img decoding=\"async\" loading=\"lazy\" class=\"alignnone wp-image-478308 size-full\" src=\"https:\/\/www.europesays.com\/fr\/wp-content\/uploads\/2026\/01\/EV2-1536x1025.webp.webp\" alt=\"salle \u00e0 manger studio 42m2 vintage et color\u00e9\" width=\"1536\" height=\"1025\"  \/><a class=\"pin-btn\" data-pin-custom=\"true\" href=\"https:\/\/pinterest.com\/pin\/create\/button\/?url=https:\/\/planete-deco.fr\/2026\/01\/05\/un-studio-de-42m2-inspire-par-lunivers-colore-de-wes-anderson\/&amp;media=https:\/\/planete-deco.fr\/wp-content\/uploads\/2025\/11\/EV2.webp&amp;description=Dans ce studio de 42m2, la couleur est un partenaire quotidien. Le projet r\u00e9unit la designer Evgenia Poleshchuk et la galeriste Daria Sabelnikova autour d\u2019une vision artistique\u2026\" target=\"_blank\" title=\"Share on Pinterest\" rel=\"noopener\"><img decoding=\"async\" src=\"https:\/\/www.europesays.com\/fr\/wp-content\/uploads\/2025\/05\/share_pinterest.png\" alt=\"Share on Pinterest\"\/><\/a><br \/>\n<\/a><\/p>\n<p><a href=\"https:\/\/www.europesays.com\/fr\/wp-content\/uploads\/2026\/01\/EV3.webp.webp\"><img decoding=\"async\" loading=\"lazy\" class=\"alignnone wp-image-478309 size-full\" src=\"https:\/\/www.europesays.com\/fr\/wp-content\/uploads\/2026\/01\/EV3.webp.webp\" alt=\"cuisine IKEA verte studio 42m2 vintage et color\u00e9\" width=\"880\" height=\"1100\"  \/><a class=\"pin-btn\" data-pin-custom=\"true\" href=\"https:\/\/pinterest.com\/pin\/create\/button\/?url=https:\/\/planete-deco.fr\/2026\/01\/05\/un-studio-de-42m2-inspire-par-lunivers-colore-de-wes-anderson\/&amp;media=https:\/\/www.europesays.com\/fr\/wp-content\/uploads\/2026\/01\/EV3.webp.webp&amp;description=Dans ce studio de 42m2, la couleur est un partenaire quotidien. Le projet r\u00e9unit la designer Evgenia Poleshchuk et la galeriste Daria Sabelnikova autour d\u2019une vision artistique\u2026\" target=\"_blank\" title=\"Share on Pinterest\"><img decoding=\"async\" src=\"https:\/\/www.europesays.com\/fr\/wp-content\/uploads\/2025\/05\/share_pinterest.png\" alt=\"Share on Pinterest\"\/><\/a><br \/>\n<\/a><\/p>\n<p><a href=\"https:\/\/www.europesays.com\/fr\/wp-content\/uploads\/2026\/01\/EV4.webp.webp\"><img decoding=\"async\" loading=\"lazy\" class=\"alignnone wp-image-478310 size-full\" src=\"https:\/\/www.europesays.com\/fr\/wp-content\/uploads\/2026\/01\/EV4.webp.webp\" alt=\"salle \u00e0 manger studio 42m2 vintage et color\u00e9\" width=\"880\" height=\"1100\"  \/><a class=\"pin-btn\" data-pin-custom=\"true\" href=\"https:\/\/pinterest.com\/pin\/create\/button\/?url=https:\/\/planete-deco.fr\/2026\/01\/05\/un-studio-de-42m2-inspire-par-lunivers-colore-de-wes-anderson\/&amp;media=https:\/\/www.europesays.com\/fr\/wp-content\/uploads\/2026\/01\/EV4.webp.webp&amp;description=Dans ce studio de 42m2, la couleur est un partenaire quotidien. Le projet r\u00e9unit la designer Evgenia Poleshchuk et la galeriste Daria Sabelnikova autour d\u2019une vision artistique\u2026\" target=\"_blank\" title=\"Share on Pinterest\"><img decoding=\"async\" src=\"https:\/\/www.europesays.com\/fr\/wp-content\/uploads\/2025\/05\/share_pinterest.png\" alt=\"Share on Pinterest\"\/><\/a><br \/>\n<\/a><\/p>\n<p><a href=\"https:\/\/www.europesays.com\/fr\/wp-content\/uploads\/2026\/01\/EV5.webp.webp\"><img decoding=\"async\" loading=\"lazy\" class=\"alignnone wp-image-478311 size-full\" src=\"https:\/\/www.europesays.com\/fr\/wp-content\/uploads\/2026\/01\/EV5.webp.webp\" alt=\"salon studio 42m2 vintage et color\u00e9\" width=\"880\" height=\"1100\"  \/><a class=\"pin-btn\" data-pin-custom=\"true\" href=\"https:\/\/pinterest.com\/pin\/create\/button\/?url=https:\/\/planete-deco.fr\/2026\/01\/05\/un-studio-de-42m2-inspire-par-lunivers-colore-de-wes-anderson\/&amp;media=https:\/\/www.europesays.com\/fr\/wp-content\/uploads\/2026\/01\/EV5.webp.webp&amp;description=Dans ce studio de 42m2, la couleur est un partenaire quotidien. Le projet r\u00e9unit la designer Evgenia Poleshchuk et la galeriste Daria Sabelnikova autour d\u2019une vision artistique\u2026\" target=\"_blank\" title=\"Share on Pinterest\"><img decoding=\"async\" src=\"https:\/\/www.europesays.com\/fr\/wp-content\/uploads\/2025\/05\/share_pinterest.png\" alt=\"Share on Pinterest\"\/><\/a><br \/>\n<\/a><\/p>\n<p><a href=\"https:\/\/planete-deco.fr\/wp-content\/uploads\/2025\/11\/EV6.webp\" target=\"_blank\" rel=\"noopener\"><img decoding=\"async\" loading=\"lazy\" class=\"alignnone wp-image-478312 size-full\" src=\"https:\/\/www.europesays.com\/fr\/wp-content\/uploads\/2026\/01\/EV6-1536x1025.webp.webp\" alt=\"espace chambre avec rideau studio 42m2 vintage et color\u00e9\" width=\"1536\" height=\"1025\"  \/><a class=\"pin-btn\" data-pin-custom=\"true\" href=\"https:\/\/pinterest.com\/pin\/create\/button\/?url=https:\/\/planete-deco.fr\/2026\/01\/05\/un-studio-de-42m2-inspire-par-lunivers-colore-de-wes-anderson\/&amp;media=https:\/\/planete-deco.fr\/wp-content\/uploads\/2025\/11\/EV6.webp&amp;description=Dans ce studio de 42m2, la couleur est un partenaire quotidien. Le projet r\u00e9unit la designer Evgenia Poleshchuk et la galeriste Daria Sabelnikova autour d\u2019une vision artistique\u2026\" target=\"_blank\" title=\"Share on Pinterest\" rel=\"noopener\"><img decoding=\"async\" src=\"https:\/\/www.europesays.com\/fr\/wp-content\/uploads\/2025\/05\/share_pinterest.png\" alt=\"Share on Pinterest\"\/><\/a><br \/>\n<\/a><\/p>\n<p><a href=\"https:\/\/www.europesays.com\/fr\/wp-content\/uploads\/2026\/01\/EV7.webp.webp\"><img decoding=\"async\" loading=\"lazy\" class=\"alignnone wp-image-478313 size-full\" src=\"https:\/\/www.europesays.com\/fr\/wp-content\/uploads\/2026\/01\/EV7.webp.webp\" alt=\"salle de bain carrelage blanc joints jaunes studio 42m2 vintage et color\u00e9\" width=\"880\" height=\"1100\"  \/><a class=\"pin-btn\" data-pin-custom=\"true\" href=\"https:\/\/pinterest.com\/pin\/create\/button\/?url=https:\/\/planete-deco.fr\/2026\/01\/05\/un-studio-de-42m2-inspire-par-lunivers-colore-de-wes-anderson\/&amp;media=https:\/\/www.europesays.com\/fr\/wp-content\/uploads\/2026\/01\/EV7.webp.webp&amp;description=Dans ce studio de 42m2, la couleur est un partenaire quotidien. Le projet r\u00e9unit la designer Evgenia Poleshchuk et la galeriste Daria Sabelnikova autour d\u2019une vision artistique\u2026\" target=\"_blank\" title=\"Share on Pinterest\"><img decoding=\"async\" src=\"https:\/\/www.europesays.com\/fr\/wp-content\/uploads\/2025\/05\/share_pinterest.png\" alt=\"Share on Pinterest\"\/><\/a><br \/>\n<\/a><\/p>\n<p><a href=\"https:\/\/www.europesays.com\/fr\/wp-content\/uploads\/2026\/01\/EV8.webp.webp\"><img decoding=\"async\" loading=\"lazy\" class=\"alignnone wp-image-478314 size-full\" src=\"https:\/\/www.europesays.com\/fr\/wp-content\/uploads\/2026\/01\/EV8.webp.webp\" alt=\"salle de bain carrelage blanc joints jaunes studio 42m2 vintage et color\u00e9\" width=\"880\" height=\"1100\"  \/><a class=\"pin-btn\" data-pin-custom=\"true\" href=\"https:\/\/pinterest.com\/pin\/create\/button\/?url=https:\/\/planete-deco.fr\/2026\/01\/05\/un-studio-de-42m2-inspire-par-lunivers-colore-de-wes-anderson\/&amp;media=https:\/\/www.europesays.com\/fr\/wp-content\/uploads\/2026\/01\/EV8.webp.webp&amp;description=Dans ce studio de 42m2, la couleur est un partenaire quotidien. Le projet r\u00e9unit la designer Evgenia Poleshchuk et la galeriste Daria Sabelnikova autour d\u2019une vision artistique\u2026\" target=\"_blank\" title=\"Share on Pinterest\"><img decoding=\"async\" src=\"https:\/\/www.europesays.com\/fr\/wp-content\/uploads\/2025\/05\/share_pinterest.png\" alt=\"Share on Pinterest\"\/><\/a><br \/>\n<\/a><\/p>\n<p><a href=\"https:\/\/www.europesays.com\/fr\/wp-content\/uploads\/2026\/01\/EV9.webp.webp\"><img decoding=\"async\" loading=\"lazy\" class=\"alignnone wp-image-478315 size-full\" src=\"https:\/\/www.europesays.com\/fr\/wp-content\/uploads\/2026\/01\/EV9.webp.webp\" alt=\"plan studio 42m2 vintage et color\u00e9\" width=\"1000\" height=\"707\"  \/><a class=\"pin-btn\" data-pin-custom=\"true\" href=\"https:\/\/pinterest.com\/pin\/create\/button\/?url=https:\/\/planete-deco.fr\/2026\/01\/05\/un-studio-de-42m2-inspire-par-lunivers-colore-de-wes-anderson\/&amp;media=https:\/\/www.europesays.com\/fr\/wp-content\/uploads\/2026\/01\/EV9.webp.webp&amp;description=Dans ce studio de 42m2, la couleur est un partenaire quotidien. Le projet r\u00e9unit la designer Evgenia Poleshchuk et la galeriste Daria Sabelnikova autour d\u2019une vision artistique\u2026\" target=\"_blank\" title=\"Share on Pinterest\"><img decoding=\"async\" src=\"https:\/\/www.europesays.com\/fr\/wp-content\/uploads\/2025\/05\/share_pinterest.png\" alt=\"Share on Pinterest\"\/><\/a><br \/>\n<\/a><\/p>\n<p>Source : <a href=\"https:\/\/mebel.kz\/\" target=\"_blank\" rel=\"noopener\">Mebel.kz<\/a><\/p>\n<p>Shop the look !<br \/><a class=\"shopify\" href=\"https:\/\/shop.planete-deco.fr\/products\/vesgantti-petit-canape-2-places-confortable-en-lin-pour-salon-et-chambre-a-coucher-bleu\" target=\"_blank\" rel=\"noopener\"><img decoding=\"async\" loading=\"lazy\" class=\"shopify alignnone\" src=\"https:\/\/www.europesays.com\/fr\/wp-content\/uploads\/2026\/01\/81pjadrpG9L_720x.jpg\" alt=\"Vesgantti Petit canap\u00e9 2 places confortable en lin pour salon et chambre \u00e0 coucher Bleu\" width=\"720\" height=\"720\" \/><\/a><a class=\"shopify\" href=\"https:\/\/shop.planete-deco.fr\/products\/akboy-bras-long-applique-murale-vintage-industrielle-spots-muraux-avec-interrupteur-tete-reglable-rotatif-e27-2-lampe-murale-interieur-eclairage-mural-metal-eclairage-de-chambre-a-coucher-180-118cm\" target=\"_blank\" rel=\"noopener\"><img decoding=\"async\" loading=\"lazy\" class=\"shopify alignnone\" src=\"https:\/\/www.europesays.com\/fr\/wp-content\/uploads\/2026\/01\/51apKv5Tt_L_720x.jpg\" alt=\"AKBOY Bras Long Applique Murale Vintage Industrielle Spots Muraux avec Interrupteur T\u00eate R\u00e9glable Rotatif E27*2 Lampe Murale Int\u00e9rieur Eclairage Mural M\u00e9tal \u00c9clairage De Chambre \u00c0 Coucher,180 * 118cm\" width=\"720\" height=\"720\" \/><\/a><a class=\"shopify\" href=\"https:\/\/shop.planete-deco.fr\/products\/chairus-banc-ottoman-de-rotin-banquette-entree-chaussures-banc-de-salle-a-manger-en-bois-jaune\" target=\"_blank\" rel=\"noopener\"><img decoding=\"async\" loading=\"lazy\" class=\"shopify alignnone\" src=\"https:\/\/www.europesays.com\/fr\/wp-content\/uploads\/2026\/01\/81neZAE2tqL_720x.jpg\" alt=\"chairus Banc Ottoman de Rotin Banquette Entr\u00e9e Chaussures Banc de Salle \u00e0 Manger en Bois (Jaune)\" width=\"720\" height=\"585\" \/><\/a><a class=\"shopify\" href=\"https:\/\/shop.planete-deco.fr\/products\/tectake%C2%AE-fauteuil-relax-fauteuil-salon-confortable-en-bois-massif-cannage-avec-coussins-accoudoirs-pour-salle-a-manger-salon-chambre-chaise-bureau-allaitement-tv-1\" target=\"_blank\" rel=\"noopener\"><img decoding=\"async\" loading=\"lazy\" class=\"shopify alignnone\" src=\"https:\/\/www.europesays.com\/fr\/wp-content\/uploads\/2026\/01\/61UhRea68pL_720x.jpg\" alt=\"TecTake\u00ae Fauteuil Relax Fauteuil Salon Confortable en Bois Massif &amp; Cannage, avec Coussins &amp; Accoudoirs pour Salle \u00e0 Manger, Salon, Chambre, Chaise Bureau, Allaitement, TV\" width=\"720\" height=\"720\" \/><\/a><br \/>Livres<br \/><a class=\"shopify\" href=\"https:\/\/shop.planete-deco.fr\/products\/never-too-small-reinventing-small-space-living\" target=\"_blank\" rel=\"noopener\"><img decoding=\"async\" loading=\"lazy\" class=\"shopify alignnone\" src=\"https:\/\/www.europesays.com\/fr\/wp-content\/uploads\/2026\/01\/51mEtJZxPqL_720x.jpg\" alt=\"Never Too Small: Reinventing Small Space Living\" width=\"422\" height=\"500\" \/><\/a><a class=\"shopify\" href=\"https:\/\/shop.planete-deco.fr\/products\/petits-espaces-amenager-et-valoriser-son-interieur\" target=\"_blank\" rel=\"noopener\"><img decoding=\"async\" loading=\"lazy\" class=\"shopify alignnone\" src=\"https:\/\/www.europesays.com\/fr\/wp-content\/uploads\/2026\/01\/51p3pMsS07L_720x.jpg\" alt=\"Petits espaces : Am\u00e9nager et valoriser son int\u00e9rieur\" width=\"403\" height=\"500\" \/><\/a><a class=\"shopify\" href=\"https:\/\/shop.planete-deco.fr\/products\/un-interieur-a-soi\" target=\"_blank\" rel=\"noopener\"><img decoding=\"async\" loading=\"lazy\" class=\"shopify alignnone\" src=\"https:\/\/www.europesays.com\/fr\/wp-content\/uploads\/2025\/12\/51eYb37ZupL_720x.jpg\" alt=\"Un int\u00e9rieur \u00e0 soi\" width=\"389\" height=\"500\" \/><\/a><a class=\"shopify\" href=\"https:\/\/shop.planete-deco.fr\/collections\/livres\/products\/interieurs-chaleureux-la-magie-de-la-couleur\" target=\"_blank\" rel=\"noopener\"><img decoding=\"async\" loading=\"lazy\" class=\"shopify alignnone\" src=\"https:\/\/www.europesays.com\/fr\/wp-content\/uploads\/2025\/12\/61YtmfsZkWL_720x.jpg\" alt=\"Int\u00e9rieurs chaleureux - La magie de la couleur\" width=\"720\" height=\"968\" \/><\/a><\/p>\n","protected":false},"excerpt":{"rendered":"Dans ce studio de 42m2, la couleur est un partenaire quotidien. Le projet r\u00e9unit la designer Evgenia Poleshchuk&hellip;\n","protected":false},"author":2,"featured_media":643930,"comment_status":"","ping_status":"","sticky":false,"template":"","format":"standard","meta":{"footnotes":""},"categories":[1358],"tags":[1348,1384,1385,1386,58,59,1011,27],"class_list":{"0":"post-643929","1":"post","2":"type-post","3":"status-publish","4":"format-standard","5":"has-post-thumbnail","7":"category-arts-et-design","8":"tag-arts","9":"tag-arts-and-design","10":"tag-arts-et-design","11":"tag-design","12":"tag-divertissement","13":"tag-entertainment","14":"tag-fr","15":"tag-france"},"share_on_mastodon":{"url":"https:\/\/pubeurope.com\/@fr\/115846078758179144","error":""},"_links":{"self":[{"href":"https:\/\/www.europesays.com\/fr\/wp-json\/wp\/v2\/posts\/643929","targetHints":{"allow":["GET"]}}],"collection":[{"href":"https:\/\/www.europesays.com\/fr\/wp-json\/wp\/v2\/posts"}],"about":[{"href":"https:\/\/www.europesays.com\/fr\/wp-json\/wp\/v2\/types\/post"}],"author":[{"embeddable":true,"href":"https:\/\/www.europesays.com\/fr\/wp-json\/wp\/v2\/users\/2"}],"replies":[{"embeddable":true,"href":"https:\/\/www.europesays.com\/fr\/wp-json\/wp\/v2\/comments?post=643929"}],"version-history":[{"count":0,"href":"https:\/\/www.europesays.com\/fr\/wp-json\/wp\/v2\/posts\/643929\/revisions"}],"wp:featuredmedia":[{"embeddable":true,"href":"https:\/\/www.europesays.com\/fr\/wp-json\/wp\/v2\/media\/643930"}],"wp:attachment":[{"href":"https:\/\/www.europesays.com\/fr\/wp-json\/wp\/v2\/media?parent=643929"}],"wp:term":[{"taxonomy":"category","embeddable":true,"href":"https:\/\/www.europesays.com\/fr\/wp-json\/wp\/v2\/categories?post=643929"},{"taxonomy":"post_tag","embeddable":true,"href":"https:\/\/www.europesays.com\/fr\/wp-json\/wp\/v2\/tags?post=643929"}],"curies":[{"name":"wp","href":"https:\/\/api.w.org\/{rel}","templated":true}]}}