{"id":643933,"date":"2026-01-06T03:42:12","date_gmt":"2026-01-06T03:42:12","guid":{"rendered":"https:\/\/www.europesays.com\/fr\/643933\/"},"modified":"2026-01-06T03:42:12","modified_gmt":"2026-01-06T03:42:12","slug":"daniel-belanger-a-pris-le-rem-pour-la-premiere-fois","status":"publish","type":"post","link":"https:\/\/www.europesays.com\/fr\/643933\/","title":{"rendered":"Daniel B\u00e9langer a pris le REM pour la premi\u00e8re fois"},"content":{"rendered":"<p><strong>\u00ab Tu m&rsquo;demandes comment j&rsquo;vais<\/strong><br \/><strong>Je vais en REM \u00bb<\/strong><\/p>\n<p class=\"toreadalso-fromEMP\"><strong>\u2022 \u00c0 lire aussi: <\/strong><a href=\"https:\/\/www.lesacdechips.com\/2026\/01\/05\/olivier-primeau-annonce-quil-va-essayer-detre-plus-positif-dans-son-chialage-sur-facebook\" target=\"da59a521-89da-4e57-818f-069a974129fb\" rel=\"noopener\"><strong>Olivier Primeau annonce qu\u2019il va essayer d&rsquo;\u00eatre plus positif dans son chialage sur Facebook<\/strong><\/a><\/p>\n<p>L\u2019auteur-compositeur-interpr\u00e8te Daniel B\u00e9langer a d\u00e9but\u00e9 la nouvelle ann\u00e9e en force.<\/p>\n<p>\n        \u00c9coutez notre podcast!<\/p>\n<p>En prenant le REM.<\/p>\n<p>C\u2019est ce qu\u2019il a partag\u00e9 dans une story sur Instagram.<\/p>\n<p>\t<a data-fancybox=\"photo\" data-type=\"image\" href=\"https:\/\/www.europesays.com\/fr\/wp-content\/uploads\/2026\/01\/Capture_d_e_cran_le_2026_01_05_a_17.36.20dd201451-8e9f-4533-8cda-a2ca22166dee_ORIGINAL.jpg\"><\/p>\n<p>            <img decoding=\"async\" class=\"lazyload\" src=\"https:\/\/www.europesays.com\/fr\/wp-content\/uploads\/2026\/01\/Capture_d_e_cran_le_2026_01_05_a_17.36.20dd201451-8e9f-4533-8cda-a2ca22166dee_ORIGINAL.jpg\" alt=\"\"\/><\/p>\n<p>\t<\/a><\/p>\n<p>Toutefois, il n\u2019a pas pr\u00e9cis\u00e9 o\u00f9 il se rendait.<\/p>\n<p>Bonne ann\u00e9e Daniel!<\/p>\n","protected":false},"excerpt":{"rendered":"\u00ab Tu m&rsquo;demandes comment j&rsquo;vaisJe vais en REM \u00bb \u2022 \u00c0 lire aussi: Olivier Primeau annonce qu\u2019il va&hellip;\n","protected":false},"author":2,"featured_media":643934,"comment_status":"","ping_status":"","sticky":false,"template":"","format":"standard","meta":{"footnotes":""},"categories":[1355],"tags":[58,59,1011,27,1361,873],"class_list":{"0":"post-643933","1":"post","2":"type-post","3":"status-publish","4":"format-standard","5":"has-post-thumbnail","7":"category-musique","8":"tag-divertissement","9":"tag-entertainment","10":"tag-fr","11":"tag-france","12":"tag-music","13":"tag-musique"},"share_on_mastodon":{"url":"https:\/\/pubeurope.com\/@fr\/115846089580537659","error":""},"_links":{"self":[{"href":"https:\/\/www.europesays.com\/fr\/wp-json\/wp\/v2\/posts\/643933","targetHints":{"allow":["GET"]}}],"collection":[{"href":"https:\/\/www.europesays.com\/fr\/wp-json\/wp\/v2\/posts"}],"about":[{"href":"https:\/\/www.europesays.com\/fr\/wp-json\/wp\/v2\/types\/post"}],"author":[{"embeddable":true,"href":"https:\/\/www.europesays.com\/fr\/wp-json\/wp\/v2\/users\/2"}],"replies":[{"embeddable":true,"href":"https:\/\/www.europesays.com\/fr\/wp-json\/wp\/v2\/comments?post=643933"}],"version-history":[{"count":0,"href":"https:\/\/www.europesays.com\/fr\/wp-json\/wp\/v2\/posts\/643933\/revisions"}],"wp:featuredmedia":[{"embeddable":true,"href":"https:\/\/www.europesays.com\/fr\/wp-json\/wp\/v2\/media\/643934"}],"wp:attachment":[{"href":"https:\/\/www.europesays.com\/fr\/wp-json\/wp\/v2\/media?parent=643933"}],"wp:term":[{"taxonomy":"category","embeddable":true,"href":"https:\/\/www.europesays.com\/fr\/wp-json\/wp\/v2\/categories?post=643933"},{"taxonomy":"post_tag","embeddable":true,"href":"https:\/\/www.europesays.com\/fr\/wp-json\/wp\/v2\/tags?post=643933"}],"curies":[{"name":"wp","href":"https:\/\/api.w.org\/{rel}","templated":true}]}}