{"id":643935,"date":"2026-01-06T03:43:12","date_gmt":"2026-01-06T03:43:12","guid":{"rendered":"https:\/\/www.europesays.com\/fr\/643935\/"},"modified":"2026-01-06T03:43:12","modified_gmt":"2026-01-06T03:43:12","slug":"cest-quoi-cette-serie-qui-combat-le-declin-des-films-de-super-heros","status":"publish","type":"post","link":"https:\/\/www.europesays.com\/fr\/643935\/","title":{"rendered":"c&rsquo;est quoi cette s\u00e9rie \u00ab\u00a0qui combat le d\u00e9clin des films de super-h\u00e9ros\u00a0\u00bb ?"},"content":{"rendered":"<p>\u00c0 chaque nouvelle s\u00e9rie Marvel qui d\u00e9barque sur Disney+, les fans ont envie de croire que cette fois-ci\u00a0: c\u2019est la bonne. Ce souhait a malheureusement \u00e9t\u00e9 exauc\u00e9 que trop peu de fois, mais avec <a href=\"https:\/\/www.journaldugeek.com\/2025\/11\/06\/wonder-man-cest-la-serie-marvel-qui-va-tout-changer\/\" target=\"_blank\" rel=\"noopener\">Wonder Man, on a v\u00e9ritablement envie d\u2019y croire.<\/a> Depuis ses premiers teasers, le nouveau projet t\u00e9l\u00e9vis\u00e9 de la Maison des Id\u00e9es transpire la fra\u00eecheur et le renouveau. \u00c0 force de s\u2019\u00eatre pris trop au s\u00e9rieux, ou parfois pas assez (oui Thor\u00a0: Love and Thunder, c\u2019est de toi qu\u2019on parle) le studio s\u2019essaye \u00e0 un nouveau genre de production. \u00c0 mi-chemin entre le r\u00e9cit initiatique et la com\u00e9die (sans pour autant reproduire le ton employ\u00e9 dans She Hulk) Wonder Man nous raconte l\u2019histoire d\u2019un certain Simon Williams qui, malgr\u00e9 ses super pouvoirs, cherche \u00e0 devenir une star d\u2019Hollywood.<\/p>\n<p>Et c\u2019est alors que l\u2019opportunit\u00e9 d\u2019une vie s\u2019offre \u00e0 lui. Lorsque qu\u2019un r\u00e9alisateur oscaris\u00e9 cherche \u00e0 rebooter Wonder Man, le film de super h\u00e9ros de son enfance, Simon sait qu\u2019il doit tout faire pour obtenir le r\u00f4le\u2026 m\u00eame si cela implique de briser quelques r\u00e8gles en mentant sur son identit\u00e9. Puisque le casting est interdit aux individus dot\u00e9s de capacit\u00e9s am\u00e9lior\u00e9es ou de pouvoirs, le pauvre protagoniste va se retrouver \u00e0 jongler entre ses vies de star et de super-h\u00e9ros\u00a0: ce qui n\u2019a rien d\u2019une partie de plaisir.<\/p>\n<p>    <a href=\"https:\/\/www.youtube.com\/user\/JournalduGeek?sub_confirmation=1\" target=\"_blank\" rel=\"nofollow noopener\"><br \/>\n        S&rsquo;abonner \u00e0 Journal du Geek<br \/>\n    <\/a> Une approche inattendue au genre pour briser la mal\u00e9diction Marvel <\/p>\n<p>Avec Wonder Man, l\u2019ambition du studio est claire\u00a0: cette s\u00e9rie doit mettre un terme au d\u00e9clin des productions Marvel. Cet objectif est d\u2019ailleurs loin d\u2019\u00eatre cach\u00e9, puisqu\u2019il s\u2019agit d\u2019un \u00e9l\u00e9ment sc\u00e9naristique \u00e9galement mis en avant dans la s\u00e9rie, comme nous le montre le dernier trailer. \u201cLui, c\u2019est Von Kovak. Un r\u00e9alisateur qui cherche \u00e0 mettre fin au d\u00e9clin des films de super-h\u00e9ros\u201d peut-on lire dans les extraits diffus\u00e9s le week-end dernier. Il ne faut pas \u00eatre un expert pour y voir l\u00e0 un savant clin d\u2019\u0153il aux derni\u00e8res ann\u00e9es difficiles du studio.<\/p>\n<p>Mais se la jouer m\u00e9ta suffira-t-il \u00e0 faire table rase du pass\u00e9\u00a0? Pour \u00e7a, il faudra attendre de d\u00e9couvrir la s\u00e9rie lorsque<strong> les huit \u00e9pisodes atterriront le m\u00eame jour, d\u00e8s le 28 janvier prochain.<\/strong> Pour l\u2019heure, les nouveaux passages diffus\u00e9s dans la bande-annonce renforcent les bonnes impressions que l\u2019on avait jusqu\u2019\u00e0 pr\u00e9sent. La s\u00e9rie promet de proposer un parfait m\u00e9lange entre com\u00e9die, drame et action. Car comme le laisse entendre la description du trailer, m\u00eame si Simon cherche tant bien que mal \u00e0 cacher ses pouvoirs, \u201csous les projecteurs, rien ne reste cach\u00e9\u2026\u201c<\/p>\n<blockquote style=\"border:1px solid #971048;border-radius:8px;\">\n<p class=\"text-base text-neutral-700 dark:text-neutral-300\" style=\"color:grey;\">\ud83d\udfe3 Pour ne manquer aucune news sur le Journal du Geek, <a href=\"https:\/\/profile.google.com\/cp\/CgwvZy8xejJ2N182c2MaHmh0dHBzOi8vd3d3LmpvdXJuYWxkdWdlZWsuY29tLw==?pf=6\" target=\"_blank\" rel=\"noopener\">suivez-nous sur Google<\/a> et sur notre canal <a href=\"https:\/\/whatsapp.com\/channel\/0029VaClM5y4tRry12tb7D2h\" target=\"_blank\" rel=\"noopener\">WhatsApp<\/a>. Et si vous nous adorez, on a <a href=\"https:\/\/www.journaldugeek.com\/newsletter\/\" target=\"_blank\" rel=\"noopener\">une newsletter tous les matins<\/a>.<\/p>\n<\/blockquote>\n","protected":false},"excerpt":{"rendered":"\u00c0 chaque nouvelle s\u00e9rie Marvel qui d\u00e9barque sur Disney+, les fans ont envie de croire que cette fois-ci\u00a0:&hellip;\n","protected":false},"author":2,"featured_media":643936,"comment_status":"","ping_status":"","sticky":false,"template":"","format":"standard","meta":{"footnotes":""},"categories":[1354],"tags":[14498,520,58,59,1346,1011,27,2135,1360,58327],"class_list":{"0":"post-643935","1":"post","2":"type-post","3":"status-publish","4":"format-standard","5":"has-post-thumbnail","7":"category-films","8":"tag-catalogue-disney","9":"tag-disney","10":"tag-divertissement","11":"tag-entertainment","12":"tag-films","13":"tag-fr","14":"tag-france","15":"tag-marvel","16":"tag-movies","17":"tag-wonder-man"},"share_on_mastodon":{"url":"https:\/\/pubeurope.com\/@fr\/115846093382112940","error":""},"_links":{"self":[{"href":"https:\/\/www.europesays.com\/fr\/wp-json\/wp\/v2\/posts\/643935","targetHints":{"allow":["GET"]}}],"collection":[{"href":"https:\/\/www.europesays.com\/fr\/wp-json\/wp\/v2\/posts"}],"about":[{"href":"https:\/\/www.europesays.com\/fr\/wp-json\/wp\/v2\/types\/post"}],"author":[{"embeddable":true,"href":"https:\/\/www.europesays.com\/fr\/wp-json\/wp\/v2\/users\/2"}],"replies":[{"embeddable":true,"href":"https:\/\/www.europesays.com\/fr\/wp-json\/wp\/v2\/comments?post=643935"}],"version-history":[{"count":0,"href":"https:\/\/www.europesays.com\/fr\/wp-json\/wp\/v2\/posts\/643935\/revisions"}],"wp:featuredmedia":[{"embeddable":true,"href":"https:\/\/www.europesays.com\/fr\/wp-json\/wp\/v2\/media\/643936"}],"wp:attachment":[{"href":"https:\/\/www.europesays.com\/fr\/wp-json\/wp\/v2\/media?parent=643935"}],"wp:term":[{"taxonomy":"category","embeddable":true,"href":"https:\/\/www.europesays.com\/fr\/wp-json\/wp\/v2\/categories?post=643935"},{"taxonomy":"post_tag","embeddable":true,"href":"https:\/\/www.europesays.com\/fr\/wp-json\/wp\/v2\/tags?post=643935"}],"curies":[{"name":"wp","href":"https:\/\/api.w.org\/{rel}","templated":true}]}}