{"id":643937,"date":"2026-01-06T03:44:13","date_gmt":"2026-01-06T03:44:13","guid":{"rendered":"https:\/\/www.europesays.com\/fr\/643937\/"},"modified":"2026-01-06T03:44:13","modified_gmt":"2026-01-06T03:44:13","slug":"les-medicaments-homeopathiques-ne-remplacent-pas-les-vaccins-contre-la-grippe","status":"publish","type":"post","link":"https:\/\/www.europesays.com\/fr\/643937\/","title":{"rendered":"les m\u00e9dicaments hom\u00e9opathiques ne remplacent pas les vaccins contre la grippe"},"content":{"rendered":"<p>    Aucun m\u00e9dicament hom\u00e9opathique ne peut \u00eatre consid\u00e9r\u00e9 comme un vaccin contre la grippe, rappelle l\u2019Agence nationale de s\u00e9curit\u00e9 du m\u00e9dicament<br \/>\n                Studio Romantic \/ stock.adobe.com<\/p>\n<p>\n    Les autorit\u00e9s de sant\u00e9 rappellent que les m\u00e9dicaments hom\u00e9opathiques ne sont pas des vaccins et qu\u2019ils ne peuvent pas se substituer aux vaccins contre la grippe.<\/p>\n<p class=\"fig-paragraph\">Chaque hiver, la grippe saisonni\u00e8re touche des millions de personnes en France et provoque des milliers de d\u00e9c\u00e8s, notamment chez les seniors \u00e2g\u00e9s de plus de 65 ans.<\/p>\n<p class=\"fig-paragraph\">Or, pour se prot\u00e9ger du virus, de nombreux Fran\u00e7ais se laissent tenter par l\u2019hom\u00e9opathie, des \u00ab\u00a0m\u00e9dicaments\u00a0\u00bb pr\u00e9par\u00e9s \u00e0 partir de principes actifs d\u2019origine min\u00e9rale, animale ou v\u00e9g\u00e9tale. Pourtant, si certains produits peuvent avoir une indication dans la pr\u00e9vention ou le traitement de l\u2019\u00e9tat grippal (fi\u00e8vre, frissons courbatures, etc.), ils ne sont ni autoris\u00e9s ni efficaces dans la pr\u00e9vention de la grippe, souligne l\u2019Agence nationale de s\u00e9curit\u00e9 du m\u00e9dicament et des produits de sant\u00e9 (ANSM).<\/p>\n<p class=\"fig-frame__title\">Campagne de vaccination de l\u2019hiver 2025-2026<\/p>\n<p>La campagne de vaccination est ouverte jusqu\u2019au 31 janvier 2026. Elle a commenc\u00e9 le 9 septembre 2025 \u00e0 Mayotte et le 14 octobre 2025 en m\u00e9tropole, aux Antilles et en Guyane.<\/p>\n<p>                                                                <a class=\"fig-a11y-skip\" href=\"#fig-a11y-skip-main-inarticle\" data-module=\"a11y-skip\" data-context=\"was @visible\"><br \/>\n    Passer la publicit\u00e9<br \/>\n<\/a>            <\/p>\n<p>                                                                Les m\u00e9dicaments hom\u00e9opathiques ne sont pas des vaccins<\/p>\n<p class=\"fig-paragraph\">L\u2019ANSM rappelle qu\u2019on ne doit donc pas employer le terme de \u00abvaccin hom\u00e9opathique\u00bb pour parler de ces produits. D\u2019autant que leur utilisation \u00e0 la place du vaccin grippal repr\u00e9sente une perte de chance importante pour les patients, notamment les personnes de plus de 65 ans et celles \u00e0 risque de d\u00e9velopper une grippe grave ou des complications.<\/p>\n<p>                                                                5 vaccins sont reconnus en France<\/p>\n<p class=\"fig-paragraph\">Selon l\u2019ANSM, si la vaccination n\u2019emp\u00eache pas toujours l\u2019infection, elle r\u00e9duit le risque de complications graves ou de d\u00e9c\u00e8s.\u00a0<br \/>En France, cinq vaccins contre la grippe sont disponibles et pris en charge par l\u2019Assurance maladie pour les personnes \u00e0 risques\u00a0:<\/p>\n<ul class=\"fig-list\">\n<li>Influvac ;<\/li>\n<li>Vaxigrip ;<\/li>\n<li>Flucelvax ;<\/li>\n<li>Efluelda ;<\/li>\n<li>Fluad.<\/li>\n<\/ul>\n<p class=\"fig-paragraph\">D\u2019apr\u00e8s le minist\u00e8re de la Sant\u00e9, les vaccins sont compos\u00e9s de 2 souches de virus grippaux inactiv\u00e9s de type A (H1N1 et H3N2) et d\u2019une souche de virus grippal inactiv\u00e9 de type B, conform\u00e9ment aux recommandations de l\u2019OMS pour la saison 2025\/2026.<\/p>\n<p class=\"fig-paragraph\">La vaccination contre la grippe est notamment recommand\u00e9e pour les personnes \u00e2g\u00e9es de 65 ans et plus, les personnes pr\u00e9sentant des maladies chroniques, les femmes enceintes, les personnes en situation d\u2019ob\u00e9sit\u00e9 et certains professionnels dont les professionnels de sant\u00e9.\u00a0<\/p>\n<p>L\u2019agence rappelle que la pr\u00e9vention de la grippe repose sur la vaccination mais \u00e9galement sur les mesures barri\u00e8res qui permettent de limiter la diss\u00e9mination des virus et la contamination\u00a0: hygi\u00e8ne des mains, port d\u2019un masque, a\u00e9ration des logements et isolement des personnes malades.<\/p>\n","protected":false},"excerpt":{"rendered":"Aucun m\u00e9dicament hom\u00e9opathique ne peut \u00eatre consid\u00e9r\u00e9 comme un vaccin contre la grippe, rappelle l\u2019Agence nationale de s\u00e9curit\u00e9&hellip;\n","protected":false},"author":2,"featured_media":643938,"comment_status":"","ping_status":"","sticky":false,"template":"","format":"standard","meta":{"footnotes":""},"categories":[10],"tags":[1011,27,29786,72,75045,14643,2571,71,773],"class_list":{"0":"post-643937","1":"post","2":"type-post","3":"status-publish","4":"format-standard","5":"has-post-thumbnail","7":"category-sante","8":"tag-fr","9":"tag-france","10":"tag-grippe","11":"tag-health","12":"tag-homeopathie","13":"tag-malades","14":"tag-personnes-agees","15":"tag-sante","16":"tag-vaccin"},"share_on_mastodon":{"url":"https:\/\/pubeurope.com\/@fr\/115846097367662558","error":""},"_links":{"self":[{"href":"https:\/\/www.europesays.com\/fr\/wp-json\/wp\/v2\/posts\/643937","targetHints":{"allow":["GET"]}}],"collection":[{"href":"https:\/\/www.europesays.com\/fr\/wp-json\/wp\/v2\/posts"}],"about":[{"href":"https:\/\/www.europesays.com\/fr\/wp-json\/wp\/v2\/types\/post"}],"author":[{"embeddable":true,"href":"https:\/\/www.europesays.com\/fr\/wp-json\/wp\/v2\/users\/2"}],"replies":[{"embeddable":true,"href":"https:\/\/www.europesays.com\/fr\/wp-json\/wp\/v2\/comments?post=643937"}],"version-history":[{"count":0,"href":"https:\/\/www.europesays.com\/fr\/wp-json\/wp\/v2\/posts\/643937\/revisions"}],"wp:featuredmedia":[{"embeddable":true,"href":"https:\/\/www.europesays.com\/fr\/wp-json\/wp\/v2\/media\/643938"}],"wp:attachment":[{"href":"https:\/\/www.europesays.com\/fr\/wp-json\/wp\/v2\/media?parent=643937"}],"wp:term":[{"taxonomy":"category","embeddable":true,"href":"https:\/\/www.europesays.com\/fr\/wp-json\/wp\/v2\/categories?post=643937"},{"taxonomy":"post_tag","embeddable":true,"href":"https:\/\/www.europesays.com\/fr\/wp-json\/wp\/v2\/tags?post=643937"}],"curies":[{"name":"wp","href":"https:\/\/api.w.org\/{rel}","templated":true}]}}