{"id":643943,"date":"2026-01-06T03:47:24","date_gmt":"2026-01-06T03:47:24","guid":{"rendered":"https:\/\/www.europesays.com\/fr\/643943\/"},"modified":"2026-01-06T03:47:24","modified_gmt":"2026-01-06T03:47:24","slug":"lanti-macbook-est-enfin-de-retour-avec-43h-dautonomie-et-de-loled-tandem-frandroid","status":"publish","type":"post","link":"https:\/\/www.europesays.com\/fr\/643943\/","title":{"rendered":"l&rsquo;anti-MacBook est enfin de retour avec 43h d&rsquo;autonomie et de l&rsquo;OLED Tandem \u2014 Frandroid"},"content":{"rendered":"<p>L\u2019anti-MacBook est de retour, et il est \u00e9nerv\u00e9. Avec ses nouveaux XPS 14 et 16, Dell corrige les erreurs du pass\u00e9 (les touches tactiles ont disparu). Ils int\u00e8grent aussi une dalle <strong>Tandem OLED<\/strong> in\u00e9dite et promettent jusqu\u2019\u00e0 <strong>40 heures d\u2019autonomie<\/strong> en vid\u00e9o. J\u2019ai pass\u00e9 un moment avec la version noire matte \u00e0 New York. <\/p>\n<p><a href=\"https:\/\/images.frandroid.com\/wp-content\/uploads\/2026\/01\/dell-xps-14-et-16-frandroid-p1123236.jpg\" target=\"_blank\" class=\"article-content__figure\" rel=\"noopener\"><img fetchpriority=\"high\" decoding=\"async\" loading=\"eager\" width=\"1200\" height=\"800\" src=\"https:\/\/www.europesays.com\/fr\/wp-content\/uploads\/2026\/01\/dell-xps-14-et-16-frandroid-p1123236.jpg\" alt=\"\" class=\"wp-image-2926253 wp-image wp-image\"  \/><\/a><\/p>\n<p><a href=\"https:\/\/www.frandroid.com\/marques\/dell\/2926185_cetait-inacceptable-dell-avoue-son-echec-la-marque-xps-est-de-retour-et-les-vraies-touches-aussi\" target=\"_blank\" rel=\"noopener\">Le XPS est de retour<\/a>. Le vrai. Pas cette exp\u00e9rimentation de l\u2019an dernier que Dell a tent\u00e9 de nous vendre sous le nom de \u00ab\u00a0Premium\u00a0\u00bb. Si vous voulez comprendre pourquoi Dell a fait machine arri\u00e8re toute sur sa strat\u00e9gie de nommage et ses choix ergonomiques douteux (adieu le tout tactile !)\u2026 <a href=\"https:\/\/www.frandroid.com\/marques\/dell\/2926185_cetait-inacceptable-dell-avoue-son-echec-la-marque-xps-est-de-retour-et-les-vraies-touches-aussi\" target=\"_blank\" rel=\"noopener\">il y a un article sur \u00e7a<\/a>.<\/p>\n<p class=\"shortcode-container see-more\">\n    Pour aller plus loin<br \/><a href=\"https:\/\/www.frandroid.com\/marques\/dell\/2926185_cetait-inacceptable-dell-avoue-son-echec-la-marque-xps-est-de-retour-et-les-vraies-touches-aussi\" target=\"_blank\" rel=\"noopener\">\u00ab\u00a0C\u2019\u00e9tait inacceptable\u00a0\u00bb : Dell avoue son \u00e9chec, la marque XPS est de retour et les vraies touches aussi<\/a>\n            <\/p>\n<p><a href=\"https:\/\/images.frandroid.com\/wp-content\/uploads\/2026\/01\/dell-xps-14-et-16-frandroid-p1123269.jpg\" target=\"_blank\" class=\"article-content__figure\" rel=\"noopener\"><img loading=\"lazy\" decoding=\"async\" width=\"1200\" height=\"800\" src=\"https:\/\/www.europesays.com\/fr\/wp-content\/uploads\/2026\/01\/dell-xps-14-et-16-frandroid-p1123269-1200x800.jpg\" alt=\"\" class=\"wp-image-2926257 wp-image\"  \/><\/a><\/p>\n<p>Ici, on va parler de la machine. De ce qu\u2019on ressent quand on l\u2019a en main. Parce qu\u2019\u00e0 New York, avant le CES, face \u00e0 ces nouveaux ch\u00e2ssis, j\u2019ai eu la chance de les prendre en main.<\/p>\n<p>\t\t\t\t\t\t<a href=\"https:\/\/images.frandroid.com\/wp-content\/uploads\/2026\/01\/dell-xps-14-et-16-frandroid-p1123217.jpg\" itemprop=\"url\" target=\"_blank\" rel=\"noopener\"><\/p>\n<p>\t\t\t\t\t\t\t<img decoding=\"async\" class=\"wp-image\" src=\"https:\/\/www.europesays.com\/fr\/wp-content\/uploads\/2026\/01\/dell-xps-14-et-16-frandroid-p1123217.jpg\"  width=\"460\" height=\"307\" loading=\"lazy\" data-original-width=\"460\" data-original-height=\"307\" itemprop=\"http:\/\/schema.org\/image\" title=\"Dell XPS 14 et 16 - Frandroid - P1123217\" alt=\"Dell XPS 14 et 16 - Frandroid - P1123217\" style=\"width: 460px; height: 307px;\"\/><br \/>\n\t\t\t\t\t\t<\/a><\/p>\n<p>\t\t\t\t\t\t<a href=\"https:\/\/images.frandroid.com\/wp-content\/uploads\/2026\/01\/dell-xps-14-et-16-frandroid-p1123224.jpg\" itemprop=\"url\" target=\"_blank\" rel=\"noopener\"><\/p>\n<p>\t\t\t\t\t\t\t<img decoding=\"async\" class=\"wp-image\" src=\"https:\/\/www.europesays.com\/fr\/wp-content\/uploads\/2026\/01\/dell-xps-14-et-16-frandroid-p1123224.jpg\"  width=\"460\" height=\"307\" loading=\"lazy\" data-original-width=\"460\" data-original-height=\"307\" itemprop=\"http:\/\/schema.org\/image\" title=\"Dell XPS 14 et 16 - Frandroid - P1123224\" alt=\"Dell XPS 14 et 16 - Frandroid - P1123224\" style=\"width: 460px; height: 307px;\"\/><br \/>\n\t\t\t\t\t\t<\/a><\/p>\n<p>Design : une le\u00e7on d\u2019\u00e9l\u00e9gance<\/p>\n<p>D\u2019accord, le design des XPS a toujours \u00e9t\u00e9 soign\u00e9. Mais l\u00e0, Dell pousse le curseur encore plus loin. On est sur une construction <strong>\u00ab unibody \u00bb en aluminium usin\u00e9 CNC<\/strong> d\u2019une rigidit\u00e9 exemplaire. Ce qui frappe, c\u2019est ce coloris <strong>Graphite<\/strong>. C\u2019est sombre, mat, sobre. Dell a travaill\u00e9 les mat\u00e9riaux pour que \u00e7a ressemble, au toucher et \u00e0 l\u2019usure, \u00e0 un produit vraiment premium.<\/p>\n<p><a href=\"https:\/\/images.frandroid.com\/wp-content\/uploads\/2026\/01\/dell-xps-14-et-16-frandroid-p1123258.jpg\" target=\"_blank\" class=\"article-content__figure\" rel=\"noopener\"><img loading=\"lazy\" decoding=\"async\" width=\"1200\" height=\"800\" src=\"https:\/\/www.europesays.com\/fr\/wp-content\/uploads\/2026\/01\/dell-xps-14-et-16-frandroid-p1123258-1200x800.jpg\" alt=\"\" class=\"wp-image-2926255 wp-image\"  \/><\/a><\/p>\n<p>Le ch\u00e2ssis a \u00e9t\u00e9 \u00e9pur\u00e9 au maximum. Les lignes de s\u00e9paration sont minimales, le repose-poignet en verre se fond dans le d\u00e9cor. Avec <strong>14,6 mm d\u2019\u00e9paisseur<\/strong> pour les deux mod\u00e8les (14 et 16 pouces), on a cette impression de densit\u00e9 et de robustesse, sans la lourdeur. C\u2019est un bel objet, point. C\u2019est le genre de PC qu\u2019on a envie de laisser tra\u00eener sur la table du salon.<\/p>\n<p><a href=\"https:\/\/images.frandroid.com\/wp-content\/uploads\/2026\/01\/dell-xps-14-et-16-frandroid-p1123279.jpg\" target=\"_blank\" class=\"article-content__figure\" rel=\"noopener\"><img loading=\"lazy\" decoding=\"async\" width=\"1200\" height=\"800\" src=\"https:\/\/www.europesays.com\/fr\/wp-content\/uploads\/2026\/01\/dell-xps-14-et-16-frandroid-p1123279-1200x800.jpg\" alt=\"\" class=\"wp-image-2926261 wp-image\"  \/><\/a><\/p>\n<p>\u00c9cran : le dilemme OLED vs LCD<\/p>\n<p>C\u2019est ici que \u00e7a devient technique, et int\u00e9ressant. Dell propose deux philosophies d\u2019affichage radicalement diff\u00e9rentes, et le choix ne sera pas simple.<\/p>\n<p><a href=\"https:\/\/images.frandroid.com\/wp-content\/uploads\/2026\/01\/dell-xps-14-et-16-frandroid-p1123297.jpg\" target=\"_blank\" class=\"article-content__figure\" rel=\"noopener\"><img loading=\"lazy\" decoding=\"async\" width=\"1200\" height=\"800\" src=\"https:\/\/www.europesays.com\/fr\/wp-content\/uploads\/2026\/01\/dell-xps-14-et-16-frandroid-p1123297-1200x800.jpg\" alt=\"\" class=\"wp-image-2926259 wp-image\"  \/><\/a><\/p>\n<p><strong>L\u2019option \u00ab\u00a0Whaou\u00a0\u00bb : le Tandem OLED<\/strong>. Sur le haut de gamme, on trouve une dalle <strong>OLED 3.2K<\/strong> (ou 2.8K sur le 14 pouces). Mais pas n\u2019importe laquelle : du <strong>Tandem OLED<\/strong>. C\u2019est une technologie qu\u2019on commence \u00e0 voir arriver (comme l\u2019<a href=\"https:\/\/www.frandroid.com\/marques\/2897215_test-ipad-pro-m5\" target=\"_blank\" rel=\"noopener\">iPad Pro<\/a>), qui empile deux couches pour booster la luminosit\u00e9 et la dur\u00e9e de vie. Visuellement ? C\u2019est une boucherie. Couleurs vibrantes (100% DCI-P3), noirs infinis. Si vous regardez des films ou faites de la cr\u00e9a, c\u2019est celui-l\u00e0 qu\u2019il vous faut.<\/p>\n<p><a href=\"https:\/\/images.frandroid.com\/wp-content\/uploads\/2026\/01\/dell-xps-14-et-16-frandroid-p1123138.jpg\" target=\"_blank\" class=\"article-content__figure\" rel=\"noopener\"><img loading=\"lazy\" decoding=\"async\" width=\"1200\" height=\"800\" src=\"https:\/\/www.europesays.com\/fr\/wp-content\/uploads\/2026\/01\/dell-xps-14-et-16-frandroid-p1123138-1200x800.jpg\" alt=\"\" class=\"wp-image-2926265 wp-image\"  \/><\/a><\/p>\n<p><strong>L\u2019option \u00ab\u00a0Raison\u00a0\u00bb : le LCD 2K<\/strong>. Mais attendez avant de foncer sur l\u2019OLED. Dell propose une option <strong>LCD 2K (1920 x 1200)<\/strong> qui est loin d\u2019\u00eatre une version au rabais. Pourquoi choisir du LCD en 2026 ? Pour l\u2019autonomie. L\u2019OLED consomme \u00e9norm\u00e9ment d\u00e8s qu\u2019il doit afficher du blanc (pages web, Word, Excel). Si vous ne passez pas votre vie en \u00ab\u00a0Dark Mode\u00a0\u00bb, le LCD est bien plus \u00e9conome. Dell l\u2019affirme : c\u2019est avec cet \u00e9cran LCD que vous atteindrez les records d\u2019autonomie (jusqu\u2019\u00e0 27h en streaming Netflix). De plus, ces nouvelles dalles LCD consomment <strong>15 % de moins<\/strong> que la g\u00e9n\u00e9ration pr\u00e9c\u00e9dente. C\u2019est un \u00e9cran mat (anti-glare), non tactile, parfait pour bosser en ext\u00e9rieur sans reflets. La dalle OLED, quant \u00e0 elle, est bien plus brillante.<\/p>\n<p>Sous le capot : finesse et silence<\/p>\n<p>Ce ch\u00e2ssis ultra-fin abrite la plateforme <strong>Intel Core Ultra (Series 3)<\/strong>. Mais c\u2019est quoi ? C\u2019est les Panther Lake d\u2019Intel, les premi\u00e8res puces pour PC grav\u00e9es en 18A. Difficile de vous donner un avis ici, on a pas test\u00e9 les machines. Il faudra attendre les premiers benchmarks pour v\u00e9rifier l\u2019autonomie, les performances CPU, les performances GPU, la chauffe et ainsi de suite.<\/p>\n<p><a href=\"https:\/\/images.frandroid.com\/wp-content\/uploads\/2026\/01\/dell-xps-14-et-16-frandroid-p1123134.jpg\" target=\"_blank\" class=\"article-content__figure\" rel=\"noopener\"><img loading=\"lazy\" decoding=\"async\" width=\"1200\" height=\"800\" src=\"https:\/\/www.europesays.com\/fr\/wp-content\/uploads\/2026\/01\/dell-xps-14-et-16-frandroid-p1123134-1200x800.jpg\" alt=\"\" class=\"wp-image-2926263 wp-image\"  \/><\/a><\/p>\n<p>Mais Dell a fait un gros travail sur le thermique. Les ventilateurs sont plus grands et plus fins, ce qui permet \u00e0 la machine d\u2019\u00eatre plus silencieuse tout en restant fra\u00eeche. Et n\u2019oublions pas l\u2019audio : un syst\u00e8me \u00e0 <strong>quatre haut-parleurs<\/strong> de 10W est cach\u00e9 dans le ch\u00e2ssis, sans grille visible. Le son sort \u00e0 travers le clavier pour les aigus et par le bas pour les basses. Pour un ch\u00e2ssis aussi fin, le rendu est bluffant.<\/p>\n<p>43 heures d\u2019autonomie ? Lisons les petites lignes<\/p>\n<p>Bon, il faut qu\u2019on parle de ce chiffre d\u00e9lirant de <strong>43 heures et 20 minutes<\/strong> annonc\u00e9 pour le XPS 16. Sur le papier, c\u2019est fou. La r\u00e9alit\u00e9 ? C\u2019est mesur\u00e9 en <strong>lecture vid\u00e9o locale<\/strong> \u00e0 150 nits. S\u00e9rieusement, qui fait encore \u00e7a en 2026 ? Qui t\u00e9l\u00e9charge un fichier vid\u00e9o pour le regarder pendant deux jours d\u2019affil\u00e9e sans toucher \u00e0 la souris ? C\u2019est un benchmark \u00ab\u00a0laboratoire\u00a0\u00bb id\u00e9al pour le marketing, mais d\u00e9connect\u00e9 de nos usages r\u00e9els o\u00f9 le Wi-Fi pompe en permanence.<\/p>\n<p><a href=\"https:\/\/images.frandroid.com\/wp-content\/uploads\/2026\/01\/dell-xps-14-et-16-frandroid-p1123272.jpg\" target=\"_blank\" class=\"article-content__figure\" rel=\"noopener\"><img loading=\"lazy\" decoding=\"async\" width=\"1200\" height=\"800\" src=\"https:\/\/www.europesays.com\/fr\/wp-content\/uploads\/2026\/01\/dell-xps-14-et-16-frandroid-p1123272-1200x800.jpg\" alt=\"\" class=\"wp-image-2926277 wp-image\"  \/><\/a><\/p>\n<p>Mais ne jetez pas tout de suite l\u2019info \u00e0 la poubelle. Si on ignore ce sc\u00e9nario id\u00e9aliste pour regarder le chiffre en <strong>streaming Netflix<\/strong>, Dell annonce tout de m\u00eame <strong>27 heures<\/strong>. Et \u00e7a, c\u2019est colossal. C\u2019est rendu possible gr\u00e2ce \u00e0 l\u2019\u00e9cran qui descend \u00e0 <strong>1 Hz<\/strong> pour \u00e9conomiser l\u2019\u00e9nergie quand l\u2019image est statique. Donc oui, le \u00ab\u00a040h+\u00a0\u00bb est du bullshit marketing, mais si le XPS tient vraiment 27h en streaming, il enterre quand m\u00eame la concurrence<\/p>\n<p>Un mot sur le \u00ab\u00a0One More Thing\u00a0\u00bb<\/p>\n<p>Avant de conclure cette prise en main, il faut qu\u2019on parle d\u2019un absent. Dell nous a montr\u00e9 les 14 et 16 pouces, mais ils ont aussi gliss\u00e9 un mot sur un <strong>nouveau XPS 13<\/strong>. Une version totalement in\u00e9dite, encore plus radicale dans sa portabilit\u00e9. On n\u2019a pas encore tous les d\u00e9tails, mais si vous cherchez l\u2019ultime machine \u00e0 \u00e9crire nomade, restez dans le coin. On vous pr\u00e9pare un article complet d\u00e9di\u00e9 \u00e0 ce petit monstre tr\u00e8s bient\u00f4t.<\/p>\n<p>Bref, Dell revient dans la course<\/p>\n<p>Avec ces XPS 14 et 16, Dell ne se contente pas de r\u00e9parer les pots cass\u00e9s. Ils proposent une vision coh\u00e9rente du PC portable haut de gamme. Que vous soyez team \u00ab\u00a0OLED plein les yeux\u00a0\u00bb ou \u00ab\u00a0LCD pour bosser 20h d\u2019affil\u00e9e\u00a0\u00bb, la finition est l\u00e0, l\u2019ergonomie est revenue \u00e0 la raison, et le design est sublime. L\u2019anti-MacBook a de beaux jours devant lui.<\/p>\n<p>Fiche technique : Dell XPS 14 vs XPS 16 (2026)<\/p>\n<tr>\n<td><strong>Caract\u00e9ristiques<\/strong><\/td>\n<td><strong>Dell XPS 14 (DA14260)<\/strong><\/td>\n<td><strong>Dell XPS 16 (DA16260)<\/strong><\/td>\n<\/tr>\n<tr>\n<td><strong>\u00c9cran (Option 1 \u2013 LCD)<\/strong><\/td>\n<td>14\u2033 FHD+ (1920 x 1200) InfinityEdge<br \/>Non-tactile, 500 nits<br \/>1-120 Hz Variable Refresh Rate<\/td>\n<td>16\u2033 FHD+ (1920 x 1200) InfinityEdge<br \/>Non-tactile, 500 nits<br \/>1-120 Hz Variable Refresh Rate<\/td>\n<\/tr>\n<tr>\n<td><strong>\u00c9cran (Option 2 \u2013 OLED)<\/strong><\/td>\n<td>14\u2033 2.8K (2880 x 1800) OLED InfinityEdge<br \/>Tactile, 400 nits (500 peak), 100 % DCI-P3<br \/>20-120 Hz Variable Refresh Rate<\/td>\n<td>16\u2033 3.2K (3200 x 2000) OLED InfinityEdge<br \/>Tactile, 400 nits (500 peak), 100 % DCI-P3<br \/>20-120 Hz Variable Refresh Rate<\/td>\n<\/tr>\n<tr>\n<td><strong>Processeur (CPU)<\/strong><\/td>\n<td><strong>Intel Core Ultra Series 3<\/strong><br \/>Ultra 5 (325), Ultra 7 (355)<br \/>Ultra X7 (358H), Ultra X9 (388H \u2013 post lancement)<\/td>\n<td><strong>Intel Core Ultra Series 3<\/strong><br \/>Ultra 5 (325), Ultra 7 (355)<br \/>Ultra X7 (358H), Ultra X9 (388H \u2013 post lancement)<\/td>\n<\/tr>\n<tr>\n<td><strong>Puce Graphique (GPU)<\/strong><\/td>\n<td>Intel Graphics (int\u00e9gr\u00e9) ou Intel Arc Graphics (sur versions 358H\/388H uniquement)<\/td>\n<td>Intel Graphics (int\u00e9gr\u00e9) ou Intel Arc Graphics (sur versions 358H\/388H uniquement)<\/td>\n<\/tr>\n<tr>\n<td><strong>NPU (IA)<\/strong><\/td>\n<td>Intel AI Boost (47 \u00e0 50 TOPS selon le processeur)<\/td>\n<td>Intel AI Boost (47 \u00e0 50 TOPS selon le processeur)<\/td>\n<\/tr>\n<tr>\n<td><strong>M\u00e9moire (RAM)<\/strong><\/td>\n<td>16 Go, 32 Go ou 64 Go LPDDR5x<br \/>7467 MT\/s (16Go) ou 9600 MT\/s (32\/64Go)<\/td>\n<td>16 Go, 32 Go ou 64 Go LPDDR5x<br \/>7467 MT\/s (16Go) ou 9600 MT\/s (32\/64Go)<\/td>\n<\/tr>\n<tr>\n<td><strong>Stockage<\/strong><\/td>\n<td>512 Go \u00e0 4 To SSD PCIe 4<\/td>\n<td>512 Go \u00e0 4 To SSD PCIe 4<\/td>\n<\/tr>\n<tr>\n<td><strong>Batterie<\/strong><\/td>\n<td>70 Whr (int\u00e9gr\u00e9e)<\/td>\n<td>70 Whr (int\u00e9gr\u00e9e)<\/td>\n<\/tr>\n<tr>\n<td><strong>Charge<\/strong><\/td>\n<td>Adaptateur USB-C 100W<\/td>\n<td>Adaptateur USB-C 100W<\/td>\n<\/tr>\n<tr>\n<td><strong>Dimensions<\/strong><\/td>\n<td>309,52 x 209,71 mm<br \/>\u00c9paisseur : 14,62 mm (OLED) \/ 15,20 mm (LCD)<\/td>\n<td>352,58 x 237,47 mm<br \/>\u00c9paisseur : 14,62 mm (OLED) \/ 15,40 mm (LCD)<\/td>\n<\/tr>\n<tr>\n<td><strong>Poids (D\u00e9part)<\/strong><\/td>\n<td>1,36 kg (OLED) \/ 1,38 kg (LCD)<\/td>\n<td>1,65 kg (OLED) \/ 1,70 kg (LCD)<\/td>\n<\/tr>\n<tr>\n<td><strong>Connectique<\/strong><\/td>\n<td>3x Thunderbolt 4 (USB-C) avec DP 2.1 et PD<br \/>1x Prise Jack Audio<\/td>\n<td>3x Thunderbolt 4 (USB-C) avec DP 2.1 et PD<br \/>1x Prise Jack Audio<\/td>\n<\/tr>\n<tr>\n<td><strong>Sans-fil<\/strong><\/td>\n<td>Intel Wi-Fi 7 BE211 + Bluetooth 6.0<\/td>\n<td>Intel Wi-Fi 7 BE211 + Bluetooth 6.0<\/td>\n<\/tr>\n<tr>\n<td><strong>Webcam<\/strong><\/td>\n<td>8 MP (4K HDR), compatible Windows Hello<\/td>\n<td>8 MP (4K HDR), compatible Windows Hello<\/td>\n<\/tr>\n<tr>\n<td><strong>Audio<\/strong><\/td>\n<td>4 haut-parleurs (10W total), Dolby Atmos<\/td>\n<td>4 haut-parleurs (10W total), Dolby Atmos<\/td>\n<\/tr>\n<tr>\n<td><strong>Mat\u00e9riaux<\/strong><\/td>\n<td>Aluminium usin\u00e9 CNC, Gorilla Glass 3 (repose-poignet), Gorilla Glass Victus (protection OLED)<\/td>\n<td>Aluminium usin\u00e9 CNC, Gorilla Glass 3 (repose-poignet), Gorilla Glass Victus (protection OLED)<\/td>\n<\/tr>\n<p class=\"title\">\n            Retrouvez toutes les nouveaut\u00e9s du             <a href=\"https:\/\/www.frandroid.com\/events\/ces\" target=\"_blank\" rel=\"noopener\"><br \/>\n                CES 2026            <\/a>\n        <\/p>\n","protected":false},"excerpt":{"rendered":"L\u2019anti-MacBook est de retour, et il est \u00e9nerv\u00e9. Avec ses nouveaux XPS 14 et 16, Dell corrige les&hellip;\n","protected":false},"author":2,"featured_media":643944,"comment_status":"","ping_status":"","sticky":false,"template":"","format":"standard","meta":{"footnotes":""},"categories":[7],"tags":[73358,75046,75047,1011,27,43,40,41,39,42,44],"class_list":{"0":"post-643943","1":"post","2":"type-post","3":"status-publish","4":"format-standard","5":"has-post-thumbnail","7":"category-sciences-et-technologies","8":"tag-ces-2026","9":"tag-dell-xps-14-2025","10":"tag-dell-xps-16-2025","11":"tag-fr","12":"tag-france","13":"tag-science","14":"tag-science-and-technology","15":"tag-sciences","16":"tag-sciences-et-technologies","17":"tag-technologies","18":"tag-technology"},"share_on_mastodon":{"url":"https:\/\/pubeurope.com\/@fr\/115846109621837936","error":""},"_links":{"self":[{"href":"https:\/\/www.europesays.com\/fr\/wp-json\/wp\/v2\/posts\/643943","targetHints":{"allow":["GET"]}}],"collection":[{"href":"https:\/\/www.europesays.com\/fr\/wp-json\/wp\/v2\/posts"}],"about":[{"href":"https:\/\/www.europesays.com\/fr\/wp-json\/wp\/v2\/types\/post"}],"author":[{"embeddable":true,"href":"https:\/\/www.europesays.com\/fr\/wp-json\/wp\/v2\/users\/2"}],"replies":[{"embeddable":true,"href":"https:\/\/www.europesays.com\/fr\/wp-json\/wp\/v2\/comments?post=643943"}],"version-history":[{"count":0,"href":"https:\/\/www.europesays.com\/fr\/wp-json\/wp\/v2\/posts\/643943\/revisions"}],"wp:featuredmedia":[{"embeddable":true,"href":"https:\/\/www.europesays.com\/fr\/wp-json\/wp\/v2\/media\/643944"}],"wp:attachment":[{"href":"https:\/\/www.europesays.com\/fr\/wp-json\/wp\/v2\/media?parent=643943"}],"wp:term":[{"taxonomy":"category","embeddable":true,"href":"https:\/\/www.europesays.com\/fr\/wp-json\/wp\/v2\/categories?post=643943"},{"taxonomy":"post_tag","embeddable":true,"href":"https:\/\/www.europesays.com\/fr\/wp-json\/wp\/v2\/tags?post=643943"}],"curies":[{"name":"wp","href":"https:\/\/api.w.org\/{rel}","templated":true}]}}