{"id":643947,"date":"2026-01-06T03:49:24","date_gmt":"2026-01-06T03:49:24","guid":{"rendered":"https:\/\/www.europesays.com\/fr\/643947\/"},"modified":"2026-01-06T03:49:24","modified_gmt":"2026-01-06T03:49:24","slug":"on-vous-explique-comment-adapter-votre-velo-et-votre-conduite","status":"publish","type":"post","link":"https:\/\/www.europesays.com\/fr\/643947\/","title":{"rendered":"on vous explique comment adapter votre v\u00e9lo et votre conduite"},"content":{"rendered":"<p>\nArticle publi\u00e9 le lundi 05 janvier 2026 \u00e0 16h30<br \/>\net mis \u00e0 jour  \u00e0 17h03.\n<\/p>\n<p>La neige tombe, les routes blanchissent, et beaucoup rangent leur v\u00e9lo au fond du garage. Dommage ! Rouler \u00e0 v\u00e9lo sur la neige n\u2019est ni un exploit, ni une folie, \u00e0 condition d\u2019adapter sa pratique, son \u00e9quipement, sa conduite et m\u00eame son itin\u00e9raire : voici nos conseils v\u00e9lo pour p\u00e9daler sur la neige et continuer \u00e0 se d\u00e9placer au quotidien.<\/p>\n<p>V\u00e9lo et neige : les bons r\u00e9flexes pour continuer \u00e0 se d\u00e9placer en hiver<\/p>\n<p>Rouler \u00e0 v\u00e9lo sur la neige, ce n\u2019est pas simplement rouler plus lentement. C\u2019est rouler sur une surface dont l\u2019adh\u00e9rence varie en permanence. Neige fra\u00eeche, neige tass\u00e9e, bouillasse m\u00eal\u00e9e au sel ou plaques de verglas quasi invisibles : chaque situation impose ses propres r\u00e8gles.<\/p>\n<p><img loading=\"lazy\" decoding=\"async\" width=\"1920\" height=\"1280\" src=\"data:image\/gif;base64,R0lGODlhAQABAIAAAAAAAP\/\/\/yH5BAEAAAAALAAAAAABAAEAAAIBRAA7\" data-lazy-type=\"image\" data-lazy-src=\"https:\/\/www.europesays.com\/fr\/wp-content\/uploads\/2026\/01\/wheel-2948183-1920.webp.webp\" alt=\"\" class=\"lazy lazy-hidden wp-image-71208\" data-lazy- data-lazy-\/><\/p>\n<blockquote class=\"wp-block-quote is-layout-flow wp-block-quote-is-layout-flow\">\n<p>\u00ab Demain, d\u00e8s l&rsquo;aube, \u00e0 l&rsquo;heure o\u00f9 blanchit la campagne\u2026 \u00bb<\/p>\n<p>Victor Hugo<\/p><\/blockquote>\n<p>En ville, le probl\u00e8me n\u2019est pas uniquement la neige. C\u2019est surtout ce qui se cache dessous. Un bitume lisse, un trottoir, des pav\u00e9s humides, une bordure ou une peinture blanche deviennent rapidement tra\u00eetres.<\/p>\n<p>\u00c0 cela s\u2019ajoute une visibilit\u00e9 d\u00e9grad\u00e9e, pour le cycliste comme pour les automobilistes, et des infrastructures cyclables pas toujours d\u00e9neig\u00e9es en priorit\u00e9. Autrement dit : il faut lever le pied et revoir ses habitudes.<\/p>\n<p>Avant de partir : s\u2019\u00e9quiper pour le froid et l\u2019humidit\u00e9<\/p>\n<p>Premier r\u00e9flexe hivernal : s\u2019habiller plus chaudement. Mauvaise id\u00e9e si l\u2019on confond chaleur et transpiration. Le bon principe reste celui des couches successives : une couche respirante pr\u00e8s du corps, une couche isolante, puis une couche coupe-vent et d\u00e9perlante.<\/p>\n<p><img loading=\"lazy\" decoding=\"async\" width=\"2048\" height=\"1151\" src=\"data:image\/gif;base64,R0lGODlhAQABAIAAAAAAAP\/\/\/yH5BAEAAAAALAAAAAABAAEAAAIBRAA7\" data-lazy-type=\"image\" data-lazy-src=\"https:\/\/www.europesays.com\/fr\/wp-content\/uploads\/2026\/01\/weelz-velo-fat-bike-neige-mont-dore-sancy-auvergne-triplebuses-2021-7839.jpg\" alt=\"\" class=\"lazy lazy-hidden wp-image-27541\" data-lazy- data-lazy-\/><\/p>\n<p>Ce n\u2019est pas parce qu\u2019il neige, ou qu\u2019il a neig\u00e9, qu\u2019il fait particuli\u00e8rement plus froid. C\u2019est m\u00eame souvent l\u2019inverse. La neige tombe g\u00e9n\u00e9ralement quand les temp\u00e9ratures tournent autour de 0 \u00b0C, parfois l\u00e9g\u00e8rement positives. R\u00e9sultat : on p\u00e9dale dans une atmosph\u00e8re humide, pas forc\u00e9ment glaciale (\u00e0 moins que le vent ne se renforce).<\/p>\n<p>N\u00e9anmoins, les extr\u00e9mit\u00e9s m\u00e9ritent une attention particuli\u00e8re. Mains, pieds, visage encaissent le froid en premier. Des gants vraiment adapt\u00e9s au v\u00e9lo, des couvre-chaussures et un tour de cou font souvent plus pour le confort qu\u2019un \u00e9ni\u00e8me pull. Et comme l\u2019hiver rime avec lumi\u00e8re basse et m\u00e9t\u00e9o grise, on soigne la visibilit\u00e9 : \u00e9clairage puissant, \u00e9l\u00e9ments r\u00e9fl\u00e9chissants, v\u00eatements clairs si possible.<\/p>\n<p>Adapter son v\u00e9lo \u00e0 la neige, sans forc\u00e9ment tout changer<\/p>\n<p>Bonne nouvelle : nul besoin d\u2019un v\u00e9lo sp\u00e9cial pour rouler sur la neige. En revanche, quelques ajustements font une vraie diff\u00e9rence.<\/p>\n<p><img loading=\"lazy\" decoding=\"async\" width=\"1920\" height=\"1257\" src=\"data:image\/gif;base64,R0lGODlhAQABAIAAAAAAAP\/\/\/yH5BAEAAAAALAAAAAABAAEAAAIBRAA7\" data-lazy-type=\"image\" data-lazy-src=\"https:\/\/www.europesays.com\/fr\/wp-content\/uploads\/2026\/01\/bicycles-5920842-1920.webp.webp\" alt=\"Conseils : adapter son v\u00e9lo \u00e0 la neige\u2026 encore faut-il le retrouver !\" class=\"lazy lazy-hidden wp-image-71209\" data-lazy- data-lazy-\/>Conseils : adapter son v\u00e9lo \u00e0 la neige\u2026 encore faut-il le retrouver !<\/p>\n<p>Les pneus sont le premier point cl\u00e9. Plus un pneu est large et dot\u00e9 d\u2019un dessin marqu\u00e9, plus il sera tol\u00e9rant sur neige. R\u00e9duire l\u00e9g\u00e8rement la pression am\u00e9liore la surface de contact et donc l\u2019adh\u00e9rence.<\/p>\n<p>\u00c9videmment, si vous habitez dans une zone r\u00e9guli\u00e8rement expos\u00e9e \u00e0 la neige et au verglas, les pneus clout\u00e9s restent une option efficace. Ils offrent un vrai gain de s\u00e9curit\u00e9 sur la glace, au prix d\u2019un peu de bruit et d\u2019un rendement en baisse sur le sec.<\/p>\n<p><a href=\"https:\/\/www.europesays.com\/fr\/wp-content\/uploads\/2026\/01\/a14f3b47-6fac-4ae3-a598-6e012205501e.jpg-720.webp.webp\"><img loading=\"lazy\" decoding=\"async\" width=\"720\" height=\"720\" src=\"data:image\/gif;base64,R0lGODlhAQABAIAAAAAAAP\/\/\/yH5BAEAAAAALAAAAAABAAEAAAIBRAA7\" data-lazy-type=\"image\" data-lazy-src=\"https:\/\/www.europesays.com\/fr\/wp-content\/uploads\/2026\/01\/a14f3b47-6fac-4ae3-a598-6e012205501e.jpg-720.webp.webp\" alt=\"\" class=\"lazy lazy-hidden wp-image-71210\" data-lazy- data-lazy-\/><\/a>\u00a9 ReTyre<\/p>\n<p>En guise d&rsquo;alternative : il existe <a href=\"https:\/\/www.cycletyres.fr\/products\/peau-cloutee-retyre-winter-traveler-skin-pour-pneu-modulable-retyre-one\" target=\"_blank\" rel=\"noopener\">des \u00ab\u00a0surpneus\u00a0\u00bb<\/a> \u00e0 enfiler par-dessus votre pneu de v\u00e9lo classique, sur le m\u00eame principe que les chaussettes \u00e0 neige pour les voitures.<\/p>\n<p>Astuce Do it yourself<\/p>\n<p>On croise aussi, chez certains v\u00e9lotafeurs aguerris, une astuce plus artisanale : fixer des colliers Rilsan sur tout le pourtour du pneu pour cr\u00e9er artificiellement de l\u2019accroche.<\/p>\n<p>La solution peut ponctuellement fonctionner sur neige molle, \u00e0 condition d\u2019avoir suffisamment de d\u00e9gagement au niveau du cadre et des freins (\u00e0 \u00e9viter absolument avec des freins sur jante). Ce n\u2019est ni durable ni universel, mais \u00e7a fera le job.<\/p>\n<p>Note sur <a href=\"https:\/\/weelz.ouest-france.fr\/entretien-velo-10-conseils-pour-que-votre-trajet-quotidien-se-passe-bien\/\" target=\"_blank\" rel=\"noopener\">l&rsquo;entretien de votre monture<\/a> : l&rsquo;hiver est aussi la saison o\u00f9 l\u2019entretien devient indispensable. Froid, sel, sable et humidit\u00e9 attaquent la transmission. Nettoyer et lubrifier r\u00e9guli\u00e8rement sa cha\u00eene \u00e9vite bien des mauvaises surprises et prolonge la dur\u00e9e de vie du mat\u00e9riel.<\/p>\n<p>Sur la neige, on change sa fa\u00e7on de rouler<\/p>\n<p><img loading=\"lazy\" decoding=\"async\" width=\"1920\" height=\"1281\" src=\"data:image\/gif;base64,R0lGODlhAQABAIAAAAAAAP\/\/\/yH5BAEAAAAALAAAAAABAAEAAAIBRAA7\" data-lazy-type=\"image\" data-lazy-src=\"https:\/\/www.europesays.com\/fr\/wp-content\/uploads\/2026\/01\/road-5468877-1920.webp.webp\" alt=\"\" class=\"lazy lazy-hidden wp-image-71207\" data-lazy- data-lazy-\/><\/p>\n<p>Sur sol blanc, la conduite doit devenir fluide. Les mouvements brusques sont l\u2019ennemi num\u00e9ro un. On \u00e9vite les coups de guidon, les relances violentes et les changements de trajectoire tardifs.<\/p>\n<p>La vitesse baisse naturellement, et c\u2019est tr\u00e8s bien ainsi. Le regard porte plus loin pour anticiper trous, plaques gel\u00e9es et bordures invisibles. Le freinage se fait en douceur, en privil\u00e9giant l\u2019arri\u00e8re et en acceptant que les distances d\u2019arr\u00eat soient plus longues. Dans les virages, on redresse le v\u00e9lo autant que possible et on accepte de passer moins vite.<\/p>\n<p><img loading=\"lazy\" decoding=\"async\" width=\"1092\" height=\"1365\" src=\"data:image\/gif;base64,R0lGODlhAQABAIAAAAAAAP\/\/\/yH5BAEAAAAALAAAAAABAAEAAAIBRAA7\" data-lazy-type=\"image\" data-lazy-src=\"https:\/\/www.europesays.com\/fr\/wp-content\/uploads\/2026\/01\/605897656-1452851816203086-3525631594976794987-n.webp.webp\" alt=\"\" class=\"lazy lazy-hidden wp-image-71205\" data-lazy- data-lazy-\/>@pressesports<\/p>\n<p>Un conseil souvent partag\u00e9 : garder un pied pr\u00eat \u00e0 se poser. Ce n\u2019est pas \u00e9l\u00e9gant, mais c\u2019est efficace quand l\u2019adh\u00e9rence dispara\u00eet sans pr\u00e9venir. M\u00eame Mathieu van der Poel le pratique dans les \u00e9preuves de cyclocross.<\/p>\n<p>Repenser son itin\u00e9raire en hiver<\/p>\n<p>Quand il neige, l\u2019itin\u00e9raire le plus court n\u2019est pas toujours le plus s\u00fbr. Certaines pistes cyclables, peu fr\u00e9quent\u00e9es, restent enneig\u00e9es ou glac\u00e9es plusieurs jours. \u00c0 l\u2019inverse, des rues plus circul\u00e9es sont souvent mieux d\u00e9gag\u00e9es, m\u00eame si elles demandent de s\u2019affirmer davantage dans le trafic.<\/p>\n<p>Il peut \u00eatre pertinent d\u2019accepter un d\u00e9tour, de privil\u00e9gier un axe connu pour \u00eatre entretenu, ou tout simplement de marcher quelques dizaines de m\u00e8tres quand la situation devient vraiment d\u00e9licate. Rouler sur la neige, ce n\u2019est pas prouver quoi que ce soit : c\u2019est arriver \u00e0 destination entier.<\/p>\n<p>Confort, fatigue et bon sens : savoir o\u00f9 placer le curseur<\/p>\n<p>Rouler dans la neige fatigue plus. Le rendement baisse, les muscles travaillent davantage, et le froid ajoute une contrainte suppl\u00e9mentaire. Il faut l\u2019accepter et ajuster ses attentes. Certains jours, lever le pied est une bonne d\u00e9cision. D\u2019autres, laisser le v\u00e9lo au garage l\u2019est aussi.<\/p>\n<p><img loading=\"lazy\" decoding=\"async\" width=\"1920\" height=\"1280\" src=\"data:image\/gif;base64,R0lGODlhAQABAIAAAAAAAP\/\/\/yH5BAEAAAAALAAAAAABAAEAAAIBRAA7\" data-lazy-type=\"image\" data-lazy-src=\"https:\/\/www.europesays.com\/fr\/wp-content\/uploads\/2026\/01\/bike-5676806-1920.webp.webp\" alt=\"\" class=\"lazy lazy-hidden wp-image-71211\" data-lazy- data-lazy-\/><\/p>\n<blockquote class=\"wp-block-quote is-layout-flow wp-block-quote-is-layout-flow\">\n<p>\u00ab\u00a0prendre un peu plus de place sur la route est parfois plus s\u00fbr\u00a0\u00bb<\/p>\n<\/blockquote>\n<p>Le v\u00e9lo hivernal reste une affaire de bon sens. Mieux vaut arriver en retard que de ne pas arriver du tout. Et rappeler que, sur une chauss\u00e9e glissante, prendre un peu plus de place sur la route est parfois plus s\u00fbr que de longer un caniveau transform\u00e9 en patinoire.<\/p>\n<p>Rouler \u00e0 v\u00e9lo sur la neige demande des ajustements, pas un dipl\u00f4me de cascadeur. En adaptant son \u00e9quipement, son v\u00e9lo, sa conduite et ses trajets, le v\u00e9lo reste un moyen de transport cr\u00e9dible m\u00eame en plein hiver blanc.<\/p>\n<p>Savez-vous ce qu&rsquo;est le sneckdown ?<\/p>\n<p>Parfois, la neige sert de r\u00e9v\u00e9lateur pour les urbanistes. Les \u00e9pisodes neigeux dessinent spontan\u00e9ment d\u2019autres usages de l\u2019espace public.<\/p>\n<p>C\u2019est tout le principe du sneckdown (\u00ab\u00a0monticule de neige\u00a0\u00bb) : ces traces laiss\u00e9es dans la neige montrent o\u00f9 pi\u00e9tons et cyclistes passent r\u00e9ellement, l\u00e0 o\u00f9 l\u2019urbanisme th\u00e9orique avait pr\u00e9vu autre chose. Raccourcis \u00e9vidents, carrefours surdimensionn\u00e9s, espaces sous-utilis\u00e9s\u2026 tout appara\u00eet soudainement. Faites le test dans votre quartier.<\/p>\n<p><strong>Vous avez aim\u00e9 cet article ?<\/strong> N&rsquo;h\u00e9sitez-pas \u00e0 <a href=\"https:\/\/weelz.ouest-france.fr\/newsletter-velo\/\" target=\"_blank\" rel=\"noopener\">vous abonner \u00e0 notre newsletter<\/a>. Vous pouvez aussi nous ajouter en favoris directement dans <a href=\"https:\/\/news.google.com\/publications\/CAAqBwgKMJ3Eugswqt_RAw?hl=fr&amp;gl=FR&amp;ceid=FR%3Afr\" rel=\"external noopener\" target=\"_blank\">Google News<\/a> ou via <a href=\"https:\/\/profile.google.com\/cp\/Cg0vZy8xMXpobF9jZmdj\" rel=\"external noopener\" target=\"_blank\">notre profil Google<\/a>. Une question, une remarque ? <a href=\"https:\/\/weelz.ouest-france.fr\/contacter-weelz\/\" target=\"_blank\" rel=\"noopener\">Contactez-nous<\/a>.<\/p>\n","protected":false},"excerpt":{"rendered":"Article publi\u00e9 le lundi 05 janvier 2026 \u00e0 16h30 et mis \u00e0 jour \u00e0 17h03. La neige tombe,&hellip;\n","protected":false},"author":2,"featured_media":643948,"comment_status":"","ping_status":"","sticky":false,"template":"","format":"standard","meta":{"footnotes":""},"categories":[5],"tags":[11,2612,1011,27,3447,14,10584,12,75048,28],"class_list":{"0":"post-643947","1":"post","2":"type-post","3":"status-publish","4":"format-standard","5":"has-post-thumbnail","7":"category-international","8":"tag-actualites","9":"tag-conseils","10":"tag-fr","11":"tag-france","12":"tag-froid","13":"tag-international","14":"tag-neige","15":"tag-news","16":"tag-velotaf","17":"tag-world"},"share_on_mastodon":{"url":"https:\/\/pubeurope.com\/@fr\/115846117104475789","error":""},"_links":{"self":[{"href":"https:\/\/www.europesays.com\/fr\/wp-json\/wp\/v2\/posts\/643947","targetHints":{"allow":["GET"]}}],"collection":[{"href":"https:\/\/www.europesays.com\/fr\/wp-json\/wp\/v2\/posts"}],"about":[{"href":"https:\/\/www.europesays.com\/fr\/wp-json\/wp\/v2\/types\/post"}],"author":[{"embeddable":true,"href":"https:\/\/www.europesays.com\/fr\/wp-json\/wp\/v2\/users\/2"}],"replies":[{"embeddable":true,"href":"https:\/\/www.europesays.com\/fr\/wp-json\/wp\/v2\/comments?post=643947"}],"version-history":[{"count":0,"href":"https:\/\/www.europesays.com\/fr\/wp-json\/wp\/v2\/posts\/643947\/revisions"}],"wp:featuredmedia":[{"embeddable":true,"href":"https:\/\/www.europesays.com\/fr\/wp-json\/wp\/v2\/media\/643948"}],"wp:attachment":[{"href":"https:\/\/www.europesays.com\/fr\/wp-json\/wp\/v2\/media?parent=643947"}],"wp:term":[{"taxonomy":"category","embeddable":true,"href":"https:\/\/www.europesays.com\/fr\/wp-json\/wp\/v2\/categories?post=643947"},{"taxonomy":"post_tag","embeddable":true,"href":"https:\/\/www.europesays.com\/fr\/wp-json\/wp\/v2\/tags?post=643947"}],"curies":[{"name":"wp","href":"https:\/\/api.w.org\/{rel}","templated":true}]}}