{"id":643959,"date":"2026-01-06T03:56:25","date_gmt":"2026-01-06T03:56:25","guid":{"rendered":"https:\/\/www.europesays.com\/fr\/643959\/"},"modified":"2026-01-06T03:56:25","modified_gmt":"2026-01-06T03:56:25","slug":"au-pradet-des-apprentis-citoyens-tres-investis-2","status":"publish","type":"post","link":"https:\/\/www.europesays.com\/fr\/643959\/","title":{"rendered":"Au Pradet, des apprentis citoyens tr\u00e8s investis"},"content":{"rendered":"<p>                    <img loading=\"lazy\" decoding=\"async\" src=\"https:\/\/www.europesays.com\/fr\/wp-content\/uploads\/2026\/01\/b619b558836b610fb62fd7702618f7.jpg\" class=\"img-responsive post-image\" width=\"680\" height=\"510\" alt=\"Au Pradet, des apprentis\" title=\"Au Pradet, des apprentis citoyens tr\u00e8s investis\"\/><\/p>\n<p class=\"chapo\">Les \u00e9lections du Conseil Municipal des Enfants (CME) se sont tenues dans les trois \u00e9coles de la commune ainsi qu\u2019au centre Bell Estello.<\/p>\n<p>Une belle le\u00e7on de d\u00e9mocratie pour ces jeunes Prad\u00e9tans, qui ont \u00e9lu leurs nouveaux repr\u00e9sentants.<br class=\"texte\"\/><br \/>\nLa c\u00e9r\u00e9monie officielle d\u2019investiture s\u2019est d\u00e9roul\u00e9e en pr\u00e9sence d\u2019Herv\u00e9 Stassinos, le maire, et de St\u00e9phanie Ascione, conseill\u00e8re municipale d\u00e9l\u00e9gu\u00e9e au Conseil des Enfants. \u00c0 cette occasion, les nouveaux \u00e9lus ont re\u00e7u l\u2019\u00e9charpe tricolore, symbole de leur engagement citoyen, un moment empreint de fiert\u00e9 et d\u2019\u00e9motion.<\/p>\n<p>Une exp\u00e9rience unique<\/p>\n<p>Le CME poursuit trois grands objectifs. Tout d\u2019abord, faire d\u00e9couvrir le r\u00f4le et le fonctionnement d\u2019une institution d\u00e9mocratique locale, ensuite, donner la parole aux jeunes, enfin, les impliquer dans la vie publique, les sensibiliser \u00e0 la responsabilit\u00e9 et \u00e0 l\u2019engagement citoyen.<br class=\"autobr\"\/><br \/>\nEndosser un mandat d\u2019\u00e9lu \u00e0 leur \u00e2ge est une exp\u00e9rience unique. En participant \u00e0 la vie de la commune, ces conseillers d\u00e9couvrent le sens de l\u2019action collective, citoyenne et solidaire.<br class=\"autobr\"\/><br \/>\n<strong>Herv\u00e9 Stassinos<\/strong> a salu\u00e9 leur engagement\u00a0: \u00ab\u00a0Le Conseil Municipal des Enfants est une belle \u00e9cole de la d\u00e9mocratie. Ces jeunes \u00e9lus apprennent tr\u00e8s t\u00f4t les valeurs de respect, d\u2019\u00e9coute et de responsabilit\u00e9 qui font vivre notre R\u00e9publique. Ils sont la preuve qu\u2019au Pradet, la citoyennet\u00e9 se construit d\u00e8s l\u2019enfance \u00a0\u00bb.<br class=\"autobr\"\/><br \/>\nLe Conseil des Jeunes s\u2019inspire du fonctionnement du Conseil municipal. En si\u00e9geant \u00e0 leur place lors de certaines s\u00e9ances, les enfants apprennent \u00e0 travailler en \u00e9quipe, \u00e0 \u00e9couter, \u00e0 argumenter et \u00e0 prendre des d\u00e9cisions ensemble.<br class=\"autobr\"\/><br \/>\nTout au long de leur mandat, ils participent aux temps forts de la commune et m\u00e8nent des r\u00e9flexions sur des sujets concrets du quotidien\u00a0: le tri des d\u00e9chets, la protection de l\u2019environnement, l\u2019inclusion des personnes en situation de handicap, la lutte contre la violence scolaire, et bien d\u2019autres.<\/p>\n<p><strong>Les membres du CME <\/strong> <br class=\"autobr\"\/><br \/>\nLana COCHARD,<br class=\"autobr\"\/><br \/>\nManon RENAUD,<br class=\"autobr\"\/><br \/>\nMargaux GIRAUD,<br class=\"autobr\"\/><br \/>\nLouise VERNET,<br class=\"autobr\"\/><br \/>\nAbel CAVAL,<br class=\"autobr\"\/><br \/>\nMila MARY,<br class=\"autobr\"\/><br \/>\nLogan DIALLO,<br class=\"autobr\"\/><br \/>\nLana BLANC.<\/p>\n<p>Photo de Une \u00a9PRESSE AGENCE<\/p>\n","protected":false},"excerpt":{"rendered":"Les \u00e9lections du Conseil Municipal des Enfants (CME) se sont tenues dans les trois \u00e9coles de la commune&hellip;\n","protected":false},"author":2,"featured_media":643960,"comment_status":"","ping_status":"","sticky":false,"template":"","format":"standard","meta":{"footnotes":""},"categories":[9619],"tags":[1111,11,2408,1777,674,1011,27,12,882,25,2310],"class_list":{"0":"post-643959","1":"post","2":"type-post","3":"status-publish","4":"format-standard","5":"has-post-thumbnail","7":"category-toulon","8":"tag-actu","9":"tag-actualites","10":"tag-appels-d","11":"tag-eu","12":"tag-europe","13":"tag-fr","14":"tag-france","15":"tag-news","16":"tag-provence-alpes-cote-dazur","17":"tag-republique-francaise","18":"tag-toulon"},"share_on_mastodon":{"url":"https:\/\/pubeurope.com\/@fr\/115846144690377538","error":""},"_links":{"self":[{"href":"https:\/\/www.europesays.com\/fr\/wp-json\/wp\/v2\/posts\/643959","targetHints":{"allow":["GET"]}}],"collection":[{"href":"https:\/\/www.europesays.com\/fr\/wp-json\/wp\/v2\/posts"}],"about":[{"href":"https:\/\/www.europesays.com\/fr\/wp-json\/wp\/v2\/types\/post"}],"author":[{"embeddable":true,"href":"https:\/\/www.europesays.com\/fr\/wp-json\/wp\/v2\/users\/2"}],"replies":[{"embeddable":true,"href":"https:\/\/www.europesays.com\/fr\/wp-json\/wp\/v2\/comments?post=643959"}],"version-history":[{"count":0,"href":"https:\/\/www.europesays.com\/fr\/wp-json\/wp\/v2\/posts\/643959\/revisions"}],"wp:featuredmedia":[{"embeddable":true,"href":"https:\/\/www.europesays.com\/fr\/wp-json\/wp\/v2\/media\/643960"}],"wp:attachment":[{"href":"https:\/\/www.europesays.com\/fr\/wp-json\/wp\/v2\/media?parent=643959"}],"wp:term":[{"taxonomy":"category","embeddable":true,"href":"https:\/\/www.europesays.com\/fr\/wp-json\/wp\/v2\/categories?post=643959"},{"taxonomy":"post_tag","embeddable":true,"href":"https:\/\/www.europesays.com\/fr\/wp-json\/wp\/v2\/tags?post=643959"}],"curies":[{"name":"wp","href":"https:\/\/api.w.org\/{rel}","templated":true}]}}