{"id":643967,"date":"2026-01-06T04:01:34","date_gmt":"2026-01-06T04:01:34","guid":{"rendered":"https:\/\/www.europesays.com\/fr\/643967\/"},"modified":"2026-01-06T04:01:34","modified_gmt":"2026-01-06T04:01:34","slug":"dinstagram-aux-visites-guidees-comment-elodie-transforme-ses-vues-en-clients","status":"publish","type":"post","link":"https:\/\/www.europesays.com\/fr\/643967\/","title":{"rendered":"D\u2019Instagram aux visites guid\u00e9es\u00a0: comment \u00c9lodie transforme ses vues en clients"},"content":{"rendered":"<p>\u00c0 Rouen, \u00c9lodie est devenue en quelques ann\u00e9es l\u2019un des visages les plus familiers des r\u00e9seaux sociaux locaux. Guide conf\u00e9renci\u00e8re, elle fait d\u00e9couvrir la ville et son agglom\u00e9ration \u00e0 des dizaines de milliers d\u2019abonn\u00e9s\u2026 et \u00e0 des groupes bien r\u00e9els, sur le terrain.<\/p>\n<p>Des r\u00e9seaux sociaux \u00e0 la \u00ab\u00a0vraie vie\u00a0\u00bb<\/p>\n<p>Sur Instagram, \u00c9lodie Guide Locale rassemble pr\u00e8s de 68 000 abonn\u00e9s, et environ 130 000 tous r\u00e9seaux confondus. Derri\u00e8re ces chiffres, une ligne claire\u00a0: raconter Rouen de fa\u00e7on concr\u00e8te, expliquer les noms des places, des rues, et donner envie de pousser la porte des visites guid\u00e9es.<\/p>\n<p>L\u2019objectif initial de ce compte \u00e9tait simple\u00a0: remplir les groupes de visites. Mission accomplie\u00a0: la visibilit\u00e9 en ligne sert surtout de vitrine, qui am\u00e8ne le public \u00e0 r\u00e9server de vraies balades urbaines, loin de l\u2019image des influenceurs r\u00e9mun\u00e9r\u00e9s par les plateformes.<\/p>\n<p>Un duo compl\u00e9mentaire derri\u00e8re la cam\u00e9ra<\/p>\n<p>Depuis quelques mois, \u00c9lodie ne travaille plus seule. Pierre l\u2019a rejointe \u00e0 temps plein. Il se d\u00e9finit comme le cr\u00e9ateur de contenu qui se cache derri\u00e8re la cam\u00e9ra\u00a0: tournage, montage, communication, partenariats\u2026 il orchestre l\u2019arri\u00e8re\u2011boutique num\u00e9rique.<\/p>\n<p>Ensemble, ils d\u00e9clinent l\u2019univers d\u2019\u00c9lodie Guide Locale sur Instagram, Facebook, TikTok et YouTube, avec pour fil rouge la mise en valeur du patrimoine normand.<\/p>\n<p>Des shorts \u00e0 YouTube aux visites th\u00e9matiques<\/p>\n<p>Le duo publie aujourd\u2019hui surtout des YouTube Shorts, mais pr\u00e9pare aussi des vid\u00e9os plus longues\u00a0: de petits documentaires, des vlogs culturels pour explorer diff\u00e9rents lieux embl\u00e9matiques de la r\u00e9gion.<\/p>\n<p>C\u00f4t\u00e9 terrain, les visites th\u00e9matiques s\u2019encha\u00eenent mois apr\u00e8s mois. Halloween, expositions au Mus\u00e9e des Beaux\u2011Arts, balades originales dans Rouen et ses alentours\u00a0: la programmation \u00e9volue au fil des saisons, toujours avec l\u2019envie de surprendre les habitu\u00e9s comme les nouveaux venus.<\/p>\n<p>Un site pour r\u00e9server et un projet de visites virtuelles<\/p>\n<p>Pour passer de l\u2019\u00e9cran \u00e0 la rue, tout se fait en ligne sur\u00a0<a target=\"_blank\" rel=\"nofollow noopener noreferrer\" class=\"IciLink ici-link IciArticleLink g-ici-body-regular-1 underline brand svelte-1chfe2s\" href=\"https:\/\/elodieguidelocal.fr\/\">Accueil | \u00c9lodie Guide Local<\/a>\u00a0, o\u00f9 le public peut r\u00e9server ses visites guid\u00e9es selon le calendrier du moment.<\/p>\n<p>\u00c9lodie et Pierre travaillent aussi avec une soci\u00e9t\u00e9 rouennaise sur des visites d\u2019\u00e9glises en virtuel. Leur r\u00f4le\u00a0: fournir le contenu, les vid\u00e9os, l\u2019incarnation. Le visiteur flashe un code, retrouve le visage d\u2019\u00c9lodie et la voix de Pierre qui l\u2019accompagne dans la d\u00e9couverte, comme s\u2019il les retrouvait sur les r\u00e9seaux\u2026 mais au c\u0153ur du patrimoine normand.\u00a0<a target=\"_blank\" rel=\"nofollow noopener noreferrer\" class=\"IciLink ici-link IciArticleLink g-ici-body-regular-1 underline brand svelte-1chfe2s\" href=\"https:\/\/saintmaclou.juumo.fr\/fr-fr\">Visite immersive 360 &#8211; Eglise Saint-Maclou &#8211; Rouen<\/a><\/p>\n","protected":false},"excerpt":{"rendered":"\u00c0 Rouen, \u00c9lodie est devenue en quelques ann\u00e9es l\u2019un des visages les plus familiers des r\u00e9seaux sociaux locaux.&hellip;\n","protected":false},"author":2,"featured_media":643968,"comment_status":"","ping_status":"","sticky":false,"template":"","format":"standard","meta":{"footnotes":""},"categories":[9587],"tags":[1111,11,1777,674,1011,27,12,5161,25,9590],"class_list":{"0":"post-643967","1":"post","2":"type-post","3":"status-publish","4":"format-standard","5":"has-post-thumbnail","7":"category-rouen","8":"tag-actu","9":"tag-actualites","10":"tag-eu","11":"tag-europe","12":"tag-fr","13":"tag-france","14":"tag-news","15":"tag-normandie","16":"tag-republique-francaise","17":"tag-rouen"},"share_on_mastodon":{"url":"https:\/\/pubeurope.com\/@fr\/115846164180597857","error":""},"_links":{"self":[{"href":"https:\/\/www.europesays.com\/fr\/wp-json\/wp\/v2\/posts\/643967","targetHints":{"allow":["GET"]}}],"collection":[{"href":"https:\/\/www.europesays.com\/fr\/wp-json\/wp\/v2\/posts"}],"about":[{"href":"https:\/\/www.europesays.com\/fr\/wp-json\/wp\/v2\/types\/post"}],"author":[{"embeddable":true,"href":"https:\/\/www.europesays.com\/fr\/wp-json\/wp\/v2\/users\/2"}],"replies":[{"embeddable":true,"href":"https:\/\/www.europesays.com\/fr\/wp-json\/wp\/v2\/comments?post=643967"}],"version-history":[{"count":0,"href":"https:\/\/www.europesays.com\/fr\/wp-json\/wp\/v2\/posts\/643967\/revisions"}],"wp:featuredmedia":[{"embeddable":true,"href":"https:\/\/www.europesays.com\/fr\/wp-json\/wp\/v2\/media\/643968"}],"wp:attachment":[{"href":"https:\/\/www.europesays.com\/fr\/wp-json\/wp\/v2\/media?parent=643967"}],"wp:term":[{"taxonomy":"category","embeddable":true,"href":"https:\/\/www.europesays.com\/fr\/wp-json\/wp\/v2\/categories?post=643967"},{"taxonomy":"post_tag","embeddable":true,"href":"https:\/\/www.europesays.com\/fr\/wp-json\/wp\/v2\/tags?post=643967"}],"curies":[{"name":"wp","href":"https:\/\/api.w.org\/{rel}","templated":true}]}}