{"id":643975,"date":"2026-01-06T04:10:14","date_gmt":"2026-01-06T04:10:14","guid":{"rendered":"https:\/\/www.europesays.com\/fr\/643975\/"},"modified":"2026-01-06T04:10:14","modified_gmt":"2026-01-06T04:10:14","slug":"des-retards-et-annulations-de-vol-en-cascade-a-laeroport-de-nice-suite-a-lepisode-neigeux-qui-touche-la-france","status":"publish","type":"post","link":"https:\/\/www.europesays.com\/fr\/643975\/","title":{"rendered":"Des retards et annulations de vol en cascade \u00e0 l&rsquo;a\u00e9roport de Nice suite \u00e0 l&rsquo;\u00e9pisode neigeux qui touche la France"},"content":{"rendered":"<p class=\"article__intro\">L&rsquo;\u00e9pisode neigeux que conna\u00eet une partie de la France a des r\u00e9percussions sur les transports a\u00e9riens. \u00c0 l&rsquo;a\u00e9roport Nice C\u00f4te d&rsquo;Azur, de nombreux vols int\u00e9rieurs ont \u00e9t\u00e9 retard\u00e9s ou annul\u00e9s.<\/p>\n<p>\n      L\u2019actu des r\u00e9gions\n    <\/p>\n<p>\n      Chaque jour, un tour d\u2019horizon des principales infos de toutes les r\u00e9gions.\n    <\/p>\n<p>    France T\u00e9l\u00e9visions utilise votre adresse e-mail afin de vous envoyer la newsletter \u00ab\u00a0L\u2019actu des r\u00e9gions\u00a0\u00bb. Vous pouvez vous d\u00e9sinscrire \u00e0 tout moment via le lien en bas de cette newsletter. <a target=\"_blank\" href=\"https:\/\/www.francetelevisions.fr\/groupe\/confidentialite\/politique-de-confidentialite\/politique-de-confidentialite-de-france-televisions-6503\" rel=\"noopener\">Notre politique de confidentialit\u00e9<\/a><\/p>\n<p>L\u2019\u00e9pisode de neige et de verglas qui touche une large partie du nord et de l\u2019ouest de la France perturbe le trafic a\u00e9rien ce lundi 5 janvier.<\/p>\n<p>\u00c0 l\u2019a\u00e9roport Nice C\u00f4te d\u2019Azur, plusieurs vols au d\u00e9part ou \u00e0 destination de Paris affichent des retards et des annulations en cette fin de journ\u00e9e.<\/p>\n<blockquote class=\"ftvi_content_quote\">\n<p class=\"ftvi_citation_quote\">Nous avons un impact collat\u00e9ral en raison des conditions m\u00e9t\u00e9orologiques exceptionnelles.<\/p>\n<p>Aymeric Staub, en charge de la communication de l&rsquo;a\u00e9roport Nice C\u00f4te d&rsquo;Azur<\/p>\n<p class=\"ftvi_citation_source\">\u00e0 France 3 C\u00f4te d&rsquo;Azur<\/p>\n<\/blockquote>\n<p>Le trafic a\u00e9rien est largement perturb\u00e9 ce soir, avec une succession de retards et d\u2019annulations au d\u00e9part et \u00e0 l\u2019arriv\u00e9e.<\/p>\n<p>Plusieurs vols vers Paris ont \u00e9t\u00e9 annul\u00e9s, notamment \u00e0 destination de Paris-Charles-de-Gaulle et de Paris-Orly, avec les compagnies Air-France et EasyJet. \u00ab\u00a014 mouvements en provenance d\u2019Orly sont retard\u00e9s et 6 sont annul\u00e9s\u00a0\u00bb, pr\u00e9cise Aymeric Staub. \u00ab\u00a0La situation pourrait \u00e9voluer d\u00e9favorablement.\u00a0\u00bb<\/p>\n<p>D\u2019autres vols au d\u00e9part affichent des retards, en particulier vers Nantes, Londres Gatwick et Lille.<\/p>\n<p>Ces perturbations concernent aussi bien Paris-Orly que Paris-Charles-de-Gaulle et touchent principalement les compagnies Air France et EasyJet.<\/p>\n<p>Des perturbations touchent aussi des liaisons depuis Nantes, Strasbourg et Lille. Un vol en provenance d\u2019Amsterdam a par ailleurs \u00e9t\u00e9 annul\u00e9.<\/p>\n<p>Vous pouvez retrouver le d\u00e9tail des perturbations <a href=\"https:\/\/www.nice.aeroport.fr\/vols\/departs?\" target=\"_blank\" rel=\"noopener noreferrer nofollow\" data-tooltip-url=\"https:\/\/www.nice.aeroport.fr\/vols\/departs?\">sur le site web<\/a> de l&rsquo;a\u00e9roport Nice C\u00f4te d&rsquo;Azur<\/p>\n<p>La situation a \u00e9galement provoqu\u00e9 des bouchons dans la r\u00e9gion Ile-de-France.<\/p>\n<blockquote class=\"twitter-tweet\" data-media-max-width=\"560\">\n<p dir=\"ltr\" lang=\"fr\">\ud83d\udd34 Situation catastrophique sur les routes d&rsquo;\u00cele-de-France avec 778 km de bouchons cumul\u00e9s \u00e0 16h45 ! Images de l&rsquo;A6 sous la neige \u00e0 Villab\u00e9 en Essonne. \u2744\ufe0f (via <a href=\"https:\/\/twitter.com\/Viewsurf?ref_src=twsrc%5Etfw\" target=\"_blank\" rel=\"noopener\">@Viewsurf<\/a>) <a href=\"https:\/\/t.co\/H4YxiAm6AL\">pic.twitter.com\/H4YxiAm6AL<\/a><\/p>\n<p>\u2014 M\u00e9t\u00e9o Express (@MeteoExpress) <a href=\"https:\/\/twitter.com\/MeteoExpress\/status\/2008203497854914967?ref_src=twsrc%5Etfw\" target=\"_blank\" rel=\"noopener\">January 5, 2026<\/a><\/p><\/blockquote>\n<p>Ces perturbations interviennent alors qu\u2019un \u00e9pisode de neige et de verglas est en cours sur une partie importante du territoire.<\/p>\n<p>M\u00e9t\u00e9o-France a plac\u00e9 <a href=\"https:\/\/vigilance.meteofrance.fr\/fr\" target=\"_blank\" rel=\"noopener noreferrer nofollow\" data-tooltip-url=\"https:\/\/vigilance.meteofrance.fr\/fr\">26 d\u00e9partements en vigilance orange<\/a> jusqu\u2019\u00e0 mardi matin.<\/p>\n<p>  <script async src=\"https:\/\/platform.twitter.com\/widgets.js\" charset=\"utf-8\"><\/script><\/p>\n","protected":false},"excerpt":{"rendered":"L&rsquo;\u00e9pisode neigeux que conna\u00eet une partie de la France a des r\u00e9percussions sur les transports a\u00e9riens. \u00c0 l&rsquo;a\u00e9roport&hellip;\n","protected":false},"author":2,"featured_media":643976,"comment_status":"","ping_status":"","sticky":false,"template":"","format":"standard","meta":{"footnotes":""},"categories":[2819],"tags":[1111,11,1777,674,1011,27,12,2401,882,25],"class_list":{"0":"post-643975","1":"post","2":"type-post","3":"status-publish","4":"format-standard","5":"has-post-thumbnail","7":"category-nice","8":"tag-actu","9":"tag-actualites","10":"tag-eu","11":"tag-europe","12":"tag-fr","13":"tag-france","14":"tag-news","15":"tag-nice","16":"tag-provence-alpes-cote-dazur","17":"tag-republique-francaise"},"share_on_mastodon":{"url":"https:\/\/pubeurope.com\/@fr\/115846199538983489","error":""},"_links":{"self":[{"href":"https:\/\/www.europesays.com\/fr\/wp-json\/wp\/v2\/posts\/643975","targetHints":{"allow":["GET"]}}],"collection":[{"href":"https:\/\/www.europesays.com\/fr\/wp-json\/wp\/v2\/posts"}],"about":[{"href":"https:\/\/www.europesays.com\/fr\/wp-json\/wp\/v2\/types\/post"}],"author":[{"embeddable":true,"href":"https:\/\/www.europesays.com\/fr\/wp-json\/wp\/v2\/users\/2"}],"replies":[{"embeddable":true,"href":"https:\/\/www.europesays.com\/fr\/wp-json\/wp\/v2\/comments?post=643975"}],"version-history":[{"count":0,"href":"https:\/\/www.europesays.com\/fr\/wp-json\/wp\/v2\/posts\/643975\/revisions"}],"wp:featuredmedia":[{"embeddable":true,"href":"https:\/\/www.europesays.com\/fr\/wp-json\/wp\/v2\/media\/643976"}],"wp:attachment":[{"href":"https:\/\/www.europesays.com\/fr\/wp-json\/wp\/v2\/media?parent=643975"}],"wp:term":[{"taxonomy":"category","embeddable":true,"href":"https:\/\/www.europesays.com\/fr\/wp-json\/wp\/v2\/categories?post=643975"},{"taxonomy":"post_tag","embeddable":true,"href":"https:\/\/www.europesays.com\/fr\/wp-json\/wp\/v2\/tags?post=643975"}],"curies":[{"name":"wp","href":"https:\/\/api.w.org\/{rel}","templated":true}]}}