{"id":643987,"date":"2026-01-06T04:19:33","date_gmt":"2026-01-06T04:19:33","guid":{"rendered":"https:\/\/www.europesays.com\/fr\/643987\/"},"modified":"2026-01-06T04:19:33","modified_gmt":"2026-01-06T04:19:33","slug":"ol-genesio-peut-compter-sur-un-retour-de-suspension","status":"publish","type":"post","link":"https:\/\/www.europesays.com\/fr\/643987\/","title":{"rendered":"OL : Genesio peut compter sur un retour de suspension"},"content":{"rendered":"<p>                            <img width=\"770\" height=\"433\" src=\"https:\/\/www.europesays.com\/fr\/wp-content\/uploads\/2026\/01\/G6y5HEzXcAA8jYr-770x433.jpeg\" class=\"attachment-article size-article wp-post-image\" alt=\"Romain Perraud, lat\u00e9ral de Lille\" decoding=\"async\" fetchpriority=\"high\"  \/><\/p>\n<p>Romain Perraud, lat\u00e9ral de Lille (AFP)<\/p>\n<p>En seizi\u00e8me de finale de Coupe de France contre l&rsquo;OL, Lille devra faire sans Alexsandro, expuls\u00e9 contre Rennes. N\u00e9anmoins, Bruno Genesio pourra s\u2019appuyer sur Romain Perraud, suspendu depuis deux matchs.<\/p>\n<p>Apr\u00e8s avoir repris avec la Ligue 1, l&rsquo;OL bascule sur la Coupe de France pour cette premi\u00e8re semaine compl\u00e8te en 2026. Apr\u00e8s un jour de repos, les Lyonnais sont attendus \u00e0 D\u00e9cines pour reprendre l&rsquo;entra\u00eenement et pr\u00e9parer au mieux le d\u00e9placement \u00e0\u00a0<strong>Lille<\/strong>, dimanche (21h). Un voyage p\u00e9rilleux dans le nord de la France pour aller chercher une qualification pour les huiti\u00e8mes de finale. Pas une mince affaire, malgr\u00e9 la d\u00e9faite des Dogues samedi face \u00e0 Rennes en championnat.<\/p>\n<p>Perraud exclu \u00e0 Auxerre le 14 d\u00e9cembre<\/p>\n<p>Pour ce rendez-vous dominical, Paulo\u00a0<strong>Fonseca<\/strong>\u00a0pourra compter sur l&rsquo;int\u00e9gration d&rsquo;<strong>Endrick<\/strong>\u00a0et ne devrait pas avoir de forfaits li\u00e9s au d\u00e9placement \u00e0 Monaco. Du c\u00f4t\u00e9 de Lille, Bruno\u00a0<strong>Genesio<\/strong>\u00a0voit son secteur d\u00e9fensif diminu\u00e9 entre la CAN et\u00a0<a href=\"https:\/\/www.olympique-et-lyonnais.com\/exclu-lors-de-lille-rennes-alexsandro-manquera-la-venue-de-lol,387909.html\" target=\"_blank\" rel=\"noopener\">l&rsquo;expulsion<\/a>\u00a0d&rsquo;Alexsandro durant le week-end. N\u00e9anmoins, l&rsquo;ancien coach lyonnais peut se satisfaire de voir un retour \u00e0 ces positions. Suspendu lors des deux derniers matchs, Romain\u00a0<strong>Perraud<\/strong>\u00a0se retrouve disponible pour le match de Coupe de France.<\/p>\n<p>\t\t\t\t\t<a href=\"https:\/\/www.olympique-et-lyonnais.com\/les-premiers-mots-dendrick-a-lol-sulc-tkydg-en-direct,387967.html\" title=\"L&#039;attraction Endrick : l&#039;OL tient-il son nouveau joyau ?\" target=\"_blank\" rel=\"noopener\"><img loading=\"lazy\" width=\"580\" height=\"326\" src=\"https:\/\/www.europesays.com\/fr\/wp-content\/uploads\/2026\/01\/AFP__20260105__89ND34Z__v1__HighRes__FblFraLigue1LyonPresser-580x326.jpg\" class=\"attachment-actularge size-actularge wp-post-image\" alt=\"Endrick avec son nouveau maillot \u00e0 l'OL\" decoding=\"async\"  \/>\t\t\t\t\t<\/a><\/p>\n","protected":false},"excerpt":{"rendered":"Romain Perraud, lat\u00e9ral de Lille (AFP) En seizi\u00e8me de finale de Coupe de France contre l&rsquo;OL, Lille devra&hellip;\n","protected":false},"author":2,"featured_media":643988,"comment_status":"","ping_status":"","sticky":false,"template":"","format":"standard","meta":{"footnotes":""},"categories":[2815],"tags":[1111,11,83,1777,674,1011,27,811,1307,12,241,978,25],"class_list":{"0":"post-643987","1":"post","2":"type-post","3":"status-publish","4":"format-standard","5":"has-post-thumbnail","7":"category-lille","8":"tag-actu","9":"tag-actualites","10":"tag-coupe-de-france","11":"tag-eu","12":"tag-europe","13":"tag-fr","14":"tag-france","15":"tag-hauts-de-france","16":"tag-lille","17":"tag-news","18":"tag-ol","19":"tag-olympique-lyonnais","20":"tag-republique-francaise"},"share_on_mastodon":{"url":"https:\/\/pubeurope.com\/@fr\/115846235074945895","error":""},"_links":{"self":[{"href":"https:\/\/www.europesays.com\/fr\/wp-json\/wp\/v2\/posts\/643987","targetHints":{"allow":["GET"]}}],"collection":[{"href":"https:\/\/www.europesays.com\/fr\/wp-json\/wp\/v2\/posts"}],"about":[{"href":"https:\/\/www.europesays.com\/fr\/wp-json\/wp\/v2\/types\/post"}],"author":[{"embeddable":true,"href":"https:\/\/www.europesays.com\/fr\/wp-json\/wp\/v2\/users\/2"}],"replies":[{"embeddable":true,"href":"https:\/\/www.europesays.com\/fr\/wp-json\/wp\/v2\/comments?post=643987"}],"version-history":[{"count":0,"href":"https:\/\/www.europesays.com\/fr\/wp-json\/wp\/v2\/posts\/643987\/revisions"}],"wp:featuredmedia":[{"embeddable":true,"href":"https:\/\/www.europesays.com\/fr\/wp-json\/wp\/v2\/media\/643988"}],"wp:attachment":[{"href":"https:\/\/www.europesays.com\/fr\/wp-json\/wp\/v2\/media?parent=643987"}],"wp:term":[{"taxonomy":"category","embeddable":true,"href":"https:\/\/www.europesays.com\/fr\/wp-json\/wp\/v2\/categories?post=643987"},{"taxonomy":"post_tag","embeddable":true,"href":"https:\/\/www.europesays.com\/fr\/wp-json\/wp\/v2\/tags?post=643987"}],"curies":[{"name":"wp","href":"https:\/\/api.w.org\/{rel}","templated":true}]}}